{"id":32882,"date":"2009-06-30T05:55:39","date_gmt":"2009-06-30T03:55:39","guid":{"rendered":"http:\/\/www.schoene-nachrichten.de\/?p=32882"},"modified":"2009-06-30T06:52:06","modified_gmt":"2009-06-30T04:52:06","slug":"besten-kinderbuecher-im-sommer-2009-lesehits-ausgesucht-von-kindern-fuer-kinder","status":"publish","type":"post","link":"https:\/\/www.fuldaernachrichten.de\/?p=32882","title":{"rendered":"\u201eBESTEN KINDERB\u00dcCHER im Sommer 2009\u201c &#8211; Lesehits &#8211; ausgesucht von Kindern f\u00fcr Kinder"},"content":{"rendered":"<p><strong>Fulda. <\/strong>Der Leseclub \u201eDie B\u00fccherfresser\u201c, ein Kooperationsprojekt der Centralb\u00fccherei und der Kinder-Akademie Fulda, l\u00e4d am Freitag, den 3. Juli 2009, um 18.00 Uhr in die Kinder-Akademie Fulda ein. <!--more--><\/p>\n<p><strong>Diskussion und Beurteilung<\/strong><\/p>\n<p>Im M\u00e4rz 2009 wurden von den Mitgliedern des Leseclubs (im Alter von 10 bis 12 Jahren) 22 B\u00fccher aus den Novit\u00e4tenprospekten der Kinder- und Jugendbuchverlage ausgesucht und seither von ihnen gelesen, hei\u00df diskutiert und beurteilt.<\/p>\n<p>Am Montag, den 29. Juli 2009, wird in der Centralb\u00fccherei die Entscheidung fallen: Die Leseclub-Mitglieder w\u00e4hlen aus den 22 von ihnen gelesenen B\u00fcchern die \u201eBESTEN KINDERB\u00dcCHER im Sommer 2009\u201c aus.<\/p>\n<p>Die ausgew\u00e4hlten B\u00fccher werden am 3. Juli 2009 in der Kinder-Akademie Fulda von\u00c2\u00a0 den Leseclub-Teilnehmern pr\u00e4sentiert. Auch die Rezensionen der 22 gelesenen B\u00fccher, die die Leseclub-Kinder eigens verfasst haben, werden an diesem Abend vorgestellt und k\u00f6nnen mitgenommen werden. Alle B\u00fccher des Leseclubs sind in der Kinder-Akademie Fulda an diesem Abend ausgestellt und k\u00f6nnen intensiv begutachtet werden<\/p>\n","protected":false},"excerpt":{"rendered":"<div class=\"tmnf_excerpt\"><p>Fulda. Der Leseclub \u201eDie B\u00fccherfresser\u201c, ein Kooperationsprojekt der Centralb\u00fccherei und der Kinder-Akademie Fulda, l\u00e4d am Freitag, den 3. Juli 2009, um 18.00 Uhr in die Kinder-Akademie Fulda ein.<\/p>\n<\/div>","protected":false},"author":1,"featured_media":0,"comment_status":"closed","ping_status":"closed","sticky":false,"template":"","format":"standard","meta":{"footnotes":""},"categories":[1,53,72],"tags":[],"class_list":["post-32882","post","type-post","status-publish","format-standard","hentry","category-startseite","category-bildung","category-jugend"],"_links":{"self":[{"href":"https:\/\/www.fuldaernachrichten.de\/index.php?rest_route=\/wp\/v2\/posts\/32882","targetHints":{"allow":["GET"]}}],"collection":[{"href":"https:\/\/www.fuldaernachrichten.de\/index.php?rest_route=\/wp\/v2\/posts"}],"about":[{"href":"https:\/\/www.fuldaernachrichten.de\/index.php?rest_route=\/wp\/v2\/types\/post"}],"author":[{"embeddable":true,"href":"https:\/\/www.fuldaernachrichten.de\/index.php?rest_route=\/wp\/v2\/users\/1"}],"replies":[{"embeddable":true,"href":"https:\/\/www.fuldaernachrichten.de\/index.php?rest_route=%2Fwp%2Fv2%2Fcomments&post=32882"}],"version-history":[{"count":4,"href":"https:\/\/www.fuldaernachrichten.de\/index.php?rest_route=\/wp\/v2\/posts\/32882\/revisions"}],"predecessor-version":[{"id":32905,"href":"https:\/\/www.fuldaernachrichten.de\/index.php?rest_route=\/wp\/v2\/posts\/32882\/revisions\/32905"}],"wp:attachment":[{"href":"https:\/\/www.fuldaernachrichten.de\/index.php?rest_route=%2Fwp%2Fv2%2Fmedia&parent=32882"}],"wp:term":[{"taxonomy":"category","embeddable":true,"href":"https:\/\/www.fuldaernachrichten.de\/index.php?rest_route=%2Fwp%2Fv2%2Fcategories&post=32882"},{"taxonomy":"post_tag","embeddable":true,"href":"https:\/\/www.fuldaernachrichten.de\/index.php?rest_route=%2Fwp%2Fv2%2Ftags&post=32882"}],"curies":[{"name":"wp","href":"https:\/\/api.w.org\/{rel}","templated":true}]}}