{"id":32852,"date":"2009-06-30T06:29:22","date_gmt":"2009-06-30T04:29:22","guid":{"rendered":"http:\/\/www.schoene-nachrichten.de\/?p=32852"},"modified":"2009-06-30T06:56:29","modified_gmt":"2009-06-30T04:56:29","slug":"kva-von-mittwoch-bis-freitag-geschlossen-servicestelle-erreichbar","status":"publish","type":"post","link":"https:\/\/www.fuldaernachrichten.de\/?p=32852","title":{"rendered":"KVA von MIttwoch bis Freitag geschlossen &#8211; Servicestelle erreichbar"},"content":{"rendered":"<p><strong>Vogelsbergkreis. <\/strong>Die Leistungssachbearbeitung in der Kommunalen Vermittlungsagentur (KVA) bleibt von Mittwoch, 1.Juli, bis Freitag, 3. Juli ganzt\u00e4gig f\u00fcr den Publikumsverkehr geschlossen. Darauf macht die Kreispressestelle aufmerksam. Grund sind Fortbildungsma\u00dfnahmen und EDV-Umstellungsarbeiten. Die beiden Servicestellen in Alsfeld und Lauterbach und die pers\u00f6nlichen Ansprechpartner (Vermittler) der KVA stehen w\u00e4hrend der Dienstzeiten zur Verf\u00fcgung.<\/p>\n","protected":false},"excerpt":{"rendered":"<div class=\"tmnf_excerpt\"><p>Vogelsbergkreis. Die Leistungssachbearbeitung in der Kommunalen Vermittlungsagentur (KVA) bleibt von Mittwoch, 1.Juli, bis Freitag, 3. Juli ganzt\u00e4gig f\u00fcr den Publikumsverkehr geschlossen. Darauf macht die Kreispressestelle aufmerksam. Grund sind Fortbildungsma\u00dfnahmen und EDV-Umstellungsarbeiten. Die beiden Servicestellen in Alsfeld und Lauterbach und die pers\u00f6nlichen Ansprechpartner (Vermittler) der KVA stehen w\u00e4hrend der Dienstzeiten zur Verf\u00fcgung.<\/p>\n<\/div>","protected":false},"author":1,"featured_media":0,"comment_status":"closed","ping_status":"closed","sticky":false,"template":"","format":"standard","meta":{"footnotes":""},"categories":[1,53,29],"tags":[],"class_list":["post-32852","post","type-post","status-publish","format-standard","hentry","category-startseite","category-bildung","category-politik"],"_links":{"self":[{"href":"https:\/\/www.fuldaernachrichten.de\/index.php?rest_route=\/wp\/v2\/posts\/32852","targetHints":{"allow":["GET"]}}],"collection":[{"href":"https:\/\/www.fuldaernachrichten.de\/index.php?rest_route=\/wp\/v2\/posts"}],"about":[{"href":"https:\/\/www.fuldaernachrichten.de\/index.php?rest_route=\/wp\/v2\/types\/post"}],"author":[{"embeddable":true,"href":"https:\/\/www.fuldaernachrichten.de\/index.php?rest_route=\/wp\/v2\/users\/1"}],"replies":[{"embeddable":true,"href":"https:\/\/www.fuldaernachrichten.de\/index.php?rest_route=%2Fwp%2Fv2%2Fcomments&post=32852"}],"version-history":[{"count":3,"href":"https:\/\/www.fuldaernachrichten.de\/index.php?rest_route=\/wp\/v2\/posts\/32852\/revisions"}],"predecessor-version":[{"id":32915,"href":"https:\/\/www.fuldaernachrichten.de\/index.php?rest_route=\/wp\/v2\/posts\/32852\/revisions\/32915"}],"wp:attachment":[{"href":"https:\/\/www.fuldaernachrichten.de\/index.php?rest_route=%2Fwp%2Fv2%2Fmedia&parent=32852"}],"wp:term":[{"taxonomy":"category","embeddable":true,"href":"https:\/\/www.fuldaernachrichten.de\/index.php?rest_route=%2Fwp%2Fv2%2Fcategories&post=32852"},{"taxonomy":"post_tag","embeddable":true,"href":"https:\/\/www.fuldaernachrichten.de\/index.php?rest_route=%2Fwp%2Fv2%2Ftags&post=32852"}],"curies":[{"name":"wp","href":"https:\/\/api.w.org\/{rel}","templated":true}]}}