{"id":3268,"date":"2007-05-24T21:00:43","date_gmt":"2007-05-24T19:00:43","guid":{"rendered":"http:\/\/www.schoene-nachrichten.de\/?p=3268"},"modified":"2007-05-24T21:02:26","modified_gmt":"2007-05-24T19:02:26","slug":"papst-gruesst-missio-verantwortliche-dioezesandirektor-lamza-in-rom","status":"publish","type":"post","link":"https:\/\/www.fuldaernachrichten.de\/?p=3268","title":{"rendered":"Papst gr\u00fc\u00dft missio-Verantwortliche \u2013 Di\u00f6zesandirektor Lamza in Rom"},"content":{"rendered":"<p><a rel=\"lightbox[roadtrip]\" target=\"_blank\" href=\"http:\/\/www.schoene-nachrichten.de\/wp-content\/uploads\/2007\/05\/070524_missio1.jpg\" title=\"070524_missio1.jpg\"><img decoding=\"async\" align=\"left\" src=\"http:\/\/www.schoene-nachrichten.de\/wp-content\/uploads\/2007\/05\/070524_missio1.thumbnail.jpg\" hspace=\"5\" alt=\"070524_missio1.jpg\" \/><\/a><strong>Sch\u00f6nes aus Fulda.<\/strong> Mit einem besonderen Gru\u00df hat sich Papst Benedikt XVI. am vergangenen Sonntag an eine 35k\u00f6pfige missio-Delegation gewandt, zu der auch der Fuldaer missio-Di\u00f6zesandirektor Pr\u00e4lat Dr. Lucian Lamza geh\u00f6rte.<\/p>\n<p><!--more-->In einem Gru\u00dfwort beim mitt\u00e4glichen Angelusgebet betonte der Heilige Vater den Missionsauftrag der Kirche: \u201eChristus hat seine J\u00fcnger ausgesandt, um die Liebe Gottes in der Welt zu verbreiten.\u201c Die Mitglieder der Leitungsgremien von missio hatten Gespr\u00e4che mit Kardinal Walter Kasper, Pr\u00e4fekt des P\u00e4pstlichen Rates zur F\u00f6rderung der Einheit der Christen, sowie mit Kardinal Ivan Dias, dem Leiter der Kongregation f\u00fcr die Evangelisierung der V\u00f6lker.<\/p>\n<p>Ziel der gemeinsamen Pilgerreise sei zudem die engere Zusammenarbeit von missio M\u00fcnchen und missio Aachen, betonten die missio-Pr\u00e4sidenten P. Hermann Schal\u00fcck OFM und P. Eric Englert OSA.Das Internationale Katholische Missionswerk missio unterst\u00fctzt die katholische Kirche in mehr als 160 Partnerl\u00e4ndern in Afrika, Asien und Ozeanien, insbesondere durch die Ausbildung kirchlicher Mitarbeiter und Mitarbeiterinnen.<\/p>\n<p>In mehr als 2.000 Projekten finanziert missio zudem den Aufbau der kirchlichen Infrastrukturen, damit Menschen sich treffen und ihren Glauben miteinander teilen k\u00f6nnen. Die internationale missionarische Bewegung hat in Deutschland rund 300.000 Mitglieder. Zum Grundauftrag von missio geh\u00f6ren qualifizierte Bildungs- und Informationsangebote zu weltkirchlichen Fragestellungen in Deutschland.<\/p>\n<p>Zum Bild: 2. Reihe, dritter von rechts: Pr\u00e4lat Lucian Lamza<\/p>\n","protected":false},"excerpt":{"rendered":"<div class=\"tmnf_excerpt\"><p>Sch\u00f6nes aus Fulda. Mit einem besonderen Gru\u00df hat sich Papst Benedikt XVI. am vergangenen Sonntag an eine 35k\u00f6pfige missio-Delegation gewandt, zu der auch der Fuldaer missio-Di\u00f6zesandirektor Pr\u00e4lat Dr. Lucian Lamza geh\u00f6rte.<\/p>\n<\/div>","protected":false},"author":1,"featured_media":0,"comment_status":"closed","ping_status":"closed","sticky":false,"template":"","format":"standard","meta":{"footnotes":""},"categories":[1,50],"tags":[],"class_list":["post-3268","post","type-post","status-publish","format-standard","hentry","category-startseite","category-kirche"],"_links":{"self":[{"href":"https:\/\/www.fuldaernachrichten.de\/index.php?rest_route=\/wp\/v2\/posts\/3268","targetHints":{"allow":["GET"]}}],"collection":[{"href":"https:\/\/www.fuldaernachrichten.de\/index.php?rest_route=\/wp\/v2\/posts"}],"about":[{"href":"https:\/\/www.fuldaernachrichten.de\/index.php?rest_route=\/wp\/v2\/types\/post"}],"author":[{"embeddable":true,"href":"https:\/\/www.fuldaernachrichten.de\/index.php?rest_route=\/wp\/v2\/users\/1"}],"replies":[{"embeddable":true,"href":"https:\/\/www.fuldaernachrichten.de\/index.php?rest_route=%2Fwp%2Fv2%2Fcomments&post=3268"}],"version-history":[{"count":0,"href":"https:\/\/www.fuldaernachrichten.de\/index.php?rest_route=\/wp\/v2\/posts\/3268\/revisions"}],"wp:attachment":[{"href":"https:\/\/www.fuldaernachrichten.de\/index.php?rest_route=%2Fwp%2Fv2%2Fmedia&parent=3268"}],"wp:term":[{"taxonomy":"category","embeddable":true,"href":"https:\/\/www.fuldaernachrichten.de\/index.php?rest_route=%2Fwp%2Fv2%2Fcategories&post=3268"},{"taxonomy":"post_tag","embeddable":true,"href":"https:\/\/www.fuldaernachrichten.de\/index.php?rest_route=%2Fwp%2Fv2%2Ftags&post=3268"}],"curies":[{"name":"wp","href":"https:\/\/api.w.org\/{rel}","templated":true}]}}