{"id":32648,"date":"2009-06-27T06:21:02","date_gmt":"2009-06-27T04:21:02","guid":{"rendered":"http:\/\/www.schoene-nachrichten.de\/?p=32648"},"modified":"2009-06-26T07:22:40","modified_gmt":"2009-06-26T05:22:40","slug":"biosphaerenreservat-zu-gast-in-der-gemeinde-poppenhausen","status":"publish","type":"post","link":"https:\/\/www.fuldaernachrichten.de\/?p=32648","title":{"rendered":"Biosph\u00e4renreservat zu Gast in der Gemeinde Poppenhausen"},"content":{"rendered":"<p><a href=\"http:\/\/www.schoene-nachrichten.de\/wp-content\/uploads\/2009\/06\/280-BRAusstellung-Poppenhausen.jpg\"><img decoding=\"async\" class=\"alignleft size-thumbnail wp-image-32649\" title=\"280-BRAusstellung-Poppenhausen\" src=\"http:\/\/www.schoene-nachrichten.de\/wp-content\/uploads\/2009\/06\/280-BRAusstellung-Poppenhausen-265x176.jpg\" alt=\"280-BRAusstellung-Poppenhausen\" width=\"265\" height=\"176\" srcset=\"https:\/\/www.fuldaernachrichten.de\/wp-content\/uploads\/2009\/06\/280-BRAusstellung-Poppenhausen-265x176.jpg 265w, https:\/\/www.fuldaernachrichten.de\/wp-content\/uploads\/2009\/06\/280-BRAusstellung-Poppenhausen.jpg 592w\" sizes=\"(max-width: 265px) 100vw, 265px\" \/><\/a>Poppenhausen. Die Ausstellung \u201eBiosph\u00e4renreservat Rh\u00f6n \u2013 unser Weg in die Zukunft\u201c wird noch bis zum 30. Juni im Rathaus der Gemeinde Poppenhausen, von Steinr\u00fcck-Platz 1, zu den normalen B\u00fcrozeiten gezeigt. B\u00fcrgermeister Manfred Helfrich und Martin Kremer von der hessischen Verwaltungsstelle des Biosph\u00e4renreservat Rh\u00f6n hatten die Ausstellungser\u00f6ffnung vorgenommen.<!--more--><br \/>\nDie l\u00e4nder\u00fcbergreifende Ausstellung spannt den Bogen vom Auftrag der UNESCO zur Ausweisung von Biosph\u00e4renreservaten bis zu den Zielsetzungen, Aufgaben und Projekten des Biosph\u00e4renreservats Rh\u00f6n. Manfred Helfrich machte im Rahmen der Vernissage deutlich, dass mit der Verleihung des Pr\u00e4dikats \u201eBiosph\u00e4renreservat\u201c die Region geadelt worden sei. Nach seiner Einsch\u00e4tzung habe sich seither viel getan, um Mensch, Natur und Umwelt in Einklang zu bringen und die Rh\u00f6n weiter zu entwickeln. Helfrich verwies auf zahlreiche Initiativen und Projekte, die gestartet, bearbeitet und abgeschlossen wurden. Helfrich: \u201eWir haben die Aufgabe, die Idee des Biosph\u00e4renreservats wach zu halten. Denn letztlich h\u00e4ngt der Erfolg der Initiative insbesondere auch davon ab, dass m\u00f6glichst viele Menschen mitmachen. Daher ist diese Ausstellung zum einen eine Zwischenbilanz, zum anderen soll sie Antrieb und Motivation sein, weiter zu machen.\u201c<\/p>\n<p>Die Organisatoren hoffen, dass es mit der Ausstellung gelingt, sowohl die einheimische Bev\u00f6lkerung als auch G\u00e4ste der Natursportgemeinde Poppenhausen f\u00fcr die Belange des Biosph\u00e4renreservats Rh\u00f6n zu sensibilisieren. Inhaltlich arbeitet die Ausstellung Themen wie die einzigartige Kulturlandschaft und die Vielfalt der Lebensr\u00e4ume, aber auch Beispiele f\u00fcr eine nachhaltige Regionalentwicklung auf. Eines soll aber auch deutlich werden: das \u201eHaus Biosph\u00e4renreservat Rh\u00f6n\u201c ist noch nicht fertig gebaut. Viele Aufgaben warten und viele H\u00e4nde sind erforderlich, dass dieses \u201eHaus\u201c auch in Zukunft stabil bleibt. B\u00fcrgermeister Manfred Helfrich brachte es auf den Punkt: \u201eM\u00f6gen die Menschen die Idee des Biosph\u00e4renreservats jetzt und in Zukunft erkennen, begreifen und leben.\u201c<\/p>\n","protected":false},"excerpt":{"rendered":"<div class=\"tmnf_excerpt\"><p>Poppenhausen. Die Ausstellung \u201eBiosph\u00e4renreservat Rh\u00f6n \u2013 unser Weg in die Zukunft\u201c wird noch bis zum 30. Juni im Rathaus der Gemeinde Poppenhausen, von Steinr\u00fcck-Platz 1, zu den normalen B\u00fcrozeiten gezeigt. B\u00fcrgermeister Manfred Helfrich und Martin Kremer von der hessischen Verwaltungsstelle des Biosph\u00e4renreservat Rh\u00f6n hatten die Ausstellungser\u00f6ffnung vorgenommen.<\/p>\n<\/div>","protected":false},"author":1,"featured_media":0,"comment_status":"closed","ping_status":"closed","sticky":false,"template":"","format":"standard","meta":{"footnotes":""},"categories":[1,44,29,52],"tags":[],"class_list":["post-32648","post","type-post","status-publish","format-standard","hentry","category-startseite","category-kultur","category-politik","category-umwelt"],"_links":{"self":[{"href":"https:\/\/www.fuldaernachrichten.de\/index.php?rest_route=\/wp\/v2\/posts\/32648","targetHints":{"allow":["GET"]}}],"collection":[{"href":"https:\/\/www.fuldaernachrichten.de\/index.php?rest_route=\/wp\/v2\/posts"}],"about":[{"href":"https:\/\/www.fuldaernachrichten.de\/index.php?rest_route=\/wp\/v2\/types\/post"}],"author":[{"embeddable":true,"href":"https:\/\/www.fuldaernachrichten.de\/index.php?rest_route=\/wp\/v2\/users\/1"}],"replies":[{"embeddable":true,"href":"https:\/\/www.fuldaernachrichten.de\/index.php?rest_route=%2Fwp%2Fv2%2Fcomments&post=32648"}],"version-history":[{"count":1,"href":"https:\/\/www.fuldaernachrichten.de\/index.php?rest_route=\/wp\/v2\/posts\/32648\/revisions"}],"predecessor-version":[{"id":32650,"href":"https:\/\/www.fuldaernachrichten.de\/index.php?rest_route=\/wp\/v2\/posts\/32648\/revisions\/32650"}],"wp:attachment":[{"href":"https:\/\/www.fuldaernachrichten.de\/index.php?rest_route=%2Fwp%2Fv2%2Fmedia&parent=32648"}],"wp:term":[{"taxonomy":"category","embeddable":true,"href":"https:\/\/www.fuldaernachrichten.de\/index.php?rest_route=%2Fwp%2Fv2%2Fcategories&post=32648"},{"taxonomy":"post_tag","embeddable":true,"href":"https:\/\/www.fuldaernachrichten.de\/index.php?rest_route=%2Fwp%2Fv2%2Ftags&post=32648"}],"curies":[{"name":"wp","href":"https:\/\/api.w.org\/{rel}","templated":true}]}}