{"id":3263,"date":"2007-05-24T00:20:37","date_gmt":"2007-05-23T22:20:37","guid":{"rendered":"http:\/\/www.schoene-nachrichten.de\/?p=3263"},"modified":"2008-12-15T13:13:59","modified_gmt":"2008-12-15T12:13:59","slug":"hospiz-st-elisabeth-zu-fulda-feierlich-eingeweiht","status":"publish","type":"post","link":"https:\/\/www.fuldaernachrichten.de\/?p=3263","title":{"rendered":"Hospiz St. Elisabeth zu Fulda feierlich eingeweiht"},"content":{"rendered":"<p><strong>Sch\u00f6nes aus Fulda.<\/strong> Mitte April hat das neue station\u00e4re Hospiz St. Elisabeth zu Fulda seinen Betrieb aufgenommen. Gestern wurde es feierlich er\u00f6ffnet und durch Bischof Heinz Josef Algermissen eingeweiht. Das Hospiz schlie\u00dft eine Versorgungsl\u00fccke im osthessischen Gesundheitsnetz, denn in der Einrichtung werden schwerstkranke und sterbende Menschen betreut, die nicht mehr im h\u00e4uslichen Umfeld gepflegt werden k\u00f6nnen.<\/p>\n<p><strong>Fotos (78) und Video:<\/strong> Max Colin Heydenreich<\/p>\n<p><strong>Video ansehen mit:<\/strong> <a target=\"_blank\" href=\"http:\/\/www.schoene-nachrichten.de\/wp-content\/uploads\/2007\/05\/070524_Hospiz.wmv\">Windows Media Player<\/a> oder <a target=\"_blank\" href=\"http:\/\/www.schoene-nachrichten.de\/Video\/070524_Hospiz.rmvb\">Real Media Player<\/a><\/p>\n<p><a rel=\"lightbox[roadtrip]\" target=\"_blank\" href=\"http:\/\/www.schoene-nachrichten.de\/wp-content\/uploads\/2007\/05\/070524_Hospiz_41.jpg\" title=\"Foto: Max Colin Heydenreich\"><img decoding=\"async\" width=\"128\" src=\"http:\/\/www.schoene-nachrichten.de\/wp-content\/uploads\/2007\/05\/070524_Hospiz_41.thumbnail.jpg\" alt=\"070524_Hospiz_41.jpg\" \/><\/a>\u00c2\u00a0<a rel=\"lightbox[roadtrip]\" target=\"_blank\" href=\"http:\/\/www.schoene-nachrichten.de\/wp-content\/uploads\/2007\/05\/070524_Hospiz_36.jpg\" title=\"Foto: Max Colin Heydenreich\"><img decoding=\"async\" width=\"128\" src=\"http:\/\/www.schoene-nachrichten.de\/wp-content\/uploads\/2007\/05\/070524_Hospiz_36.thumbnail.jpg\" alt=\"070524_Hospiz_36.jpg\" \/><\/a>\u00c2\u00a0<a rel=\"lightbox[roadtrip]\" target=\"_blank\" href=\"http:\/\/www.schoene-nachrichten.de\/wp-content\/uploads\/2007\/05\/070524_Hospiz_15.jpg\" title=\"Foto: Max Colin Heydenreich\"><img decoding=\"async\" width=\"128\" src=\"http:\/\/www.schoene-nachrichten.de\/wp-content\/uploads\/2007\/05\/070524_Hospiz_15.thumbnail.jpg\" alt=\"070524_Hospiz_15.jpg\" \/><\/a><\/p>\n<p><a rel=\"lightbox[roadtrip]\" target=\"_blank\" href=\"http:\/\/www.schoene-nachrichten.de\/wp-content\/uploads\/2007\/05\/070524_Hospiz_26.jpg\" title=\"Foto: Max Colin Heydenreich\"><img decoding=\"async\" width=\"128\" src=\"http:\/\/www.schoene-nachrichten.de\/wp-content\/uploads\/2007\/05\/070524_Hospiz_26.thumbnail.jpg\" alt=\"070524_Hospiz_26.jpg\" \/><\/a> <a rel=\"lightbox[roadtrip]\" target=\"_blank\" href=\"http:\/\/www.schoene-nachrichten.de\/wp-content\/uploads\/2007\/05\/070524_Hospiz_27.jpg\" title=\"Foto: Max Colin Heydenreich\"><img decoding=\"async\" width=\"128\" src=\"http:\/\/www.schoene-nachrichten.de\/wp-content\/uploads\/2007\/05\/070524_Hospiz_27.thumbnail.jpg\" alt=\"070524_Hospiz_27.jpg\" \/><\/a>\u00c2\u00a0<a rel=\"lightbox[roadtrip]\" target=\"_blank\" href=\"http:\/\/www.schoene-nachrichten.de\/wp-content\/uploads\/2007\/05\/070524_Hospiz_58.jpg\" title=\"Foto: Max Colin Heydenreich\"><img decoding=\"async\" width=\"128\" src=\"http:\/\/www.schoene-nachrichten.de\/wp-content\/uploads\/2007\/05\/070524_Hospiz_58.thumbnail.jpg\" alt=\"070524_Hospiz_58.jpg\" \/><\/a><\/p>\n<p><!--more-->Tr\u00e4ger des Hospizes ist die Hospiz St. Elisabeth zu Fulda gGmbH. Gesellschafter sind die Barmherzigen Schwestern vom Heiligen Vinzenz von Paul, der Malteser Hilfsdienst, der Caritasverband f\u00fcr die Di\u00f6zese Fulda, der Caritasverband f\u00fcr Stadt- und Landkreis Fulda sowie das Herz-Jesu-Krankenhaus in Fulda.<\/p>\n<p><a rel=\"lightbox[roadtrip]\" target=\"_blank\" href=\"http:\/\/www.schoene-nachrichten.de\/wp-content\/uploads\/2007\/05\/070524_Hospiz_01.jpg\" title=\"Foto: Max Colin Heydenreich\"><img decoding=\"async\" width=\"128\" src=\"http:\/\/www.schoene-nachrichten.de\/wp-content\/uploads\/2007\/05\/070524_Hospiz_01.thumbnail.jpg\" alt=\"070524_Hospiz_01.jpg\" \/><\/a> <a rel=\"lightbox[roadtrip]\" target=\"_blank\" href=\"http:\/\/www.schoene-nachrichten.de\/wp-content\/uploads\/2007\/05\/070524_Hospiz_02.jpg\" title=\"Foto: Max Colin Heydenreich\"><img decoding=\"async\" width=\"128\" src=\"http:\/\/www.schoene-nachrichten.de\/wp-content\/uploads\/2007\/05\/070524_Hospiz_02.thumbnail.jpg\" alt=\"070524_Hospiz_02.jpg\" \/><\/a> <a rel=\"lightbox[roadtrip]\" target=\"_blank\" href=\"http:\/\/www.schoene-nachrichten.de\/wp-content\/uploads\/2007\/05\/070524_Hospiz_03.jpg\" title=\"Foto: Max Colin Heydenreich\"><img decoding=\"async\" width=\"128\" src=\"http:\/\/www.schoene-nachrichten.de\/wp-content\/uploads\/2007\/05\/070524_Hospiz_03.thumbnail.jpg\" alt=\"070524_Hospiz_03.jpg\" \/><\/a><\/p>\n<p><a rel=\"lightbox[roadtrip]\" target=\"_blank\" href=\"http:\/\/www.schoene-nachrichten.de\/wp-content\/uploads\/2007\/05\/070524_Hospiz_04.jpg\" title=\"Foto: Max Colin Heydenreich\"><img decoding=\"async\" width=\"128\" src=\"http:\/\/www.schoene-nachrichten.de\/wp-content\/uploads\/2007\/05\/070524_Hospiz_04.thumbnail.jpg\" alt=\"070524_Hospiz_04.jpg\" \/><\/a> <a rel=\"lightbox[roadtrip]\" target=\"_blank\" href=\"http:\/\/www.schoene-nachrichten.de\/wp-content\/uploads\/2007\/05\/070524_Hospiz_05.jpg\" title=\"Foto: Max Colin Heydenreich\"><img decoding=\"async\" width=\"128\" src=\"http:\/\/www.schoene-nachrichten.de\/wp-content\/uploads\/2007\/05\/070524_Hospiz_05.thumbnail.jpg\" alt=\"070524_Hospiz_05.jpg\" \/><\/a> <a rel=\"lightbox[roadtrip]\" target=\"_blank\" href=\"http:\/\/www.schoene-nachrichten.de\/wp-content\/uploads\/2007\/05\/070524_Hospiz_06.jpg\" title=\"Foto: Max Colin Heydenreich\"><img decoding=\"async\" width=\"128\" src=\"http:\/\/www.schoene-nachrichten.de\/wp-content\/uploads\/2007\/05\/070524_Hospiz_06.thumbnail.jpg\" alt=\"070524_Hospiz_06.jpg\" \/><\/a><\/p>\n<p>Bei einem\u00c2\u00a0Gottesdienst in der Kapelle des Herz-Jesu-Krankenhauses dankte Bischof Algermissen den Gesellschaftern f\u00fcr die Erm\u00f6glichung des Hospizes. N\u00e4chstenliebe und Solidarit\u00e4t seien die Motive der neuen Einrichtung. \u201eHelligkeit und Freundlichkeit pr\u00e4gen dieses Haus und nicht Trauer und Tristesse\u201c, sagte der Bischof. Sterbende Menschen erf\u00fchren dort in ihrer schwersten Lebensphase eine so intensive Zuwendung, wie sie in Krankenh\u00e4usern nicht zu leisten sei.<\/p>\n<p><a rel=\"lightbox[roadtrip]\" target=\"_blank\" href=\"http:\/\/www.schoene-nachrichten.de\/wp-content\/uploads\/2007\/05\/070524_Hospiz_07.jpg\" title=\"Foto: Max Colin Heydenreich\"><img decoding=\"async\" width=\"128\" src=\"http:\/\/www.schoene-nachrichten.de\/wp-content\/uploads\/2007\/05\/070524_Hospiz_07.thumbnail.jpg\" alt=\"070524_Hospiz_07.jpg\" \/><\/a> <a rel=\"lightbox[roadtrip]\" target=\"_blank\" href=\"http:\/\/www.schoene-nachrichten.de\/wp-content\/uploads\/2007\/05\/070524_Hospiz_08.jpg\" title=\"Foto: Max Colin Heydenreich\"><img decoding=\"async\" width=\"128\" src=\"http:\/\/www.schoene-nachrichten.de\/wp-content\/uploads\/2007\/05\/070524_Hospiz_08.thumbnail.jpg\" alt=\"070524_Hospiz_08.jpg\" \/><\/a> <a rel=\"lightbox[roadtrip]\" target=\"_blank\" href=\"http:\/\/www.schoene-nachrichten.de\/wp-content\/uploads\/2007\/05\/070524_Hospiz_09.jpg\" title=\"Foto: Max Colin Heydenreich\"><img decoding=\"async\" width=\"128\" src=\"http:\/\/www.schoene-nachrichten.de\/wp-content\/uploads\/2007\/05\/070524_Hospiz_09.thumbnail.jpg\" alt=\"070524_Hospiz_09.jpg\" \/><\/a><\/p>\n<p><a rel=\"lightbox[roadtrip]\" target=\"_blank\" href=\"http:\/\/www.schoene-nachrichten.de\/wp-content\/uploads\/2007\/05\/070524_Hospiz_10.jpg\" title=\"Foto: Max Colin Heydenreich\"><img decoding=\"async\" width=\"128\" src=\"http:\/\/www.schoene-nachrichten.de\/wp-content\/uploads\/2007\/05\/070524_Hospiz_10.thumbnail.jpg\" alt=\"070524_Hospiz_10.jpg\" \/><\/a> <a rel=\"lightbox[roadtrip]\" target=\"_blank\" href=\"http:\/\/www.schoene-nachrichten.de\/wp-content\/uploads\/2007\/05\/070524_Hospiz_11.jpg\" title=\"Foto: Max Colin Heydenreich\"><img decoding=\"async\" width=\"128\" src=\"http:\/\/www.schoene-nachrichten.de\/wp-content\/uploads\/2007\/05\/070524_Hospiz_11.thumbnail.jpg\" alt=\"070524_Hospiz_11.jpg\" \/><\/a> <a rel=\"lightbox[roadtrip]\" target=\"_blank\" href=\"http:\/\/www.schoene-nachrichten.de\/wp-content\/uploads\/2007\/05\/070524_Hospiz_12.jpg\" title=\"Foto: Max Colin Heydenreich\"><img decoding=\"async\" width=\"128\" src=\"http:\/\/www.schoene-nachrichten.de\/wp-content\/uploads\/2007\/05\/070524_Hospiz_12.thumbnail.jpg\" alt=\"070524_Hospiz_12.jpg\" \/><\/a><\/p>\n<p>\u201eIch bin dankbar und froh, dass die alte christliche Tradition der Sterbebegleitung wieder auflebt, dass die Begrenztheit unseres Lebens uns wieder mehr bewusst wird in einer Welt der Oberfl\u00e4chlichkeit, des Machbarkeitwahns und der Verdr\u00e4ngung\u201c, so Algermissen. Er erinnerte an Cicely Saunders, die vor 60 Jahren den Grundstein f\u00fcr die moderne Hospizbewegung legte. Algermissen: \u201eDie Erfahrung zeigt, dass bei einem gut ausgebauten Angebot an liebevoller Sterbebegleitung der Wunsch nach der so genannten aktiven Sterbehilfe kaum noch auftaucht.\u201c<\/p>\n<p><a rel=\"lightbox[roadtrip]\" target=\"_blank\" href=\"http:\/\/www.schoene-nachrichten.de\/wp-content\/uploads\/2007\/05\/070524_Hospiz_13.jpg\" title=\"Foto: Max Colin Heydenreich\"><img decoding=\"async\" width=\"128\" src=\"http:\/\/www.schoene-nachrichten.de\/wp-content\/uploads\/2007\/05\/070524_Hospiz_13.thumbnail.jpg\" alt=\"070524_Hospiz_13.jpg\" \/><\/a> <a rel=\"lightbox[roadtrip]\" target=\"_blank\" href=\"http:\/\/www.schoene-nachrichten.de\/wp-content\/uploads\/2007\/05\/070524_Hospiz_14.jpg\" title=\"Foto: Max Colin Heydenreich\"><img decoding=\"async\" width=\"128\" src=\"http:\/\/www.schoene-nachrichten.de\/wp-content\/uploads\/2007\/05\/070524_Hospiz_14.thumbnail.jpg\" alt=\"070524_Hospiz_14.jpg\" \/><\/a> <a rel=\"lightbox[roadtrip]\" target=\"_blank\" href=\"http:\/\/www.schoene-nachrichten.de\/wp-content\/uploads\/2007\/05\/070524_Hospiz_16.jpg\" title=\"Foto: Max Colin Heydenreich\"><img decoding=\"async\" width=\"128\" src=\"http:\/\/www.schoene-nachrichten.de\/wp-content\/uploads\/2007\/05\/070524_Hospiz_16.thumbnail.jpg\" alt=\"070524_Hospiz_16.jpg\" \/><\/a><\/p>\n<p><a rel=\"lightbox[roadtrip]\" target=\"_blank\" href=\"http:\/\/www.schoene-nachrichten.de\/wp-content\/uploads\/2007\/05\/070524_Hospiz_17.jpg\" title=\"Foto: Max Colin Heydenreich\"><img decoding=\"async\" width=\"128\" src=\"http:\/\/www.schoene-nachrichten.de\/wp-content\/uploads\/2007\/05\/070524_Hospiz_17.thumbnail.jpg\" alt=\"070524_Hospiz_17.jpg\" \/><\/a> <a rel=\"lightbox[roadtrip]\" target=\"_blank\" href=\"http:\/\/www.schoene-nachrichten.de\/wp-content\/uploads\/2007\/05\/070524_Hospiz_18.jpg\" title=\"Foto: Max Colin Heydenreich\"><img decoding=\"async\" width=\"128\" src=\"http:\/\/www.schoene-nachrichten.de\/wp-content\/uploads\/2007\/05\/070524_Hospiz_18.thumbnail.jpg\" alt=\"070524_Hospiz_18.jpg\" \/><\/a>\u00c2\u00a0<a rel=\"lightbox[roadtrip]\" target=\"_blank\" href=\"http:\/\/www.schoene-nachrichten.de\/wp-content\/uploads\/2007\/05\/070524_Hospiz_19.jpg\" title=\"Foto: Max Colin Heydenreich\"><img decoding=\"async\" width=\"128\" src=\"http:\/\/www.schoene-nachrichten.de\/wp-content\/uploads\/2007\/05\/070524_Hospiz_19.thumbnail.jpg\" alt=\"070524_Hospiz_19.jpg\" \/><\/a><\/p>\n<p>Nach dem Gottesdienst fanden die Segnung der Hospizr\u00e4ume durch den Bischof und ein Festakt im Foyer des Herz-Jesu-Krankenhauses statt. Die Festansprache hielt Staatsministerin Silke Lautenschl\u00e4ger. \u201eDie Sterbebegleitung\u201c, so die Ministerin, \u201eleistet einen unsch\u00e4tzbaren Beitrag f\u00fcr ein menschenw\u00fcrdiges Leben bis zuletzt\u201c.<\/p>\n<p><a rel=\"lightbox[roadtrip]\" target=\"_blank\" href=\"http:\/\/www.schoene-nachrichten.de\/wp-content\/uploads\/2007\/05\/070524_Hospiz_20.jpg\" title=\"Foto: Max Colin Heydenreich\"><img decoding=\"async\" width=\"128\" src=\"http:\/\/www.schoene-nachrichten.de\/wp-content\/uploads\/2007\/05\/070524_Hospiz_20.thumbnail.jpg\" alt=\"070524_Hospiz_20.jpg\" \/><\/a> <a rel=\"lightbox[roadtrip]\" target=\"_blank\" href=\"http:\/\/www.schoene-nachrichten.de\/wp-content\/uploads\/2007\/05\/070524_Hospiz_21.jpg\" title=\"Foto: Max Colin Heydenreich\"><img decoding=\"async\" width=\"128\" src=\"http:\/\/www.schoene-nachrichten.de\/wp-content\/uploads\/2007\/05\/070524_Hospiz_21.thumbnail.jpg\" alt=\"070524_Hospiz_21.jpg\" \/><\/a>\u00c2\u00a0<a rel=\"lightbox[roadtrip]\" target=\"_blank\" href=\"http:\/\/www.schoene-nachrichten.de\/wp-content\/uploads\/2007\/05\/070524_Hospiz_22.jpg\" title=\"Foto: Max Colin Heydenreich\"><img decoding=\"async\" width=\"128\" src=\"http:\/\/www.schoene-nachrichten.de\/wp-content\/uploads\/2007\/05\/070524_Hospiz_22.thumbnail.jpg\" alt=\"070524_Hospiz_22.jpg\" \/><\/a><\/p>\n<p><a rel=\"lightbox[roadtrip]\" target=\"_blank\" href=\"http:\/\/www.schoene-nachrichten.de\/wp-content\/uploads\/2007\/05\/070524_Hospiz_23.jpg\" title=\"Foto: Max Colin Heydenreich\"><img decoding=\"async\" width=\"128\" src=\"http:\/\/www.schoene-nachrichten.de\/wp-content\/uploads\/2007\/05\/070524_Hospiz_23.thumbnail.jpg\" alt=\"070524_Hospiz_23.jpg\" \/><\/a> <a rel=\"lightbox[roadtrip]\" target=\"_blank\" href=\"http:\/\/www.schoene-nachrichten.de\/wp-content\/uploads\/2007\/05\/070524_Hospiz_24.jpg\" title=\"Foto: Max Colin Heydenreich\"><img decoding=\"async\" width=\"128\" src=\"http:\/\/www.schoene-nachrichten.de\/wp-content\/uploads\/2007\/05\/070524_Hospiz_24.thumbnail.jpg\" alt=\"070524_Hospiz_24.jpg\" \/><\/a>\u00c2\u00a0<a rel=\"lightbox[roadtrip]\" target=\"_blank\" href=\"http:\/\/www.schoene-nachrichten.de\/wp-content\/uploads\/2007\/05\/070524_Hospiz_25.jpg\" title=\"Foto: Max Colin Heydenreich\"><img decoding=\"async\" width=\"128\" src=\"http:\/\/www.schoene-nachrichten.de\/wp-content\/uploads\/2007\/05\/070524_Hospiz_25.thumbnail.jpg\" alt=\"070524_Hospiz_25.jpg\" \/><\/a>\u00c2\u00a0<\/p>\n<p>Durch den Ausbau der ambulanten Hospizdienste, die Schaffung von Palliativ-Stationen in Krankenh\u00e4usern und die Entstehung station\u00e4rer Hospize sei die Sterbebegleitung in Hessen verbessert worden. \u201eMehr als 90 Prozent der Menschen w\u00fcnschen, zuhause zu sterben\u201c, betonte Lautenschl\u00e4ger. Die Realit\u00e4t sehe jedoch anders aus. Mehr als die H\u00e4lfte \u2013 rund 55 Prozent \u2013 sterben in Krankenh\u00e4usern, 30 Prozent in Alten- und Pflegeheimen und lediglich 10 Prozent zuhause. \u201eDie St\u00e4rkung der ambulanten Hospizarbeit und der palliativpflegerischen Versorgung ist vor diesem Hintergrund der richtige Weg.\u201c<\/p>\n<p><a rel=\"lightbox[roadtrip]\" target=\"_blank\" href=\"http:\/\/www.schoene-nachrichten.de\/wp-content\/uploads\/2007\/05\/070524_Hospiz_28.jpg\" title=\"Foto: Max Colin Heydenreich\"><img decoding=\"async\" width=\"128\" src=\"http:\/\/www.schoene-nachrichten.de\/wp-content\/uploads\/2007\/05\/070524_Hospiz_28.thumbnail.jpg\" alt=\"070524_Hospiz_28.jpg\" \/><\/a> <a rel=\"lightbox[roadtrip]\" target=\"_blank\" href=\"http:\/\/www.schoene-nachrichten.de\/wp-content\/uploads\/2007\/05\/070524_Hospiz_29.jpg\" title=\"Foto: Max Colin Heydenreich\"><img decoding=\"async\" width=\"128\" src=\"http:\/\/www.schoene-nachrichten.de\/wp-content\/uploads\/2007\/05\/070524_Hospiz_29.thumbnail.jpg\" alt=\"070524_Hospiz_29.jpg\" \/><\/a> <a rel=\"lightbox[roadtrip]\" target=\"_blank\" href=\"http:\/\/www.schoene-nachrichten.de\/wp-content\/uploads\/2007\/05\/070524_Hospiz_30.jpg\" title=\"Foto: Max Colin Heydenreich\"><img decoding=\"async\" width=\"128\" src=\"http:\/\/www.schoene-nachrichten.de\/wp-content\/uploads\/2007\/05\/070524_Hospiz_30.thumbnail.jpg\" alt=\"070524_Hospiz_30.jpg\" \/><\/a><\/p>\n<p><a rel=\"lightbox[roadtrip]\" target=\"_blank\" href=\"http:\/\/www.schoene-nachrichten.de\/wp-content\/uploads\/2007\/05\/070524_Hospiz_31.jpg\" title=\"Foto: Max Colin Heydenreich\"><img decoding=\"async\" width=\"128\" src=\"http:\/\/www.schoene-nachrichten.de\/wp-content\/uploads\/2007\/05\/070524_Hospiz_31.thumbnail.jpg\" alt=\"070524_Hospiz_31.jpg\" \/><\/a> <a rel=\"lightbox[roadtrip]\" target=\"_blank\" href=\"http:\/\/www.schoene-nachrichten.de\/wp-content\/uploads\/2007\/05\/070524_Hospiz_32.jpg\" title=\"Foto: Max Colin Heydenreich\"><img decoding=\"async\" width=\"128\" src=\"http:\/\/www.schoene-nachrichten.de\/wp-content\/uploads\/2007\/05\/070524_Hospiz_32.thumbnail.jpg\" alt=\"070524_Hospiz_32.jpg\" \/><\/a> <a rel=\"lightbox[roadtrip]\" target=\"_blank\" href=\"http:\/\/www.schoene-nachrichten.de\/wp-content\/uploads\/2007\/05\/070524_Hospiz_33.jpg\" title=\"Foto: Max Colin Heydenreich\"><img decoding=\"async\" width=\"128\" src=\"http:\/\/www.schoene-nachrichten.de\/wp-content\/uploads\/2007\/05\/070524_Hospiz_33.thumbnail.jpg\" alt=\"070524_Hospiz_33.jpg\" \/><\/a><\/p>\n<p>Das Hospiz St. Elisabeth zu Fulda kann bis zu acht G\u00e4ste aufnehmen. Ein Team aus Pflegekr\u00e4ften, Psychologen, Seelsorgern, \u00c4rzten und Therapeuten begleitet die Kranken, aber auch deren Familien und Freunde in der Phase des Abschiednehmens.<\/p>\n<p><a rel=\"lightbox[roadtrip]\" target=\"_blank\" href=\"http:\/\/www.schoene-nachrichten.de\/wp-content\/uploads\/2007\/05\/070524_Hospiz_34.jpg\" title=\"Foto: Max Colin Heydenreich\"><img decoding=\"async\" width=\"128\" src=\"http:\/\/www.schoene-nachrichten.de\/wp-content\/uploads\/2007\/05\/070524_Hospiz_34.thumbnail.jpg\" alt=\"070524_Hospiz_34.jpg\" \/><\/a> <a rel=\"lightbox[roadtrip]\" target=\"_blank\" href=\"http:\/\/www.schoene-nachrichten.de\/wp-content\/uploads\/2007\/05\/070524_Hospiz_35.jpg\" title=\"Foto: Max Colin Heydenreich\"><img decoding=\"async\" width=\"128\" src=\"http:\/\/www.schoene-nachrichten.de\/wp-content\/uploads\/2007\/05\/070524_Hospiz_35.thumbnail.jpg\" alt=\"070524_Hospiz_35.jpg\" \/><\/a> <a rel=\"lightbox[roadtrip]\" target=\"_blank\" href=\"http:\/\/www.schoene-nachrichten.de\/wp-content\/uploads\/2007\/05\/070524_Hospiz_37.jpg\" title=\"Foto: Max Colin Heydenreich\"><img decoding=\"async\" width=\"128\" src=\"http:\/\/www.schoene-nachrichten.de\/wp-content\/uploads\/2007\/05\/070524_Hospiz_37.thumbnail.jpg\" alt=\"070524_Hospiz_37.jpg\" \/><\/a><\/p>\n<p><a rel=\"lightbox[roadtrip]\" target=\"_blank\" href=\"http:\/\/www.schoene-nachrichten.de\/wp-content\/uploads\/2007\/05\/070524_Hospiz_38.jpg\" title=\"Foto: Max Colin Heydenreich\"><img decoding=\"async\" width=\"128\" src=\"http:\/\/www.schoene-nachrichten.de\/wp-content\/uploads\/2007\/05\/070524_Hospiz_38.thumbnail.jpg\" alt=\"070524_Hospiz_38.jpg\" \/><\/a> <a rel=\"lightbox[roadtrip]\" target=\"_blank\" href=\"http:\/\/www.schoene-nachrichten.de\/wp-content\/uploads\/2007\/05\/070524_Hospiz_39.jpg\" title=\"Foto: Max Colin Heydenreich\"><img decoding=\"async\" width=\"128\" src=\"http:\/\/www.schoene-nachrichten.de\/wp-content\/uploads\/2007\/05\/070524_Hospiz_39.thumbnail.jpg\" alt=\"070524_Hospiz_39.jpg\" \/><\/a>\u00c2\u00a0<a rel=\"lightbox[roadtrip]\" target=\"_blank\" href=\"http:\/\/www.schoene-nachrichten.de\/wp-content\/uploads\/2007\/05\/070524_Hospiz_40.jpg\" title=\"Foto: Max Colin Heydenreich\"><img decoding=\"async\" width=\"128\" src=\"http:\/\/www.schoene-nachrichten.de\/wp-content\/uploads\/2007\/05\/070524_Hospiz_40.thumbnail.jpg\" alt=\"070524_Hospiz_40.jpg\" \/><\/a>\u00c2\u00a0<\/p>\n<p>Weil nur 90 Prozent der laufenden Betriebskosten auf den Pflegesatz umgelegt werden k\u00f6nnen, ist das Hospiz auf Spenden angewiesen. Zehn Prozent \u2013 voraussichtlich zwischen 65.000 und 70.000 Euro &#8211; sind vom Tr\u00e4ger des Hospizes aufzubringen. Daher ist das Hospiz auf Spendeneinnahmen aus der Bev\u00f6lkerung und der Wirtschaft angewiesen.<\/p>\n<p><a rel=\"lightbox[roadtrip]\" target=\"_blank\" href=\"http:\/\/www.schoene-nachrichten.de\/wp-content\/uploads\/2007\/05\/070524_Hospiz_42.jpg\" title=\"Foto: Max Colin Heydenreich\"><img decoding=\"async\" width=\"128\" src=\"http:\/\/www.schoene-nachrichten.de\/wp-content\/uploads\/2007\/05\/070524_Hospiz_42.thumbnail.jpg\" alt=\"070524_Hospiz_42.jpg\" \/><\/a>\u00c2\u00a0<a rel=\"lightbox[roadtrip]\" target=\"_blank\" href=\"http:\/\/www.schoene-nachrichten.de\/wp-content\/uploads\/2007\/05\/070524_Hospiz_43.jpg\" title=\"Foto: Max Colin Heydenreich\"><img decoding=\"async\" width=\"128\" src=\"http:\/\/www.schoene-nachrichten.de\/wp-content\/uploads\/2007\/05\/070524_Hospiz_43.thumbnail.jpg\" alt=\"070524_Hospiz_43.jpg\" \/><\/a> <a rel=\"lightbox[roadtrip]\" target=\"_blank\" href=\"http:\/\/www.schoene-nachrichten.de\/wp-content\/uploads\/2007\/05\/070524_Hospiz_44.jpg\" title=\"Foto: Max Colin Heydenreich\"><img decoding=\"async\" width=\"128\" src=\"http:\/\/www.schoene-nachrichten.de\/wp-content\/uploads\/2007\/05\/070524_Hospiz_44.thumbnail.jpg\" alt=\"070524_Hospiz_44.jpg\" \/><\/a><\/p>\n<p><a rel=\"lightbox[roadtrip]\" target=\"_blank\" href=\"http:\/\/www.schoene-nachrichten.de\/wp-content\/uploads\/2007\/05\/070524_Hospiz_46.jpg\" title=\"Foto: Max Colin Heydenreich\"><img decoding=\"async\" width=\"128\" src=\"http:\/\/www.schoene-nachrichten.de\/wp-content\/uploads\/2007\/05\/070524_Hospiz_46.thumbnail.jpg\" alt=\"070524_Hospiz_46.jpg\" \/><\/a> <a rel=\"lightbox[roadtrip]\" target=\"_blank\" href=\"http:\/\/www.schoene-nachrichten.de\/wp-content\/uploads\/2007\/05\/070524_Hospiz_47.jpg\" title=\"Foto: Max Colin Heydenreich\"><img decoding=\"async\" width=\"128\" src=\"http:\/\/www.schoene-nachrichten.de\/wp-content\/uploads\/2007\/05\/070524_Hospiz_47.thumbnail.jpg\" alt=\"070524_Hospiz_47.jpg\" \/><\/a> <a rel=\"lightbox[roadtrip]\" target=\"_blank\" href=\"http:\/\/www.schoene-nachrichten.de\/wp-content\/uploads\/2007\/05\/070524_Hospiz_48.jpg\" title=\"Foto: Max Colin Heydenreich\"><img decoding=\"async\" width=\"128\" src=\"http:\/\/www.schoene-nachrichten.de\/wp-content\/uploads\/2007\/05\/070524_Hospiz_48.thumbnail.jpg\" alt=\"070524_Hospiz_48.jpg\" \/><\/a><\/p>\n<p>In Hessen gibt es nun acht station\u00e4re Hospize sowie das Kinderhospiz in Wiesbaden. Landesweit sind rund 98 Hospizgruppen in der ambulanten Begleitung Sterbender t\u00e4tig.<\/p>\n<p><a rel=\"lightbox[roadtrip]\" target=\"_blank\" href=\"http:\/\/www.schoene-nachrichten.de\/wp-content\/uploads\/2007\/05\/070524_Hospiz_48.jpg\" title=\"Foto: Max Colin Heydenreich\"><\/a><\/p>\n<p><a rel=\"lightbox[roadtrip]\" target=\"_blank\" href=\"http:\/\/www.schoene-nachrichten.de\/wp-content\/uploads\/2007\/05\/070524_Hospiz_49.jpg\" title=\"Foto: Max Colin Heydenreich\"><img decoding=\"async\" width=\"128\" src=\"http:\/\/www.schoene-nachrichten.de\/wp-content\/uploads\/2007\/05\/070524_Hospiz_49.thumbnail.jpg\" alt=\"070524_Hospiz_49.jpg\" \/><\/a> <a rel=\"lightbox[roadtrip]\" target=\"_blank\" href=\"http:\/\/www.schoene-nachrichten.de\/wp-content\/uploads\/2007\/05\/070524_Hospiz_50.jpg\" title=\"Foto: Max Colin Heydenreich\"><img decoding=\"async\" width=\"128\" src=\"http:\/\/www.schoene-nachrichten.de\/wp-content\/uploads\/2007\/05\/070524_Hospiz_50.thumbnail.jpg\" alt=\"070524_Hospiz_50.jpg\" \/><\/a> <a rel=\"lightbox[roadtrip]\" target=\"_blank\" href=\"http:\/\/www.schoene-nachrichten.de\/wp-content\/uploads\/2007\/05\/070524_Hospiz_51.jpg\" title=\"Foto: Max Colin Heydenreich\"><img decoding=\"async\" width=\"128\" src=\"http:\/\/www.schoene-nachrichten.de\/wp-content\/uploads\/2007\/05\/070524_Hospiz_51.thumbnail.jpg\" alt=\"070524_Hospiz_51.jpg\" \/><\/a><a rel=\"lightbox[roadtrip]\" target=\"_blank\" href=\"http:\/\/www.schoene-nachrichten.de\/wp-content\/uploads\/2007\/05\/070524_Hospiz_52.jpg\" title=\"Foto: Max Colin Heydenreich\"><img decoding=\"async\" width=\"128\" src=\"http:\/\/www.schoene-nachrichten.de\/wp-content\/uploads\/2007\/05\/070524_Hospiz_52.thumbnail.jpg\" alt=\"070524_Hospiz_52.jpg\" \/><\/a>\u00c2\u00a0<a rel=\"lightbox[roadtrip]\" target=\"_blank\" href=\"http:\/\/www.schoene-nachrichten.de\/wp-content\/uploads\/2007\/05\/070524_Hospiz_45.jpg\" title=\"Foto: Max Colin Heydenreich\"><img decoding=\"async\" width=\"128\" src=\"http:\/\/www.schoene-nachrichten.de\/wp-content\/uploads\/2007\/05\/070524_Hospiz_45.thumbnail.jpg\" alt=\"070524_Hospiz_45.jpg\" \/><\/a>\u00c2\u00a0<a rel=\"lightbox[roadtrip]\" target=\"_blank\" href=\"http:\/\/www.schoene-nachrichten.de\/wp-content\/uploads\/2007\/05\/070524_Hospiz_53.jpg\" title=\"Foto: Max Colin Heydenreich\"><img decoding=\"async\" width=\"128\" src=\"http:\/\/www.schoene-nachrichten.de\/wp-content\/uploads\/2007\/05\/070524_Hospiz_53.thumbnail.jpg\" alt=\"070524_Hospiz_53.jpg\" \/><\/a><\/p>\n<p><a rel=\"lightbox[roadtrip]\" target=\"_blank\" href=\"http:\/\/www.schoene-nachrichten.de\/wp-content\/uploads\/2007\/05\/070524_Hospiz_55.jpg\" title=\"Foto: Max Colin Heydenreich\"><img decoding=\"async\" width=\"128\" src=\"http:\/\/www.schoene-nachrichten.de\/wp-content\/uploads\/2007\/05\/070524_Hospiz_55.thumbnail.jpg\" alt=\"070524_Hospiz_55.jpg\" \/><\/a> <a rel=\"lightbox[roadtrip]\" target=\"_blank\" href=\"http:\/\/www.schoene-nachrichten.de\/wp-content\/uploads\/2007\/05\/070524_Hospiz_56.jpg\" title=\"Foto: Max Colin Heydenreich\"><img decoding=\"async\" width=\"128\" src=\"http:\/\/www.schoene-nachrichten.de\/wp-content\/uploads\/2007\/05\/070524_Hospiz_56.thumbnail.jpg\" alt=\"070524_Hospiz_56.jpg\" \/><\/a> <a rel=\"lightbox[roadtrip]\" target=\"_blank\" href=\"http:\/\/www.schoene-nachrichten.de\/wp-content\/uploads\/2007\/05\/070524_Hospiz_57.jpg\" title=\"Foto: Max Colin Heydenreich\"><img decoding=\"async\" width=\"128\" src=\"http:\/\/www.schoene-nachrichten.de\/wp-content\/uploads\/2007\/05\/070524_Hospiz_57.thumbnail.jpg\" alt=\"070524_Hospiz_57.jpg\" \/><\/a><\/p>\n<p><a rel=\"lightbox[roadtrip]\" target=\"_blank\" href=\"http:\/\/www.schoene-nachrichten.de\/wp-content\/uploads\/2007\/05\/070524_Hospiz_59.jpg\" title=\"Foto: Max Colin Heydenreich\"><img decoding=\"async\" width=\"128\" src=\"http:\/\/www.schoene-nachrichten.de\/wp-content\/uploads\/2007\/05\/070524_Hospiz_59.thumbnail.jpg\" alt=\"070524_Hospiz_59.jpg\" \/><\/a>\u00c2\u00a0<a rel=\"lightbox[roadtrip]\" target=\"_blank\" href=\"http:\/\/www.schoene-nachrichten.de\/wp-content\/uploads\/2007\/05\/070524_Hospiz_54.jpg\" title=\"Foto: Max Colin Heydenreich\"><img decoding=\"async\" width=\"128\" src=\"http:\/\/www.schoene-nachrichten.de\/wp-content\/uploads\/2007\/05\/070524_Hospiz_54.thumbnail.jpg\" alt=\"070524_Hospiz_54.jpg\" \/><\/a>\u00c2\u00a0<a rel=\"lightbox[roadtrip]\" target=\"_blank\" href=\"http:\/\/www.schoene-nachrichten.de\/wp-content\/uploads\/2007\/05\/070524_Hospiz_60.jpg\" title=\"Foto: Max Colin Heydenreich\"><img decoding=\"async\" width=\"128\" src=\"http:\/\/www.schoene-nachrichten.de\/wp-content\/uploads\/2007\/05\/070524_Hospiz_60.thumbnail.jpg\" alt=\"070524_Hospiz_60.jpg\" \/><\/a><\/p>\n<p><a rel=\"lightbox[roadtrip]\" target=\"_blank\" href=\"http:\/\/www.schoene-nachrichten.de\/wp-content\/uploads\/2007\/05\/070524_Hospiz_61.jpg\" title=\"Foto: Max Colin Heydenreich\"><img decoding=\"async\" width=\"128\" src=\"http:\/\/www.schoene-nachrichten.de\/wp-content\/uploads\/2007\/05\/070524_Hospiz_61.thumbnail.jpg\" alt=\"070524_Hospiz_61.jpg\" \/><\/a> <a rel=\"lightbox[roadtrip]\" target=\"_blank\" href=\"http:\/\/www.schoene-nachrichten.de\/wp-content\/uploads\/2007\/05\/070524_Hospiz_62.jpg\" title=\"Foto: Max Colin Heydenreich\"><img decoding=\"async\" width=\"128\" src=\"http:\/\/www.schoene-nachrichten.de\/wp-content\/uploads\/2007\/05\/070524_Hospiz_62.thumbnail.jpg\" alt=\"070524_Hospiz_62.jpg\" \/><\/a> <a rel=\"lightbox[roadtrip]\" target=\"_blank\" href=\"http:\/\/www.schoene-nachrichten.de\/wp-content\/uploads\/2007\/05\/070524_Hospiz_63.jpg\" title=\"Foto: Max Colin Heydenreich\"><img decoding=\"async\" width=\"128\" src=\"http:\/\/www.schoene-nachrichten.de\/wp-content\/uploads\/2007\/05\/070524_Hospiz_63.thumbnail.jpg\" alt=\"070524_Hospiz_63.jpg\" \/><\/a><\/p>\n<p><a rel=\"lightbox[roadtrip]\" target=\"_blank\" href=\"http:\/\/www.schoene-nachrichten.de\/wp-content\/uploads\/2007\/05\/070524_Hospiz_64.jpg\" title=\"Foto: Max Colin Heydenreich\"><img decoding=\"async\" width=\"128\" src=\"http:\/\/www.schoene-nachrichten.de\/wp-content\/uploads\/2007\/05\/070524_Hospiz_64.thumbnail.jpg\" alt=\"070524_Hospiz_64.jpg\" \/><\/a> <a rel=\"lightbox[roadtrip]\" target=\"_blank\" href=\"http:\/\/www.schoene-nachrichten.de\/wp-content\/uploads\/2007\/05\/070524_Hospiz_65.jpg\" title=\"Foto: Max Colin Heydenreich\"><img decoding=\"async\" width=\"128\" src=\"http:\/\/www.schoene-nachrichten.de\/wp-content\/uploads\/2007\/05\/070524_Hospiz_65.thumbnail.jpg\" alt=\"070524_Hospiz_65.jpg\" \/><\/a> <a rel=\"lightbox[roadtrip]\" target=\"_blank\" href=\"http:\/\/www.schoene-nachrichten.de\/wp-content\/uploads\/2007\/05\/070524_Hospiz_66.jpg\" title=\"Foto: Max Colin Heydenreich\"><img decoding=\"async\" width=\"128\" src=\"http:\/\/www.schoene-nachrichten.de\/wp-content\/uploads\/2007\/05\/070524_Hospiz_66.thumbnail.jpg\" alt=\"070524_Hospiz_66.jpg\" \/><\/a><\/p>\n<p><a rel=\"lightbox[roadtrip]\" target=\"_blank\" href=\"http:\/\/www.schoene-nachrichten.de\/wp-content\/uploads\/2007\/05\/070524_Hospiz_67.jpg\" title=\"Foto: Max Colin Heydenreich\"><img decoding=\"async\" width=\"128\" src=\"http:\/\/www.schoene-nachrichten.de\/wp-content\/uploads\/2007\/05\/070524_Hospiz_67.thumbnail.jpg\" alt=\"070524_Hospiz_67.jpg\" \/><\/a> <a rel=\"lightbox[roadtrip]\" target=\"_blank\" href=\"http:\/\/www.schoene-nachrichten.de\/wp-content\/uploads\/2007\/05\/070524_Hospiz_68.jpg\" title=\"Foto: Max Colin Heydenreich\"><img decoding=\"async\" width=\"128\" src=\"http:\/\/www.schoene-nachrichten.de\/wp-content\/uploads\/2007\/05\/070524_Hospiz_68.thumbnail.jpg\" alt=\"070524_Hospiz_68.jpg\" \/><\/a> <a rel=\"lightbox[roadtrip]\" target=\"_blank\" href=\"http:\/\/www.schoene-nachrichten.de\/wp-content\/uploads\/2007\/05\/070524_Hospiz_69.jpg\" title=\"Foto: Max Colin Heydenreich\"><img decoding=\"async\" width=\"128\" src=\"http:\/\/www.schoene-nachrichten.de\/wp-content\/uploads\/2007\/05\/070524_Hospiz_69.thumbnail.jpg\" alt=\"070524_Hospiz_69.jpg\" \/><\/a><\/p>\n<p><a rel=\"lightbox[roadtrip]\" target=\"_blank\" href=\"http:\/\/www.schoene-nachrichten.de\/wp-content\/uploads\/2007\/05\/070524_Hospiz_70.jpg\" title=\"Foto: Max Colin Heydenreich\"><img decoding=\"async\" width=\"128\" src=\"http:\/\/www.schoene-nachrichten.de\/wp-content\/uploads\/2007\/05\/070524_Hospiz_70.thumbnail.jpg\" alt=\"070524_Hospiz_70.jpg\" \/><\/a> <a rel=\"lightbox[roadtrip]\" target=\"_blank\" href=\"http:\/\/www.schoene-nachrichten.de\/wp-content\/uploads\/2007\/05\/070524_Hospiz_71.jpg\" title=\"Foto: Max Colin Heydenreich\"><img decoding=\"async\" width=\"128\" src=\"http:\/\/www.schoene-nachrichten.de\/wp-content\/uploads\/2007\/05\/070524_Hospiz_71.thumbnail.jpg\" alt=\"070524_Hospiz_71.jpg\" \/><\/a> <a rel=\"lightbox[roadtrip]\" target=\"_blank\" href=\"http:\/\/www.schoene-nachrichten.de\/wp-content\/uploads\/2007\/05\/070524_Hospiz_72.jpg\" title=\"Foto: Max Colin Heydenreich\"><img decoding=\"async\" width=\"128\" src=\"http:\/\/www.schoene-nachrichten.de\/wp-content\/uploads\/2007\/05\/070524_Hospiz_72.thumbnail.jpg\" alt=\"070524_Hospiz_72.jpg\" \/><\/a><\/p>\n<p><a rel=\"lightbox[roadtrip]\" target=\"_blank\" href=\"http:\/\/www.schoene-nachrichten.de\/wp-content\/uploads\/2007\/05\/070524_Hospiz_73.jpg\" title=\"Foto: Max Colin Heydenreich\"><img decoding=\"async\" width=\"128\" src=\"http:\/\/www.schoene-nachrichten.de\/wp-content\/uploads\/2007\/05\/070524_Hospiz_73.thumbnail.jpg\" alt=\"070524_Hospiz_73.jpg\" \/><\/a> <a rel=\"lightbox[roadtrip]\" target=\"_blank\" href=\"http:\/\/www.schoene-nachrichten.de\/wp-content\/uploads\/2007\/05\/070524_Hospiz_74.jpg\" title=\"Foto: Max Colin Heydenreich\"><img decoding=\"async\" width=\"128\" src=\"http:\/\/www.schoene-nachrichten.de\/wp-content\/uploads\/2007\/05\/070524_Hospiz_74.thumbnail.jpg\" alt=\"070524_Hospiz_74.jpg\" \/><\/a> <a rel=\"lightbox[roadtrip]\" target=\"_blank\" href=\"http:\/\/www.schoene-nachrichten.de\/wp-content\/uploads\/2007\/05\/070524_Hospiz_75.jpg\" title=\"Foto: Max Colin Heydenreich\"><img decoding=\"async\" width=\"128\" src=\"http:\/\/www.schoene-nachrichten.de\/wp-content\/uploads\/2007\/05\/070524_Hospiz_75.thumbnail.jpg\" alt=\"070524_Hospiz_75.jpg\" \/><\/a><\/p>\n<p><a rel=\"lightbox[roadtrip]\" target=\"_blank\" href=\"http:\/\/www.schoene-nachrichten.de\/wp-content\/uploads\/2007\/05\/070524_Hospiz_76.jpg\" title=\"Foto: Max Colin Heydenreich\"><img decoding=\"async\" width=\"128\" src=\"http:\/\/www.schoene-nachrichten.de\/wp-content\/uploads\/2007\/05\/070524_Hospiz_76.thumbnail.jpg\" alt=\"070524_Hospiz_76.jpg\" \/><\/a> <a rel=\"lightbox[roadtrip]\" target=\"_blank\" href=\"http:\/\/www.schoene-nachrichten.de\/wp-content\/uploads\/2007\/05\/070524_Hospiz_77.jpg\" title=\"Foto: Max Colin Heydenreich\"><img decoding=\"async\" width=\"128\" src=\"http:\/\/www.schoene-nachrichten.de\/wp-content\/uploads\/2007\/05\/070524_Hospiz_77.thumbnail.jpg\" alt=\"070524_Hospiz_77.jpg\" \/><\/a> <a rel=\"lightbox[roadtrip]\" target=\"_blank\" href=\"http:\/\/www.schoene-nachrichten.de\/wp-content\/uploads\/2007\/05\/070524_Hospiz_78.jpg\" title=\"Foto: Max Colin Heydenreich\"><img decoding=\"async\" width=\"128\" src=\"http:\/\/www.schoene-nachrichten.de\/wp-content\/uploads\/2007\/05\/070524_Hospiz_78.thumbnail.jpg\" alt=\"070524_Hospiz_78.jpg\" \/><\/a><\/p>\n<p><img decoding=\"async\" src=\"http:\/\/www.schoene-nachrichten.de\/wp-content\/uploads\/2007\/02\/x_sponsor.gif\" alt=\"x_sponsor.gif\" \/>[local \/wp-content\/uploads\/2007\/05\/070524_Hospiz.wmv]<\/p>\n","protected":false},"excerpt":{"rendered":"<div class=\"tmnf_excerpt\"><p>Sch\u00f6nes aus Fulda. Mitte April hat das neue station\u00e4re Hospiz St. Elisabeth zu Fulda seinen Betrieb aufgenommen. Gestern wurde es feierlich er\u00f6ffnet und durch Bischof Heinz Josef Algermissen eingeweiht. Das Hospiz schlie\u00dft eine Versorgungsl\u00fccke im osthessischen Gesundheitsnetz, denn in der Einrichtung werden schwerstkranke und sterbende Menschen betreut, die nicht mehr im h\u00e4uslichen Umfeld gepflegt werden &hellip;<\/p>\n<\/div>","protected":false},"author":1,"featured_media":0,"comment_status":"closed","ping_status":"closed","sticky":false,"template":"","format":"standard","meta":{"footnotes":""},"categories":[1,54,51,79,50,29],"tags":[],"class_list":["post-3263","post","type-post","status-publish","format-standard","hentry","category-startseite","category-bildergalerien","category-medizin","category-kino","category-kirche","category-politik"],"_links":{"self":[{"href":"https:\/\/www.fuldaernachrichten.de\/index.php?rest_route=\/wp\/v2\/posts\/3263","targetHints":{"allow":["GET"]}}],"collection":[{"href":"https:\/\/www.fuldaernachrichten.de\/index.php?rest_route=\/wp\/v2\/posts"}],"about":[{"href":"https:\/\/www.fuldaernachrichten.de\/index.php?rest_route=\/wp\/v2\/types\/post"}],"author":[{"embeddable":true,"href":"https:\/\/www.fuldaernachrichten.de\/index.php?rest_route=\/wp\/v2\/users\/1"}],"replies":[{"embeddable":true,"href":"https:\/\/www.fuldaernachrichten.de\/index.php?rest_route=%2Fwp%2Fv2%2Fcomments&post=3263"}],"version-history":[{"count":1,"href":"https:\/\/www.fuldaernachrichten.de\/index.php?rest_route=\/wp\/v2\/posts\/3263\/revisions"}],"predecessor-version":[{"id":17424,"href":"https:\/\/www.fuldaernachrichten.de\/index.php?rest_route=\/wp\/v2\/posts\/3263\/revisions\/17424"}],"wp:attachment":[{"href":"https:\/\/www.fuldaernachrichten.de\/index.php?rest_route=%2Fwp%2Fv2%2Fmedia&parent=3263"}],"wp:term":[{"taxonomy":"category","embeddable":true,"href":"https:\/\/www.fuldaernachrichten.de\/index.php?rest_route=%2Fwp%2Fv2%2Fcategories&post=3263"},{"taxonomy":"post_tag","embeddable":true,"href":"https:\/\/www.fuldaernachrichten.de\/index.php?rest_route=%2Fwp%2Fv2%2Ftags&post=3263"}],"curies":[{"name":"wp","href":"https:\/\/api.w.org\/{rel}","templated":true}]}}