{"id":3210,"date":"2007-05-21T09:54:40","date_gmt":"2007-05-21T07:54:40","guid":{"rendered":"http:\/\/www.schoene-nachrichten.de\/?p=3210"},"modified":"2007-05-21T09:54:40","modified_gmt":"2007-05-21T07:54:40","slug":"ortsumgehung-hilders-wickers-rhiel-unterschreibt-planfeststellungsbeschluss","status":"publish","type":"post","link":"https:\/\/www.fuldaernachrichten.de\/?p=3210","title":{"rendered":"Ortsumgehung Hilders-Wickers &#8211; Rhiel unterschreibt Planfeststellungsbeschluss"},"content":{"rendered":"<p><strong>Sch\u00f6nes aus Fulda.<\/strong> \u201eMit der Unterzeichnung des Planfeststellungsbeschlusses sind die baurechtlichen Voraussetzungen f\u00fcr den Bau der Umgehung Wickers geschaffen und wir kommen der Ortsumgehung Hilders\/Wickers einen Riesenschritt n\u00e4her\u201c, sagte Verkehrsminister Alois Rhiel heute in Fulda. Der Minister unterzeichnete in Anwesenheit von Landrat Bernd Woide und B\u00fcrgermeister Hubert Blum, Hilders, im Amt f\u00fcr Stra\u00dfen- und Verkehrswesen Fulda den Beschluss.<\/p>\n<p><strong>Fotos (27):<\/strong> Max Colin Heydenreich<\/p>\n<p><a rel=\"lightbox[roadtrip]\" target=\"_blank\" href=\"http:\/\/www.schoene-nachrichten.de\/wp-content\/uploads\/2007\/05\/070521_Wickers_24.jpg\" title=\"Foto: Max Colin Heydenreich\"><img decoding=\"async\" width=\"128\" src=\"http:\/\/www.schoene-nachrichten.de\/wp-content\/uploads\/2007\/05\/070521_Wickers_24.thumbnail.jpg\" alt=\"070521_Wickers_24.jpg\" \/><\/a>\u00c2\u00a0<a rel=\"lightbox[roadtrip]\" target=\"_blank\" href=\"http:\/\/www.schoene-nachrichten.de\/wp-content\/uploads\/2007\/05\/070521_Wickers_23.jpg\" title=\"Foto: Max Colin Heydenreich\"><img decoding=\"async\" width=\"128\" src=\"http:\/\/www.schoene-nachrichten.de\/wp-content\/uploads\/2007\/05\/070521_Wickers_23.thumbnail.jpg\" alt=\"070521_Wickers_23.jpg\" \/><\/a> <a rel=\"lightbox[roadtrip]\" target=\"_blank\" href=\"http:\/\/www.schoene-nachrichten.de\/wp-content\/uploads\/2007\/05\/070521_Wickers_15.jpg\" title=\"Foto: Max Colin Heydenreich\"><img decoding=\"async\" width=\"128\" src=\"http:\/\/www.schoene-nachrichten.de\/wp-content\/uploads\/2007\/05\/070521_Wickers_15.thumbnail.jpg\" alt=\"070521_Wickers_15.jpg\" \/><\/a><\/p>\n<p><a rel=\"lightbox[roadtrip]\" target=\"_blank\" href=\"http:\/\/www.schoene-nachrichten.de\/wp-content\/uploads\/2007\/05\/070521_Wickers_06.jpg\" title=\"Foto: Max Colin Heydenreich\"><img decoding=\"async\" width=\"128\" src=\"http:\/\/www.schoene-nachrichten.de\/wp-content\/uploads\/2007\/05\/070521_Wickers_06.thumbnail.jpg\" alt=\"070521_Wickers_06.jpg\" \/><\/a>\u00c2\u00a0<a rel=\"lightbox[roadtrip]\" target=\"_blank\" href=\"http:\/\/www.schoene-nachrichten.de\/wp-content\/uploads\/2007\/05\/070521_Wickers_05.jpg\" title=\"Foto: Max Colin Heydenreich\"><img decoding=\"async\" width=\"128\" src=\"http:\/\/www.schoene-nachrichten.de\/wp-content\/uploads\/2007\/05\/070521_Wickers_05.thumbnail.jpg\" alt=\"070521_Wickers_05.jpg\" \/><\/a> <a rel=\"lightbox[roadtrip]\" target=\"_blank\" href=\"http:\/\/www.schoene-nachrichten.de\/wp-content\/uploads\/2007\/05\/070521_Wickers_25.jpg\" title=\"Foto: Max Colin Heydenreich\"><img decoding=\"async\" width=\"128\" src=\"http:\/\/www.schoene-nachrichten.de\/wp-content\/uploads\/2007\/05\/070521_Wickers_25.thumbnail.jpg\" alt=\"070521_Wickers_25.jpg\" \/><\/a><\/p>\n<p><!--more-->Die Gesamtkosten des Projektes sind auf rund 4,6 Mio. Euro veranschlagt. Er werde sich mit Nachdruck daf\u00fcr einsetzen, so Rhiel, dass die Ma\u00dfnahme vom Bund baldm\u00f6glichst finanziert werde, damit mit dem Bau begonnen werden k\u00f6nne.<\/p>\n<p>Mit der Realisierung der rund 1,7 Kilometer langen Bauma\u00dfnahme soll der Durchgangsverkehr aus der Ortslage von Wickers herausgenommen werden. Ziel sei es, die hohen L\u00e4rm- und Schadstoffimissionen f\u00fcr die Anwohner erheblich zu reduzieren und die Sicherheit f\u00fcr die Verkehrsteilnehmer zu erh\u00f6hen, so der Minister.<\/p>\n<p><a rel=\"lightbox[roadtrip]\" target=\"_blank\" href=\"http:\/\/www.schoene-nachrichten.de\/wp-content\/uploads\/2007\/05\/070521_Wickers_01.jpg\" title=\"Foto: Max Colin Heydenreich\"><img decoding=\"async\" width=\"128\" src=\"http:\/\/www.schoene-nachrichten.de\/wp-content\/uploads\/2007\/05\/070521_Wickers_01.thumbnail.jpg\" alt=\"070521_Wickers_01.jpg\" \/><\/a> <a rel=\"lightbox[roadtrip]\" target=\"_blank\" href=\"http:\/\/www.schoene-nachrichten.de\/wp-content\/uploads\/2007\/05\/070521_Wickers_02.jpg\" title=\"Foto: Max Colin Heydenreich\"><img decoding=\"async\" width=\"128\" src=\"http:\/\/www.schoene-nachrichten.de\/wp-content\/uploads\/2007\/05\/070521_Wickers_02.thumbnail.jpg\" alt=\"070521_Wickers_02.jpg\" \/><\/a> <a rel=\"lightbox[roadtrip]\" target=\"_blank\" href=\"http:\/\/www.schoene-nachrichten.de\/wp-content\/uploads\/2007\/05\/070521_Wickers_03.jpg\" title=\"Foto: Max Colin Heydenreich\"><img decoding=\"async\" width=\"128\" src=\"http:\/\/www.schoene-nachrichten.de\/wp-content\/uploads\/2007\/05\/070521_Wickers_03.thumbnail.jpg\" alt=\"070521_Wickers_03.jpg\" \/><\/a><\/p>\n<p><a rel=\"lightbox[roadtrip]\" target=\"_blank\" href=\"http:\/\/www.schoene-nachrichten.de\/wp-content\/uploads\/2007\/05\/070521_Wickers_04.jpg\" title=\"Foto: Max Colin Heydenreich\"><img decoding=\"async\" width=\"128\" src=\"http:\/\/www.schoene-nachrichten.de\/wp-content\/uploads\/2007\/05\/070521_Wickers_04.thumbnail.jpg\" alt=\"070521_Wickers_04.jpg\" \/><\/a>\u00c2\u00a0<a rel=\"lightbox[roadtrip]\" target=\"_blank\" href=\"http:\/\/www.schoene-nachrichten.de\/wp-content\/uploads\/2007\/05\/070521_Wickers_07.jpg\" title=\"Foto: Max Colin Heydenreich\"><img decoding=\"async\" width=\"128\" src=\"http:\/\/www.schoene-nachrichten.de\/wp-content\/uploads\/2007\/05\/070521_Wickers_07.thumbnail.jpg\" alt=\"070521_Wickers_07.jpg\" \/><\/a> <a rel=\"lightbox[roadtrip]\" target=\"_blank\" href=\"http:\/\/www.schoene-nachrichten.de\/wp-content\/uploads\/2007\/05\/070521_Wickers_08.jpg\" title=\"Foto: Max Colin Heydenreich\"><img decoding=\"async\" width=\"128\" src=\"http:\/\/www.schoene-nachrichten.de\/wp-content\/uploads\/2007\/05\/070521_Wickers_08.thumbnail.jpg\" alt=\"070521_Wickers_08.jpg\" \/><\/a><\/p>\n<p>Rhiel: \u201eDurch den Bau der Ortsumgehung wird Wickers bis zu 90 Prozent vom Verkehr entlastet\u201c.<\/p>\n<p>Wie der Minister erl\u00e4uterte, wurde das Planfeststellungsverfahren im Mai 2002 eingeleitet. Im Rahmen dieses Verfahrens seien seitens der B\u00fcrger im Wesentlichen Umplanungen der vorgesehenen Kompensationsma\u00dfnahmen zum Ausgleich des Eingriffs in Natur und Landschaft gefordert worden. Ein Abr\u00fccken von dem Kompensationskonzept sei aber nicht sinnvoll, da nur mit den geplanten Ausgleichs- und Ersatzma\u00dfnahmen ein sparsamer Fl\u00e4chenverbrauch erreicht werden k\u00f6nne.<\/p>\n<p><a rel=\"lightbox[roadtrip]\" target=\"_blank\" href=\"http:\/\/www.schoene-nachrichten.de\/wp-content\/uploads\/2007\/05\/070521_Wickers_09.jpg\" title=\"Foto: Max Colin Heydenreich\"><img decoding=\"async\" width=\"128\" src=\"http:\/\/www.schoene-nachrichten.de\/wp-content\/uploads\/2007\/05\/070521_Wickers_09.thumbnail.jpg\" alt=\"070521_Wickers_09.jpg\" \/><\/a>\u00c2\u00a0<a rel=\"lightbox[roadtrip]\" target=\"_blank\" href=\"http:\/\/www.schoene-nachrichten.de\/wp-content\/uploads\/2007\/05\/070521_Wickers_13.jpg\" title=\"Foto: Max Colin Heydenreich\"><img decoding=\"async\" width=\"128\" src=\"http:\/\/www.schoene-nachrichten.de\/wp-content\/uploads\/2007\/05\/070521_Wickers_13.thumbnail.jpg\" alt=\"070521_Wickers_13.jpg\" \/><\/a> <a rel=\"lightbox[roadtrip]\" target=\"_blank\" href=\"http:\/\/www.schoene-nachrichten.de\/wp-content\/uploads\/2007\/05\/070521_Wickers_14.jpg\" title=\"Foto: Max Colin Heydenreich\"><img decoding=\"async\" width=\"128\" src=\"http:\/\/www.schoene-nachrichten.de\/wp-content\/uploads\/2007\/05\/070521_Wickers_14.thumbnail.jpg\" alt=\"070521_Wickers_14.jpg\" \/><\/a><\/p>\n<p><a rel=\"lightbox[roadtrip]\" target=\"_blank\" href=\"http:\/\/www.schoene-nachrichten.de\/wp-content\/uploads\/2007\/05\/070521_Wickers_10.jpg\" title=\"Foto: Max Colin Heydenreich\"><img decoding=\"async\" width=\"128\" src=\"http:\/\/www.schoene-nachrichten.de\/wp-content\/uploads\/2007\/05\/070521_Wickers_10.thumbnail.jpg\" alt=\"070521_Wickers_10.jpg\" \/><\/a> <a rel=\"lightbox[roadtrip]\" target=\"_blank\" href=\"http:\/\/www.schoene-nachrichten.de\/wp-content\/uploads\/2007\/05\/070521_Wickers_11.jpg\" title=\"Foto: Max Colin Heydenreich\"><img decoding=\"async\" width=\"128\" src=\"http:\/\/www.schoene-nachrichten.de\/wp-content\/uploads\/2007\/05\/070521_Wickers_11.thumbnail.jpg\" alt=\"070521_Wickers_11.jpg\" \/><\/a> <a rel=\"lightbox[roadtrip]\" target=\"_blank\" href=\"http:\/\/www.schoene-nachrichten.de\/wp-content\/uploads\/2007\/05\/070521_Wickers_12.jpg\" title=\"Foto: Max Colin Heydenreich\"><img decoding=\"async\" width=\"128\" src=\"http:\/\/www.schoene-nachrichten.de\/wp-content\/uploads\/2007\/05\/070521_Wickers_12.thumbnail.jpg\" alt=\"070521_Wickers_12.jpg\" \/><\/a><\/p>\n<p>Die Ortsumgehung Hilders\/Wickers ist in der Stufe \u201eVordringlicher Bedarf\u00e2\u20ac\u02dc (VB) des Bedarfsplans f\u00fcr die Bundesfernstra\u00dfen, Abschnitt \u00e2\u20ac\u0161Neue Vorhaben mit besonderem naturschutzfachlichen Planungsauftrag f\u00fcr VB\u201c, aufgenommen. Dieser Planungsauftrag wurde auf der Grundlage der vorliegenden Unterlagen und der zwischenzeitlich erfolgten Gebietsabgrenzungen des Vogelschutzgebietes im Planfeststellungsbeschluss abgearbeitet.<\/p>\n<p><a rel=\"lightbox[roadtrip]\" target=\"_blank\" href=\"http:\/\/www.schoene-nachrichten.de\/wp-content\/uploads\/2007\/05\/070521_Wickers_16.jpg\" title=\"Foto: Max Colin Heydenreich\"><img decoding=\"async\" width=\"128\" src=\"http:\/\/www.schoene-nachrichten.de\/wp-content\/uploads\/2007\/05\/070521_Wickers_16.thumbnail.jpg\" alt=\"070521_Wickers_16.jpg\" \/><\/a>\u00c2\u00a0<a rel=\"lightbox[roadtrip]\" target=\"_blank\" href=\"http:\/\/www.schoene-nachrichten.de\/wp-content\/uploads\/2007\/05\/070521_Wickers_18.jpg\" title=\"Foto: Max Colin Heydenreich\"><img decoding=\"async\" width=\"128\" src=\"http:\/\/www.schoene-nachrichten.de\/wp-content\/uploads\/2007\/05\/070521_Wickers_18.thumbnail.jpg\" alt=\"070521_Wickers_18.jpg\" \/><\/a> <a rel=\"lightbox[roadtrip]\" target=\"_blank\" href=\"http:\/\/www.schoene-nachrichten.de\/wp-content\/uploads\/2007\/05\/070521_Wickers_22.jpg\" title=\"Foto: Max Colin Heydenreich\"><img decoding=\"async\" width=\"128\" src=\"http:\/\/www.schoene-nachrichten.de\/wp-content\/uploads\/2007\/05\/070521_Wickers_22.thumbnail.jpg\" alt=\"070521_Wickers_22.jpg\" \/><\/a>\u00c2\u00a0<\/p>\n<p><a rel=\"lightbox[roadtrip]\" target=\"_blank\" href=\"http:\/\/www.schoene-nachrichten.de\/wp-content\/uploads\/2007\/05\/070521_Wickers_19.jpg\" title=\"Foto: Max Colin Heydenreich\"><img decoding=\"async\" width=\"128\" src=\"http:\/\/www.schoene-nachrichten.de\/wp-content\/uploads\/2007\/05\/070521_Wickers_19.thumbnail.jpg\" alt=\"070521_Wickers_19.jpg\" \/><\/a> <a rel=\"lightbox[roadtrip]\" target=\"_blank\" href=\"http:\/\/www.schoene-nachrichten.de\/wp-content\/uploads\/2007\/05\/070521_Wickers_20.jpg\" title=\"Foto: Max Colin Heydenreich\"><img decoding=\"async\" width=\"128\" src=\"http:\/\/www.schoene-nachrichten.de\/wp-content\/uploads\/2007\/05\/070521_Wickers_20.thumbnail.jpg\" alt=\"070521_Wickers_20.jpg\" \/><\/a> <a rel=\"lightbox[roadtrip]\" target=\"_blank\" href=\"http:\/\/www.schoene-nachrichten.de\/wp-content\/uploads\/2007\/05\/070521_Wickers_21.jpg\" title=\"Foto: Max Colin Heydenreich\"><img decoding=\"async\" width=\"128\" src=\"http:\/\/www.schoene-nachrichten.de\/wp-content\/uploads\/2007\/05\/070521_Wickers_21.thumbnail.jpg\" alt=\"070521_Wickers_21.jpg\" \/><\/a><\/p>\n<p>Der Planfeststellungsbeschluss werde den Beteiligten in K\u00fcrze zugestellt und zusammen mit den Planunterlagen nach entsprechender Bekanntmachung zwei Wochen in den Gemeinden Hilders und Poppenhausen (Wasserkuppe) zur Einsicht ausgelegt, so der Minister. Er hoffe, dass der Planfeststellungsbeschluss nicht beklagt werde, so dass mit der Realisierung des Vorhabens sobald die Finanzierung der Ortsumgehung Hilders\/Wickers gesichert sei, begonnen werden k\u00f6nne.<\/p>\n<p><a rel=\"lightbox[roadtrip]\" target=\"_blank\" href=\"http:\/\/www.schoene-nachrichten.de\/wp-content\/uploads\/2007\/05\/070521_Wickers_17.jpg\" title=\"Foto: Max Colin Heydenreich\"><img decoding=\"async\" width=\"128\" src=\"http:\/\/www.schoene-nachrichten.de\/wp-content\/uploads\/2007\/05\/070521_Wickers_17.thumbnail.jpg\" alt=\"070521_Wickers_17.jpg\" \/><\/a>\u00c2\u00a0<a rel=\"lightbox[roadtrip]\" target=\"_blank\" href=\"http:\/\/www.schoene-nachrichten.de\/wp-content\/uploads\/2007\/05\/070521_Wickers_26.jpg\" title=\"Foto: Max Colin Heydenreich\"><img decoding=\"async\" width=\"128\" src=\"http:\/\/www.schoene-nachrichten.de\/wp-content\/uploads\/2007\/05\/070521_Wickers_26.thumbnail.jpg\" alt=\"070521_Wickers_26.jpg\" \/><\/a> <a rel=\"lightbox[roadtrip]\" target=\"_blank\" href=\"http:\/\/www.schoene-nachrichten.de\/wp-content\/uploads\/2007\/05\/070521_Wickers_27.jpg\" title=\"Foto: Max Colin Heydenreich\"><img decoding=\"async\" width=\"128\" src=\"http:\/\/www.schoene-nachrichten.de\/wp-content\/uploads\/2007\/05\/070521_Wickers_27.thumbnail.jpg\" alt=\"070521_Wickers_27.jpg\" \/><\/a><\/p>\n","protected":false},"excerpt":{"rendered":"<div class=\"tmnf_excerpt\"><p>Sch\u00f6nes aus Fulda. \u201eMit der Unterzeichnung des Planfeststellungsbeschlusses sind die baurechtlichen Voraussetzungen f\u00fcr den Bau der Umgehung Wickers geschaffen und wir kommen der Ortsumgehung Hilders\/Wickers einen Riesenschritt n\u00e4her\u201c, sagte Verkehrsminister Alois Rhiel heute in Fulda. Der Minister unterzeichnete in Anwesenheit von Landrat Bernd Woide und B\u00fcrgermeister Hubert Blum, Hilders, im Amt f\u00fcr Stra\u00dfen- und Verkehrswesen &hellip;<\/p>\n<\/div>","protected":false},"author":1,"featured_media":0,"comment_status":"closed","ping_status":"closed","sticky":false,"template":"","format":"standard","meta":{"footnotes":""},"categories":[1,35,29,52],"tags":[],"class_list":["post-3210","post","type-post","status-publish","format-standard","hentry","category-startseite","category-auto","category-politik","category-umwelt"],"_links":{"self":[{"href":"https:\/\/www.fuldaernachrichten.de\/index.php?rest_route=\/wp\/v2\/posts\/3210","targetHints":{"allow":["GET"]}}],"collection":[{"href":"https:\/\/www.fuldaernachrichten.de\/index.php?rest_route=\/wp\/v2\/posts"}],"about":[{"href":"https:\/\/www.fuldaernachrichten.de\/index.php?rest_route=\/wp\/v2\/types\/post"}],"author":[{"embeddable":true,"href":"https:\/\/www.fuldaernachrichten.de\/index.php?rest_route=\/wp\/v2\/users\/1"}],"replies":[{"embeddable":true,"href":"https:\/\/www.fuldaernachrichten.de\/index.php?rest_route=%2Fwp%2Fv2%2Fcomments&post=3210"}],"version-history":[{"count":0,"href":"https:\/\/www.fuldaernachrichten.de\/index.php?rest_route=\/wp\/v2\/posts\/3210\/revisions"}],"wp:attachment":[{"href":"https:\/\/www.fuldaernachrichten.de\/index.php?rest_route=%2Fwp%2Fv2%2Fmedia&parent=3210"}],"wp:term":[{"taxonomy":"category","embeddable":true,"href":"https:\/\/www.fuldaernachrichten.de\/index.php?rest_route=%2Fwp%2Fv2%2Fcategories&post=3210"},{"taxonomy":"post_tag","embeddable":true,"href":"https:\/\/www.fuldaernachrichten.de\/index.php?rest_route=%2Fwp%2Fv2%2Ftags&post=3210"}],"curies":[{"name":"wp","href":"https:\/\/api.w.org\/{rel}","templated":true}]}}