{"id":3154,"date":"2007-05-16T12:35:18","date_gmt":"2007-05-16T10:35:18","guid":{"rendered":"http:\/\/www.schoene-nachrichten.de\/?p=3154"},"modified":"2007-05-16T12:35:18","modified_gmt":"2007-05-16T10:35:18","slug":"tegut-maerkte-starten-grosse-gesundheitsinitiative","status":"publish","type":"post","link":"https:\/\/www.fuldaernachrichten.de\/?p=3154","title":{"rendered":"tegut&#8230; M\u00e4rkte starten gro\u00dfe Gesundheitsinitiative"},"content":{"rendered":"<p><strong><a rel=\"lightbox[roadtrip]\" target=\"_blank\" href=\"http:\/\/www.schoene-nachrichten.de\/wp-content\/uploads\/2007\/05\/070516_tegut1.jpg\" title=\"070516_tegut1.jpg\"><img decoding=\"async\" align=\"left\" src=\"http:\/\/www.schoene-nachrichten.de\/wp-content\/uploads\/2007\/05\/070516_tegut1.thumbnail.jpg\" hspace=\"5\" alt=\"070516_tegut1.jpg\" \/><\/a>Sch\u00f6nes aus Fulda.<\/strong>\u00c2\u00a0Der in Fulda ans\u00e4ssige Lebensmittelh\u00e4ndler \u201etegut\u00e2\u20ac\u00a6 gute Lebensmittel\u201c hat am Montag eine gro\u00dfe Gesundheitsinitiative gestartet. In den kommenden Wochen k\u00f6nnen die Kunden in 120 M\u00e4rkten an jeweils zwei Tagen (freitags und samstags) in den Dialog mit Fachmitarbeitern und Ern\u00e4hrungswissenschaftlern rund um das Thema Gesundheit treten.<!--more--><\/p>\n<p>Unterst\u00fctzt wird die Initiative unter anderem von der Internationalen Gesellschaft f\u00fcr Pr\u00e4vention (IGP), der Krankenkasse KEH und dem Mineralbrunnen F\u00f6rstina. \u201eWir haben in Deutschland inzwischen 40 Millionen Menschen, die \u00fcbergewichtig sind. Alleine zwei Millionen Kinder sind adip\u00f6s. Hinzu kommen ein vermehrter Genussmittelkonsum und eine ausgepr\u00e4gte Bewegungsarmut\u201c, sagt beispielsweise der Direktor der Medizinischen Klinik II des Klinikums Fulda, Prof. Dr. Daniel Jaspersen. Der Ern\u00e4hrungsmediziner und Diabetologe wei\u00df, wie wichtig eine gesunde Ern\u00e4hrung ist, um diese Krankheiten einzud\u00e4mmen.<\/p>\n<p>\u201eWir wollen mit dieser Gesundheitsinitiative die Verbraucher dazu anregen, mehr auf ihre Gesundheit zu achten. Daf\u00fcr m\u00fcssen wir ein Bewusstsein schaffen, und am besten k\u00f6nnen wir das, indem wir in einen direkten Dialog mit unseren Kunden treten\u201c, meint der tegut\u00e2\u20ac\u00a6Vorstandsvorsitzende, Wolfgang Gutberlet. \u201eEs n\u00fctzt \u00fcberhaupt nichts, dieses Thema mit Regeln und Verboten anzugehen\u201c, f\u00fcgt er hinzu. Schon seit f\u00fcnf Jahren besch\u00e4ftigt sich das Fuldaer Unternehmen mit der Salutogenese, die auch die Grundlage f\u00fcr die gro\u00dfe Gesundheitsinitiative ist. Zur Gesundheitsf\u00f6rderung geh\u00f6ren neben den guten Lebensmitteln und damit der gesunden Ern\u00e4hrung auch die beiden S\u00e4ulen Bewegung und Entspannung.<\/p>\n<p>\u201eDer Mensch braucht gute Ruhephasen, damit er zu einer vern\u00fcnftigen Denkweise findet. Wenn diese Ruhe nicht zustande kommt, dann k\u00f6nnen die anderen beiden S\u00e4ulen noch so gut sein \u2013 das Gesamtergebnis ist gleich Null\u201c, sagt Gutberlet.<br \/>\nEine gesunde und ausgewogene Ern\u00e4hrung sieht auch Andr\u00e9 Haase von der Internationalen Gesellschaft f\u00fcr Pr\u00e4vention in Fulda als den Schl\u00fcssel, sich dauerhaft wohl zu f\u00fchlen.<\/p>\n<p>\u201eEs ist wichtig, dass nicht nur die Symptome unterdr\u00fcckt werden, sondern dass die Ursache f\u00fcr die Warnsignale des K\u00f6rpers erforscht werden\u201c, erkl\u00e4rt er. Genau das sei das Ziel der tegut\u00e2\u20ac\u00a6 Salutogenese. \u201eWir sind daher froh, dass wir eine Initiative eines Lebensmittelh\u00e4ndlers unterst\u00fctzen k\u00f6nnen, der inzwischen der gr\u00f6\u00dfte Anbieter von Bio-Produkten ist.\u201c Um die Kunden gezielt mit den drei S\u00e4ulen gesunde Ern\u00e4hrung, Bewegung und Entspannung vertraut zu machen, hat tegut\u00e2\u20ac\u00a6 einen Erlebnisparcours eingerichtet.<\/p>\n<p>Hier k\u00f6nnen die Verbraucher \u201eblind\u201c verkosten und beispielsweise den Unterschied zwischen synthetischer Vanille und echter Vanille im Joghurt feststellen. Zur Entspannung k\u00f6nnen sie an der dritten Station einen Tee genie\u00dfen. \u201eAn jeder Station erh\u00e4lt der Kunde verschiedene Gedankenanst\u00f6\u00dfe. So kann er sich selbst mit seiner Ern\u00e4hrung und mit der Qualit\u00e4t der angebotenen Produkte besch\u00e4ftigen\u201c, sagt Dr. Markus Schweizer, Leiter des tegut\u00e2\u20ac\u00a6 Bereichs Kundenmanagement und Marktforschung.<\/p>\n<p>\u00dcber die tegut\u00e2\u20ac\u00a6 Gesundheitsinitiative in den 120 M\u00e4rkten hinaus k\u00f6nnen sich die Kunden mit ihren Fragen zur gesunden und ausgewogenen Ern\u00e4hrung ab sofort auch an die neu eingerichtete tegut\u00e2\u20ac\u00a6 Kundenbetreuung Ern\u00e4hrung wenden. Diese ist montags bis freitags von 8 bis 18 Uhr unter der Telefonnummer (0 18 05) 23 52 72 zu erreichen. In welchem Markt und zu welcher Zeit die Gesundheitsinitiative stattfindet, ist am besten im Internet unter <a target=\"_blank\" href=\"http:\/\/www.tegut.com\">www.tegut.com<\/a> nachzulesen. (Carsten Kallenbach)<\/p>\n","protected":false},"excerpt":{"rendered":"<div class=\"tmnf_excerpt\"><p>Sch\u00f6nes aus Fulda.\u00c2\u00a0Der in Fulda ans\u00e4ssige Lebensmittelh\u00e4ndler \u201etegut\u00e2\u20ac\u00a6 gute Lebensmittel\u201c hat am Montag eine gro\u00dfe Gesundheitsinitiative gestartet. In den kommenden Wochen k\u00f6nnen die Kunden in 120 M\u00e4rkten an jeweils zwei Tagen (freitags und samstags) in den Dialog mit Fachmitarbeitern und Ern\u00e4hrungswissenschaftlern rund um das Thema Gesundheit treten.<\/p>\n<\/div>","protected":false},"author":1,"featured_media":0,"comment_status":"closed","ping_status":"closed","sticky":false,"template":"","format":"standard","meta":{"footnotes":""},"categories":[1,37],"tags":[],"class_list":["post-3154","post","type-post","status-publish","format-standard","hentry","category-startseite","category-essen-und-trinken"],"_links":{"self":[{"href":"https:\/\/www.fuldaernachrichten.de\/index.php?rest_route=\/wp\/v2\/posts\/3154","targetHints":{"allow":["GET"]}}],"collection":[{"href":"https:\/\/www.fuldaernachrichten.de\/index.php?rest_route=\/wp\/v2\/posts"}],"about":[{"href":"https:\/\/www.fuldaernachrichten.de\/index.php?rest_route=\/wp\/v2\/types\/post"}],"author":[{"embeddable":true,"href":"https:\/\/www.fuldaernachrichten.de\/index.php?rest_route=\/wp\/v2\/users\/1"}],"replies":[{"embeddable":true,"href":"https:\/\/www.fuldaernachrichten.de\/index.php?rest_route=%2Fwp%2Fv2%2Fcomments&post=3154"}],"version-history":[{"count":0,"href":"https:\/\/www.fuldaernachrichten.de\/index.php?rest_route=\/wp\/v2\/posts\/3154\/revisions"}],"wp:attachment":[{"href":"https:\/\/www.fuldaernachrichten.de\/index.php?rest_route=%2Fwp%2Fv2%2Fmedia&parent=3154"}],"wp:term":[{"taxonomy":"category","embeddable":true,"href":"https:\/\/www.fuldaernachrichten.de\/index.php?rest_route=%2Fwp%2Fv2%2Fcategories&post=3154"},{"taxonomy":"post_tag","embeddable":true,"href":"https:\/\/www.fuldaernachrichten.de\/index.php?rest_route=%2Fwp%2Fv2%2Ftags&post=3154"}],"curies":[{"name":"wp","href":"https:\/\/api.w.org\/{rel}","templated":true}]}}