{"id":3106,"date":"2007-05-13T06:31:34","date_gmt":"2007-05-13T04:31:34","guid":{"rendered":"http:\/\/www.schoene-nachrichten.de\/?p=3106"},"modified":"2007-05-13T06:33:20","modified_gmt":"2007-05-13T04:33:20","slug":"1-energieforum-der-fliedener-spd-im-rathaussaal","status":"publish","type":"post","link":"https:\/\/www.fuldaernachrichten.de\/?p=3106","title":{"rendered":"1. Energieforum der Fliedener SPD im Rathaussaal"},"content":{"rendered":"<p><strong>Termin.<\/strong> Am\u00c2\u00a0Dienstag, 05. Juni 2007, l\u00e4dt die Fliedener SPD zum 1. Energieforum in den Fliedener Rathaussaal\u00c2\u00a0ein. Ab 19.30 Uhr\u00c2\u00a0informieren verschiedene\u00c2\u00a0Referenten \u00fcber die Themen W\u00e4rmepumpen, Photovoltaik, Solarthermie, Passivhaus, Sanierungsma\u00dfnahmen an Geb\u00e4uden sowie Finanzierungs- und F\u00f6rderprogramme. <!--more--><\/p>\n<p>So werden u.a. das Architekturb\u00fcro Guido G\u00e4rtner aus Flieden-R\u00fcckers, das Architekturb\u00fcro Hornschuh u. Riesmeier aus Ilmenau, der Fachbetrieb f\u00fcr Energie- und Umwelttechnik Kolb &amp;M\u00fcller GmbH aus Schl\u00fcchtern-Elm, die \u00dcberlandwerk Fulda (\u00dcWAG) aus Fulda und die Sparkasse Fulda die interessierten Teilnehmerinnen und Teilnehmer umfassend informieren und f\u00fcr\u00c2\u00a0Fragen zur Verf\u00fcgung stehen.<\/p>\n","protected":false},"excerpt":{"rendered":"<div class=\"tmnf_excerpt\"><p>Termin. Am\u00c2\u00a0Dienstag, 05. Juni 2007, l\u00e4dt die Fliedener SPD zum 1. Energieforum in den Fliedener Rathaussaal\u00c2\u00a0ein. Ab 19.30 Uhr\u00c2\u00a0informieren verschiedene\u00c2\u00a0Referenten \u00fcber die Themen W\u00e4rmepumpen, Photovoltaik, Solarthermie, Passivhaus, Sanierungsma\u00dfnahmen an Geb\u00e4uden sowie Finanzierungs- und F\u00f6rderprogramme.<\/p>\n<\/div>","protected":false},"author":1,"featured_media":0,"comment_status":"closed","ping_status":"closed","sticky":false,"template":"","format":"standard","meta":{"footnotes":""},"categories":[1,52],"tags":[],"class_list":["post-3106","post","type-post","status-publish","format-standard","hentry","category-startseite","category-umwelt"],"_links":{"self":[{"href":"https:\/\/www.fuldaernachrichten.de\/index.php?rest_route=\/wp\/v2\/posts\/3106","targetHints":{"allow":["GET"]}}],"collection":[{"href":"https:\/\/www.fuldaernachrichten.de\/index.php?rest_route=\/wp\/v2\/posts"}],"about":[{"href":"https:\/\/www.fuldaernachrichten.de\/index.php?rest_route=\/wp\/v2\/types\/post"}],"author":[{"embeddable":true,"href":"https:\/\/www.fuldaernachrichten.de\/index.php?rest_route=\/wp\/v2\/users\/1"}],"replies":[{"embeddable":true,"href":"https:\/\/www.fuldaernachrichten.de\/index.php?rest_route=%2Fwp%2Fv2%2Fcomments&post=3106"}],"version-history":[{"count":0,"href":"https:\/\/www.fuldaernachrichten.de\/index.php?rest_route=\/wp\/v2\/posts\/3106\/revisions"}],"wp:attachment":[{"href":"https:\/\/www.fuldaernachrichten.de\/index.php?rest_route=%2Fwp%2Fv2%2Fmedia&parent=3106"}],"wp:term":[{"taxonomy":"category","embeddable":true,"href":"https:\/\/www.fuldaernachrichten.de\/index.php?rest_route=%2Fwp%2Fv2%2Fcategories&post=3106"},{"taxonomy":"post_tag","embeddable":true,"href":"https:\/\/www.fuldaernachrichten.de\/index.php?rest_route=%2Fwp%2Fv2%2Ftags&post=3106"}],"curies":[{"name":"wp","href":"https:\/\/api.w.org\/{rel}","templated":true}]}}