{"id":3102,"date":"2007-05-12T06:33:52","date_gmt":"2007-05-12T04:33:52","guid":{"rendered":"http:\/\/www.schoene-nachrichten.de\/?p=3102"},"modified":"2007-05-12T06:36:11","modified_gmt":"2007-05-12T04:36:11","slug":"compassion-lichtkunst-in-st-elisabeth","status":"publish","type":"post","link":"https:\/\/www.fuldaernachrichten.de\/?p=3102","title":{"rendered":"com\/\/PASSION &#8211; Lichtkunst in St. Elisabeth"},"content":{"rendered":"<p><strong>Sch\u00f6nes aus Kassel.<\/strong> Bereits seit 5 Jahren beteiligen sich die katholischen Kirchengemeinden in Kassel und das Bistum Fulda an der Diskussion zwischen zeitgen\u00f6ssischer Kunst und Kirche und wollen nun \u2013 zum zweiten Mal mit einer Ausstellung &#8211; diesen Dialog zur Zeit der documenta 12 fortsetzen. In diesem Jahr zeigt die Kirche St. Elisabeth in Kassel vom 02. Juni bis 30. September 2007 die Ausstellung com\/\/PASSION mit Arbeiten der beiden Lichtk\u00fcnstler Katarina Veldhues und Gottfried Schumacher.<\/p>\n<p><strong>Fotos (3):<\/strong> ARTIX\u00c2\u00a0<\/p>\n<p><a rel=\"lightbox[roadtrip]\" target=\"_blank\" href=\"http:\/\/www.schoene-nachrichten.de\/wp-content\/uploads\/2007\/05\/070511_ansicht-seitenfenste.jpg\" title=\"070511_ansicht-seitenfenste.jpg\"><img decoding=\"async\" src=\"http:\/\/www.schoene-nachrichten.de\/wp-content\/uploads\/2007\/05\/070511_ansicht-seitenfenste.thumbnail.jpg\" alt=\"070511_ansicht-seitenfenste.jpg\" \/><\/a>\u00c2\u00a0<a rel=\"lightbox[roadtrip]\" target=\"_blank\" href=\"http:\/\/www.schoene-nachrichten.de\/wp-content\/uploads\/2007\/05\/070511_fenster-und-schatten.jpg\" title=\"070511_fenster-und-schatten.jpg\"><img decoding=\"async\" src=\"http:\/\/www.schoene-nachrichten.de\/wp-content\/uploads\/2007\/05\/070511_fenster-und-schatten.thumbnail.jpg\" alt=\"070511_fenster-und-schatten.jpg\" \/><\/a> <a rel=\"lightbox[roadtrip]\" target=\"_blank\" href=\"http:\/\/www.schoene-nachrichten.de\/wp-content\/uploads\/2007\/05\/070511_seitenfenster-li.jpg\" title=\"070511_seitenfenster-li.jpg\"><img decoding=\"async\" src=\"http:\/\/www.schoene-nachrichten.de\/wp-content\/uploads\/2007\/05\/070511_seitenfenster-li.thumbnail.jpg\" alt=\"070511_seitenfenster-li.jpg\" \/><\/a><!--more--><\/p>\n<p>Compassion bedeutet \u201eMitleid\u201c oder \u201eLeben mit Leidenschaft\u201c und nimmt im Jahr ihres 800. Geburtstages direkten Bezug auf das f\u00fcr ihre Zeit ungew\u00f6hnlich fordernde und kompromisslose Leben und Wirken einer Frau des Mittelalters, das der Landgr\u00e4fin Elisabeth von Th\u00fcringen. Das Thema der Ausstellung ist ein zeitloses und immer w\u00e4hrend aktuelles: Der Mensch in seiner existenziellen und sozialen Verantwortung. Dar\u00fcber hinaus r\u00fcckt aber auch der Mensch als \u201eKreuztr\u00e4ger\u201c, in seiner Bindung an das Leben in den Fokus. Ebenso das Licht, das &#8211; im Sinne der christlichen Ikonographie &#8211; \u00fcber das Leid und die Bindung des K\u00f6rpers an die blo\u00dfe Materialit\u00e4t des Lebens hinausgeht.<\/p>\n<p>Als profilierte Licht- und Installationsk\u00fcnstler haben Katarina Veldhues und Gottfried Schumacher f\u00fcr die verschiedenen R\u00e4ume der Kirche St. Elisabeth in Kassel ein k\u00fcnstlerisches Konzept mit dem Licht, insbesondere dem Sonnenlicht, der Projektion und Fotografie entwickelt.<\/p>\n<p>Die zentrale Arbeit der Gesamtinstallation befindet sich in den Glasfenstern des Kircheninnenraumes. Sie besteht aus einer Choreografie von etwa 20 monumentalen Gro\u00dfbild-Farbdias mit Aufnahmen von Patienten und verschiedenen R\u00e4umen des Elisabethkrankenhauses, Kassel, aus einem Text von Aurelius Augustinus \u201e\u00dcber die Zeit\u201c und freigelassenen Fenstern, die sich zu den Seitenh\u00f6fen mit der Vegetation hin \u00f6ffnen und den Innenraum mit dem Au\u00dfenbereich verbinden.<\/p>\n<p>Eine weitere Arbeit befindet sich in einem der Nebenr\u00e4ume \u2013 der Krypta. Hierbei wird das Licht nicht sichtbar, aber dennoch wahrnehmbar in einer installierten\u00c2\u00a0 &#8211; und eigens f\u00fcr die Arbeit com\/\/PASSION und in Kooperation mit den K\u00fcnstlern entworfene Komposition des Organisten Ansgar Wallenhorst. Sph\u00e4rische Kl\u00e4nge erinnern an die Unendlichkeit des Raumes. Die Komposition ist in Anlehnung an das so genannte Restrauschen, dem astronomischen Grundrauschen, entwickelt worden.<\/p>\n<p>Katarina Veldhues und Gottfried Schumacher reflektieren mittels der Projektion und dem Licht historisch, sozial und politisch markante Orte im \u00f6ffentlichen Raum: urbane und industrielle Zonen ebenso wie den sakralen Raum (Westfassade K\u00f6lner Dom u.a.). Thema ihrer Auseinandersetzung ist vielfach der \u00dcBERGANG, die Orientierung an Grenzen und deren \u00dcberschreitungen und hieraus die Neudefinition f\u00fcr Mensch und Ort, &#8211; seine Schwelleng\u00e4nge als Z\u00e4suren von besonderer Offenheit.<\/p>\n","protected":false},"excerpt":{"rendered":"<div class=\"tmnf_excerpt\"><p>Sch\u00f6nes aus Kassel. Bereits seit 5 Jahren beteiligen sich die katholischen Kirchengemeinden in Kassel und das Bistum Fulda an der Diskussion zwischen zeitgen\u00f6ssischer Kunst und Kirche und wollen nun \u2013 zum zweiten Mal mit einer Ausstellung &#8211; diesen Dialog zur Zeit der documenta 12 fortsetzen. In diesem Jahr zeigt die Kirche St. Elisabeth in Kassel &hellip;<\/p>\n<\/div>","protected":false},"author":1,"featured_media":0,"comment_status":"closed","ping_status":"closed","sticky":false,"template":"","format":"standard","meta":{"footnotes":""},"categories":[1,50,44],"tags":[],"class_list":["post-3102","post","type-post","status-publish","format-standard","hentry","category-startseite","category-kirche","category-kultur"],"_links":{"self":[{"href":"https:\/\/www.fuldaernachrichten.de\/index.php?rest_route=\/wp\/v2\/posts\/3102","targetHints":{"allow":["GET"]}}],"collection":[{"href":"https:\/\/www.fuldaernachrichten.de\/index.php?rest_route=\/wp\/v2\/posts"}],"about":[{"href":"https:\/\/www.fuldaernachrichten.de\/index.php?rest_route=\/wp\/v2\/types\/post"}],"author":[{"embeddable":true,"href":"https:\/\/www.fuldaernachrichten.de\/index.php?rest_route=\/wp\/v2\/users\/1"}],"replies":[{"embeddable":true,"href":"https:\/\/www.fuldaernachrichten.de\/index.php?rest_route=%2Fwp%2Fv2%2Fcomments&post=3102"}],"version-history":[{"count":0,"href":"https:\/\/www.fuldaernachrichten.de\/index.php?rest_route=\/wp\/v2\/posts\/3102\/revisions"}],"wp:attachment":[{"href":"https:\/\/www.fuldaernachrichten.de\/index.php?rest_route=%2Fwp%2Fv2%2Fmedia&parent=3102"}],"wp:term":[{"taxonomy":"category","embeddable":true,"href":"https:\/\/www.fuldaernachrichten.de\/index.php?rest_route=%2Fwp%2Fv2%2Fcategories&post=3102"},{"taxonomy":"post_tag","embeddable":true,"href":"https:\/\/www.fuldaernachrichten.de\/index.php?rest_route=%2Fwp%2Fv2%2Ftags&post=3102"}],"curies":[{"name":"wp","href":"https:\/\/api.w.org\/{rel}","templated":true}]}}