{"id":310,"date":"2006-12-12T20:25:54","date_gmt":"2006-12-12T19:25:54","guid":{"rendered":"http:\/\/www.schoene-nachrichten.de\/?p=310"},"modified":"2006-12-12T20:25:54","modified_gmt":"2006-12-12T19:25:54","slug":"gelungene-seniorenweihnachtsfeiern","status":"publish","type":"post","link":"https:\/\/www.fuldaernachrichten.de\/?p=310","title":{"rendered":"Gelungene Seniorenweihnachtsfeiern"},"content":{"rendered":"<p><strong>Sch\u00f6nes aus Burghaun.<\/strong> Am vergangenen Sonntag\u00c2\u00a0besuchten wieder viele Seniorinnen und Senioren aus der Marktgemeinde Burghaun das abwechslungsreiche und weihnachtliche Festprogramm der diesj\u00e4hrigen Seniorenweihnachtsfeiern in den Dorfgemeinschaftsh\u00e4usern Langenschwarz und Rothenkirchen.<\/p>\n<p>\u00c2\u00a0<\/p>\n<p><a title=\"Foto: Gemeinde Burghaun\" href=\"http:\/\/www.schoene-nachrichten.de\/wp-content\/uploads\/2006\/12\/061212_senioren1.jpg\" target=\"_blank\"><img decoding=\"async\" id=\"image315\" height=\"84\" alt=\"061212_senioren1.jpg\" src=\"http:\/\/www.schoene-nachrichten.de\/wp-content\/uploads\/2006\/12\/061212_senioren1.thumbnail.jpg\" \/><\/a>\u00c2\u00a0<a title=\"Foto: Gemeinde Burghaun\" href=\"http:\/\/www.schoene-nachrichten.de\/wp-content\/uploads\/2006\/12\/061212_senioren2.jpg\" target=\"_blank\"><img decoding=\"async\" id=\"image316\" height=\"84\" alt=\"061212_senioren2.jpg\" src=\"http:\/\/www.schoene-nachrichten.de\/wp-content\/uploads\/2006\/12\/061212_senioren2.thumbnail.jpg\" \/><\/a><\/p>\n<p>\u00c2\u00a0<\/p>\n<p><!--more--><br \/>\nNachdem B\u00fcrgermeister Alexander Hohmann die G\u00e4ste und die anwesenden Pfarrer begr\u00fc\u00dft hatte, dankte er allen Mitwirkenden aus den verschiedenen Vereinen f\u00fcr die feierliche Gestaltung der Weihnachtsfeiern. Sichtlich erfreut war der B\u00fcrgermeister \u00fcber die zahlreiche Teilnahme der Seniorinnen und Senioren.\u00c2\u00a0Die sei\u00c2\u00a0Best\u00e4tigung daf\u00fcr, dass die Seniorenveranstaltungen, sei es Fasching, Kirmes und die Seniorenfahrten, angemessen auf die W\u00fcnsche der \u00e4lteren Generation abgestimmt werden.<\/p>\n<p>\u00c2\u00a0<\/p>\n<p>Da \u00e4ltere Menschen zuk\u00fcnftig einen immer gr\u00f6\u00dfer werdenden Teil der Gesellschaft ausmachen, sei es wichtig,\u00c2\u00a0sie nicht zu vergessen, sondern sie zu sch\u00e4tzen und zu achten, betonte Hohmann.\u00c2\u00a0Denn diese Generation zeichne sich durch Erfahrung, Tradiitionsbewusstsein und Gelassenheit aus -\u00c2\u00a0Eigenschaften,\u00c2\u00a0die vielen j\u00fcngeren Menschen heute fehlten.<\/p>\n<p>\u00c2\u00a0<\/p>\n<p>Folgende Vereine und Personen brachten sich mit Musik und Gedichtbeitr\u00e4gen ein: in Langenschwarz: Ev. Posaunenchor Langenschwarz, Kinderchor des Ev. Kirchspieles Langenschwarz, Singkreis Gro\u00dfenmoor, Karin Bohl, Anna und Julia Fischer, Bernice, Hannah und Tabea Stubinitzky und der Ev. Kirchenchor Langenschwarz; in Rothenkirchen: Chorvereinigung 05 Burghaun, Jugend Rote Kreuz Burghaun und die Gitarrengruppe um Ulrike Herget \u2013 Musik macht Spa\u00df<\/p>\n<p>\u00c2\u00a0<\/p>\n<p>B\u00fcrgermeister Hohmann dankte allen Mitwirkenden f\u00fcr ihre Beitr\u00e4ge und w\u00fcnschte allen G\u00e4sten einen sch\u00f6nen Nachmittag, ein sch\u00f6nes Weihnachtsfest und Gesundheit f\u00fcr das kommende Jahr.Wie jedes Jahr wurden die Weihnachtsfeiern stilvoll durch das Deutsche Rote Kreuz ausgerichtet. F\u00fcr\u00c2\u00a0die\u00c2\u00a0Ortsvereinigung Langenschwarz, Leitung Herr Andreas Lips\u00c2\u00a0und f\u00fcr Rothenkirchen Ortsvereinigung Burghaun, Leitung Frau Elisabeth Wink.<\/p>\n<p>\u00c2\u00a0<\/p>\n","protected":false},"excerpt":{"rendered":"<div class=\"tmnf_excerpt\"><p>Sch\u00f6nes aus Burghaun. Am vergangenen Sonntag\u00c2\u00a0besuchten wieder viele Seniorinnen und Senioren aus der Marktgemeinde Burghaun das abwechslungsreiche und weihnachtliche Festprogramm der diesj\u00e4hrigen Seniorenweihnachtsfeiern in den Dorfgemeinschaftsh\u00e4usern Langenschwarz und Rothenkirchen. \u00c2\u00a0 \u00c2\u00a0 \u00c2\u00a0<\/p>\n<\/div>","protected":false},"author":1,"featured_media":0,"comment_status":"closed","ping_status":"closed","sticky":false,"template":"","format":"standard","meta":{"footnotes":""},"categories":[1],"tags":[],"class_list":["post-310","post","type-post","status-publish","format-standard","hentry","category-startseite"],"_links":{"self":[{"href":"https:\/\/www.fuldaernachrichten.de\/index.php?rest_route=\/wp\/v2\/posts\/310","targetHints":{"allow":["GET"]}}],"collection":[{"href":"https:\/\/www.fuldaernachrichten.de\/index.php?rest_route=\/wp\/v2\/posts"}],"about":[{"href":"https:\/\/www.fuldaernachrichten.de\/index.php?rest_route=\/wp\/v2\/types\/post"}],"author":[{"embeddable":true,"href":"https:\/\/www.fuldaernachrichten.de\/index.php?rest_route=\/wp\/v2\/users\/1"}],"replies":[{"embeddable":true,"href":"https:\/\/www.fuldaernachrichten.de\/index.php?rest_route=%2Fwp%2Fv2%2Fcomments&post=310"}],"version-history":[{"count":0,"href":"https:\/\/www.fuldaernachrichten.de\/index.php?rest_route=\/wp\/v2\/posts\/310\/revisions"}],"wp:attachment":[{"href":"https:\/\/www.fuldaernachrichten.de\/index.php?rest_route=%2Fwp%2Fv2%2Fmedia&parent=310"}],"wp:term":[{"taxonomy":"category","embeddable":true,"href":"https:\/\/www.fuldaernachrichten.de\/index.php?rest_route=%2Fwp%2Fv2%2Fcategories&post=310"},{"taxonomy":"post_tag","embeddable":true,"href":"https:\/\/www.fuldaernachrichten.de\/index.php?rest_route=%2Fwp%2Fv2%2Ftags&post=310"}],"curies":[{"name":"wp","href":"https:\/\/api.w.org\/{rel}","templated":true}]}}