{"id":3099,"date":"2007-05-11T23:36:08","date_gmt":"2007-05-11T21:36:08","guid":{"rendered":"http:\/\/www.schoene-nachrichten.de\/?p=3099"},"modified":"2007-05-12T23:39:56","modified_gmt":"2007-05-12T21:39:56","slug":"regierungspraesident-lutz-klein-bereiste-landkreis-fulda","status":"publish","type":"post","link":"https:\/\/www.fuldaernachrichten.de\/?p=3099","title":{"rendered":"Regierungspr\u00e4sident Lutz Klein bereiste Landkreis Fulda"},"content":{"rendered":"<p><a rel=\"lightbox[roadtrip]\" target=\"_blank\" href=\"http:\/\/www.schoene-nachrichten.de\/wp-content\/uploads\/2007\/05\/070511_klein.jpg\" title=\"070511_klein.jpg\"><img decoding=\"async\" align=\"left\" src=\"http:\/\/www.schoene-nachrichten.de\/wp-content\/uploads\/2007\/05\/070511_klein.thumbnail.jpg\" hspace=\"5\" alt=\"070511_klein.jpg\" \/><\/a><strong>Leute.<\/strong> Als letzte Station seiner Kreisbereisung besuchte Regierungspr\u00e4sident Lutz Klein auch die Wasserkuppe. Sein besonderes Interesse galt der k\u00fcnftigen Nutzung des Radoms. Bevor der Regierungspr\u00e4sident gemeinsam mit Landrat Bernd Woide sowie den B\u00fcrgermeistern Margit Trittin (Gersfeld), Manfred Helfrich (Poppenhausen) und Thomas Schreiner (Ehrenberg) die Radarkuppel mit ihrer Aussichtsplattform besichtigte, unterzeichnete er im Rh\u00f6n-Info-Zentrum eine Verwaltungsvereinbarung zwischen dem Land Hessen und dem Landkreis Fulda, in der die Einf\u00fchrung der elektronischen Einb\u00fcrgerung geregelt ist.<!--more--><\/p>\n<p>Im vergangenen November hatte das Hessische Ministerium f\u00fcr Inneres und Sport nachgefragt, welche Beh\u00f6rden bereit seien, sich dem in einer Pilotphase erprobten elektronischen Einb\u00fcrgerungsverfahren anzuschlie\u00dfen. Die Fachabteilung der Kreisverwaltung wird Ende Mai ans Netz gehen und eine zentrale Datenbank zur Bearbeitung aller Vorg\u00e4nge im Zusammenhang mit einer Einb\u00fcrgerung nutzen. In der Verwaltungsvereinbarung ist festgelegt, dass das Land die Entwicklungs-, Betriebs- und Pflegekosten einschlie\u00dflich der Kosten f\u00fcr die erforderlichen Lizenzen sowie der Landkreis die Kosten f\u00fcr die Ausstattung der Arbeitspl\u00e4tze tr\u00e4gt.<\/p>\n<p>Regierungspr\u00e4sident Lutz Klein erinnerte an den Ma\u00dfnahmenkatalog der Hessischen Landesregierung zur Umsetzung ihres Integrationskonzepts, wozu auch eine Einb\u00fcrgerungsoffensive z\u00e4hle, die mit den modernen elektronischen M\u00f6glichkeiten wesentlich erleichtert werde. Laut Landrat Bernd Woide soll mit Hilfe des neuen Verfahrens die Einb\u00fcrgerungsverwaltung in der Au\u00dfenwahrnehmung ungeachtet der unterschiedlichen Zust\u00e4ndigkeiten als Einheit erscheinen, die Zusammenarbeit der beteiligten Beh\u00f6rden vereinfacht sowie ein Beitrag zur Verbesserung der Einb\u00fcrgerungsmotivation geleistet werden.<\/p>\n<p>Die Kreisbereisung des Regierungspr\u00e4sidenten hatte am Morgen in Rasdorf begonnen, wo er von B\u00fcrgermeister Berthold K\u00f6rbel begr\u00fc\u00dft wurde. Nach der Stiftskirche stand ein Besuch des Grenzmuseums Point Alpha auf dem Programm. Dort informierte sich Klein \u00fcber die Umbauarbeiten. Die Fahrt f\u00fchrte weiter zum Ausbesserungswerk der Deutschen Bahn in Fulda. Hier galt sein Interesse in Gegenwart von B\u00fcrgermeister Dr. Wolfgang Dippel, IHK-Hauptgesch\u00e4ftsf\u00fchrer Stefan Schunk und Vertretern der Bahn insbesondere der Ausbildungssituation. Anschlie\u00dfend konnte Klein seine F\u00e4higkeiten am ICE-Fahrsimulator erproben.<\/p>\n<p>Auf der Wasserkuppe war der Regierungspr\u00e4sidenten zum letzten Mal im vergangenen Herbst als Privatperson. Mit Freunden, die sich nach seinen Worten ausnahmslos von der Rh\u00f6n begeistert zeigten und unbedingt wiederkommen wollten, machte er eine Wanderung. Jetzt stand im Vordergrund seines Besuchs die k\u00fcnftige Nutzung des in das Eigentum der Stadt Gersfeld \u00fcbergegangenen Areals mit dem letzten auf dem Berggipfel verbliebenen Radom. Welch ein gro\u00dfartiges Landschaftsbild sich von der Aussichtsplattform bietet, konnte Lutz Klein erleben, als die Wolkendecke aufriss und den Blick bis zu den Kalibergen an der Werra frei gab.<\/p>\n","protected":false},"excerpt":{"rendered":"<div class=\"tmnf_excerpt\"><p>Leute. Als letzte Station seiner Kreisbereisung besuchte Regierungspr\u00e4sident Lutz Klein auch die Wasserkuppe. Sein besonderes Interesse galt der k\u00fcnftigen Nutzung des Radoms. Bevor der Regierungspr\u00e4sident gemeinsam mit Landrat Bernd Woide sowie den B\u00fcrgermeistern Margit Trittin (Gersfeld), Manfred Helfrich (Poppenhausen) und Thomas Schreiner (Ehrenberg) die Radarkuppel mit ihrer Aussichtsplattform besichtigte, unterzeichnete er im Rh\u00f6n-Info-Zentrum eine Verwaltungsvereinbarung &hellip;<\/p>\n<\/div>","protected":false},"author":1,"featured_media":0,"comment_status":"closed","ping_status":"closed","sticky":false,"template":"","format":"standard","meta":{"footnotes":""},"categories":[1,29,52],"tags":[],"class_list":["post-3099","post","type-post","status-publish","format-standard","hentry","category-startseite","category-politik","category-umwelt"],"_links":{"self":[{"href":"https:\/\/www.fuldaernachrichten.de\/index.php?rest_route=\/wp\/v2\/posts\/3099","targetHints":{"allow":["GET"]}}],"collection":[{"href":"https:\/\/www.fuldaernachrichten.de\/index.php?rest_route=\/wp\/v2\/posts"}],"about":[{"href":"https:\/\/www.fuldaernachrichten.de\/index.php?rest_route=\/wp\/v2\/types\/post"}],"author":[{"embeddable":true,"href":"https:\/\/www.fuldaernachrichten.de\/index.php?rest_route=\/wp\/v2\/users\/1"}],"replies":[{"embeddable":true,"href":"https:\/\/www.fuldaernachrichten.de\/index.php?rest_route=%2Fwp%2Fv2%2Fcomments&post=3099"}],"version-history":[{"count":0,"href":"https:\/\/www.fuldaernachrichten.de\/index.php?rest_route=\/wp\/v2\/posts\/3099\/revisions"}],"wp:attachment":[{"href":"https:\/\/www.fuldaernachrichten.de\/index.php?rest_route=%2Fwp%2Fv2%2Fmedia&parent=3099"}],"wp:term":[{"taxonomy":"category","embeddable":true,"href":"https:\/\/www.fuldaernachrichten.de\/index.php?rest_route=%2Fwp%2Fv2%2Fcategories&post=3099"},{"taxonomy":"post_tag","embeddable":true,"href":"https:\/\/www.fuldaernachrichten.de\/index.php?rest_route=%2Fwp%2Fv2%2Ftags&post=3099"}],"curies":[{"name":"wp","href":"https:\/\/api.w.org\/{rel}","templated":true}]}}