{"id":3098,"date":"2007-05-12T06:07:26","date_gmt":"2007-05-12T04:07:26","guid":{"rendered":"http:\/\/www.schoene-nachrichten.de\/?p=3098"},"modified":"2007-05-12T06:08:10","modified_gmt":"2007-05-12T04:08:10","slug":"auszeichnung-fuer-naturpark-hessische-rhoen","status":"publish","type":"post","link":"https:\/\/www.fuldaernachrichten.de\/?p=3098","title":{"rendered":"Auszeichnung f\u00fcr Naturpark Hessische Rh\u00f6n"},"content":{"rendered":"<p><strong><a rel=\"lightbox[roadtrip]\" target=\"_blank\" href=\"http:\/\/www.schoene-nachrichten.de\/wp-content\/uploads\/2007\/05\/070511_zertifizierung.jpg\" title=\"070511_zertifizierung.jpg\"><img decoding=\"async\" align=\"left\" src=\"http:\/\/www.schoene-nachrichten.de\/wp-content\/uploads\/2007\/05\/070511_zertifizierung.thumbnail.jpg\" hspace=\"5\" alt=\"070511_zertifizierung.jpg\" \/><\/a>Sch\u00f6nes aus der Rh\u00f6n.<\/strong> Der Naturpark Hessische Rh\u00f6n wurde als \u201eQualit\u00e4tsnaturpark\u201c ausgezeichnet. Der Gesch\u00e4ftsf\u00fchrer des Naturparks, Otto Evers, konnte das Zertifikat anl\u00e4sslich der Festveranstaltung \u201e40 Jahre Naturpark Bayerische Rh\u00f6n\u201c aus den H\u00e4nden des Pr\u00e4sidenten des Verbandes Deutscher Naturparke (VDN), Dr. Michael Arndt, und des Staatsministers im Bayerischen Ministerium f\u00fcr Umwelt, Gesundheit und Verbraucherschutz, Dr. Werner Schnappauf, entgegen nehmen.<!--more--><\/p>\n<p>Im Rahmen der Dachmarke \u201eNationale Naturlandschaften\u201c haben der VDN und EUROPARC Deutschland eine Qualit\u00e4tsoffensive gestartet. Ziel ist es, die Qualit\u00e4t und Kooperation in den 97 deutschen Naturparken zu verbessern. Dabei werden insbesondere die Handlungsfelder Natur und Landschaft, Tourismus und Erholung, Kommunikation und Bildung sowie Nachhaltige Regionalentwicklung bewertet. Die Auszeichnung als Qualit\u00e4tsnaturpark wird befristet bis zum Mai 2010 ausgesprochen. Danach kann sie nur durch erneute Nachweise wieder erworben werden.<\/p>\n<p>In der Begr\u00fcndung hei\u00dft es, dass sich der Naturpark Hessische Rh\u00f6n in den vergangenen Jahren insbesondere um eine Kooperation mit dem Fremdenverkehrsverband Rh\u00f6n, dem Rh\u00f6nklub, den St\u00e4dten und Gemeinden sowie dem Biosph\u00e4renreservat Rh\u00f6n bem\u00fcht und dabei die Besucherinformation und -lenkung ausgebaut habe. Aktuell arbeite der Naturpark an der Ausweisung der acht Extratouren des Hochrh\u00f6ners im Landkreis Fulda mit Zertifizierung durch das Deutsche Wanderinstitut sowie einer Zusammenf\u00fchrung von gemeindlichen und Naturparkwanderwegen. Landrat Bernd Woide bewertete die Auszeichnung als Best\u00e4tigung f\u00fcr eine rundum erfolgreiche Arbeit.<\/p>\n","protected":false},"excerpt":{"rendered":"<div class=\"tmnf_excerpt\"><p>Sch\u00f6nes aus der Rh\u00f6n. Der Naturpark Hessische Rh\u00f6n wurde als \u201eQualit\u00e4tsnaturpark\u201c ausgezeichnet. Der Gesch\u00e4ftsf\u00fchrer des Naturparks, Otto Evers, konnte das Zertifikat anl\u00e4sslich der Festveranstaltung \u201e40 Jahre Naturpark Bayerische Rh\u00f6n\u201c aus den H\u00e4nden des Pr\u00e4sidenten des Verbandes Deutscher Naturparke (VDN), Dr. Michael Arndt, und des Staatsministers im Bayerischen Ministerium f\u00fcr Umwelt, Gesundheit und Verbraucherschutz, Dr. Werner &hellip;<\/p>\n<\/div>","protected":false},"author":1,"featured_media":0,"comment_status":"closed","ping_status":"closed","sticky":false,"template":"","format":"standard","meta":{"footnotes":""},"categories":[1,52],"tags":[],"class_list":["post-3098","post","type-post","status-publish","format-standard","hentry","category-startseite","category-umwelt"],"_links":{"self":[{"href":"https:\/\/www.fuldaernachrichten.de\/index.php?rest_route=\/wp\/v2\/posts\/3098","targetHints":{"allow":["GET"]}}],"collection":[{"href":"https:\/\/www.fuldaernachrichten.de\/index.php?rest_route=\/wp\/v2\/posts"}],"about":[{"href":"https:\/\/www.fuldaernachrichten.de\/index.php?rest_route=\/wp\/v2\/types\/post"}],"author":[{"embeddable":true,"href":"https:\/\/www.fuldaernachrichten.de\/index.php?rest_route=\/wp\/v2\/users\/1"}],"replies":[{"embeddable":true,"href":"https:\/\/www.fuldaernachrichten.de\/index.php?rest_route=%2Fwp%2Fv2%2Fcomments&post=3098"}],"version-history":[{"count":0,"href":"https:\/\/www.fuldaernachrichten.de\/index.php?rest_route=\/wp\/v2\/posts\/3098\/revisions"}],"wp:attachment":[{"href":"https:\/\/www.fuldaernachrichten.de\/index.php?rest_route=%2Fwp%2Fv2%2Fmedia&parent=3098"}],"wp:term":[{"taxonomy":"category","embeddable":true,"href":"https:\/\/www.fuldaernachrichten.de\/index.php?rest_route=%2Fwp%2Fv2%2Fcategories&post=3098"},{"taxonomy":"post_tag","embeddable":true,"href":"https:\/\/www.fuldaernachrichten.de\/index.php?rest_route=%2Fwp%2Fv2%2Ftags&post=3098"}],"curies":[{"name":"wp","href":"https:\/\/api.w.org\/{rel}","templated":true}]}}