{"id":3079,"date":"2007-05-11T05:02:18","date_gmt":"2007-05-11T03:02:18","guid":{"rendered":"http:\/\/www.schoene-nachrichten.de\/?p=3079"},"modified":"2007-05-11T05:10:33","modified_gmt":"2007-05-11T03:10:33","slug":"tag-der-offenen-tuer-an-der-hochschule-fulda","status":"publish","type":"post","link":"https:\/\/www.fuldaernachrichten.de\/?p=3079","title":{"rendered":"&#8220;Tag der offenen T\u00fcr&#8221; an der Hochschule Fulda"},"content":{"rendered":"<p><strong>Termin.<\/strong>\u00c2\u00a0Am Mittwoch, dem 16. Mai, \u00f6ffnet\u00c2\u00a0die Hochschule Fulda\u00c2\u00a0ab 8.00 Uhr ihre T\u00fcren f\u00fcr die \u00d6ffentlichkeit. Dieser Tag richtet sich insbesondere an Sch\u00fcler und Abiturienten, die sich \u00fcber das Studienangebot informieren m\u00f6chten. <!--more--><\/p>\n<p>Das Angebot zum Tag der offenen T\u00fcr reicht von der Teilnahme an regul\u00e4ren Vorlesungen bis hin zu F\u00fchrungen, Experimenten in den Laboren und Aktionen studentischer Projektgruppen. In Einf\u00fchrungsveranstaltungen stellen sich die acht Fachbereiche vor. Insgesamt gibt es 80 Einzelveranstaltungen und in\u00c2\u00a0Halle 8 einen Info-Markt zum Studium.<\/p>\n<p>Der Pr\u00e4sident der Hochschule Fulda, Prof. Dr. Roland Schopf, wird um 9.30 Uhr die Teilnehmer \u2013 ebenfalls in der Halle 8 \u2013 begr\u00fc\u00dfen. Von 15.00 bis 16.30 Uhr findet eine Informationsveranstaltung f\u00fcr Lehrer \u00fcber die neuen Studieng\u00e4nge und Studienabschl\u00fcsse im SSC, Raum 5, statt.<\/p>\n","protected":false},"excerpt":{"rendered":"<div class=\"tmnf_excerpt\"><p>Termin.\u00c2\u00a0Am Mittwoch, dem 16. Mai, \u00f6ffnet\u00c2\u00a0die Hochschule Fulda\u00c2\u00a0ab 8.00 Uhr ihre T\u00fcren f\u00fcr die \u00d6ffentlichkeit. Dieser Tag richtet sich insbesondere an Sch\u00fcler und Abiturienten, die sich \u00fcber das Studienangebot informieren m\u00f6chten.<\/p>\n<\/div>","protected":false},"author":1,"featured_media":0,"comment_status":"closed","ping_status":"closed","sticky":false,"template":"","format":"standard","meta":{"footnotes":""},"categories":[1,53,48],"tags":[],"class_list":["post-3079","post","type-post","status-publish","format-standard","hentry","category-startseite","category-bildung","category-forschung"],"_links":{"self":[{"href":"https:\/\/www.fuldaernachrichten.de\/index.php?rest_route=\/wp\/v2\/posts\/3079","targetHints":{"allow":["GET"]}}],"collection":[{"href":"https:\/\/www.fuldaernachrichten.de\/index.php?rest_route=\/wp\/v2\/posts"}],"about":[{"href":"https:\/\/www.fuldaernachrichten.de\/index.php?rest_route=\/wp\/v2\/types\/post"}],"author":[{"embeddable":true,"href":"https:\/\/www.fuldaernachrichten.de\/index.php?rest_route=\/wp\/v2\/users\/1"}],"replies":[{"embeddable":true,"href":"https:\/\/www.fuldaernachrichten.de\/index.php?rest_route=%2Fwp%2Fv2%2Fcomments&post=3079"}],"version-history":[{"count":0,"href":"https:\/\/www.fuldaernachrichten.de\/index.php?rest_route=\/wp\/v2\/posts\/3079\/revisions"}],"wp:attachment":[{"href":"https:\/\/www.fuldaernachrichten.de\/index.php?rest_route=%2Fwp%2Fv2%2Fmedia&parent=3079"}],"wp:term":[{"taxonomy":"category","embeddable":true,"href":"https:\/\/www.fuldaernachrichten.de\/index.php?rest_route=%2Fwp%2Fv2%2Fcategories&post=3079"},{"taxonomy":"post_tag","embeddable":true,"href":"https:\/\/www.fuldaernachrichten.de\/index.php?rest_route=%2Fwp%2Fv2%2Ftags&post=3079"}],"curies":[{"name":"wp","href":"https:\/\/api.w.org\/{rel}","templated":true}]}}