{"id":3078,"date":"2007-05-13T06:35:39","date_gmt":"2007-05-13T04:35:39","guid":{"rendered":"http:\/\/www.schoene-nachrichten.de\/?p=3078"},"modified":"2012-09-30T08:53:07","modified_gmt":"2012-09-30T08:53:07","slug":"sport-gespraeche-hochschule-startet-adhs-projekt","status":"publish","type":"post","link":"https:\/\/www.fuldaernachrichten.de\/?p=3078","title":{"rendered":"Sport &#038; Gespr\u00e4che &#8211; Hochschule startet ADHS-Projekt"},"content":{"rendered":"<p><strong>Sch\u00f6nes aus Fulda.<\/strong> Studierende der Fachbereiche Oecotrophologie und Sozialwesen der Hochschule Fulda bieten unter der Leitung von Prof. Dr. Gudrun Ludwig vom Fachbereich Sozial- und Kulturwissenschaften ein Gespr\u00e4chs- und Sportangebot f\u00fcr Kinder mit ADHS im Grundschulalter (7\u201311 Jahre) an. <!--more--><\/p>\n<p>Das Projekt startet Mitte Mai. N\u00e4here Informationen \u00fcber dieses Programm sind unter der Adresse <a href=\"http:\/\/www.adhs-fulda.de\" target=\"_blank\">www.adhs-fulda.de<\/a> erh\u00e4ltlich.<\/p>\n<p>\u00dcber Gespr\u00e4che zusammen mit Eltern und Kind, bei denen eine kurze diagnostische Erhebung vorgenommen wird, wollen die Studierenden die Kinder besser kennen lernen und in geeignete Sportgruppen einteilen. Auch Kinder, bei denen noch keine Diagnose vorliegt, sind herzlich willkommen. Durch &#8211; Aufmerksamkeits \u2013 und Konzentrationsst\u00f6rungen, ausgepr\u00e4gte k\u00f6rperliche Unruhe und starken Bewegungsdrang (Hyperaktivit\u00e4t) oder impulsives und un\u00fcberlegtes Handeln.<\/p>\n<p>Das Angebot der Projektgruppe an betroffene Eltern und Kinder:<br \/>\n&#8211; gemeinsames Gespr\u00e4ch mit anschlie\u00dfender Analyse<br \/>\n&#8211; Einzelgespr\u00e4ch und Tests mit den Kindern<br \/>\n&#8211; Einteilung nach Interessen in Sportgruppen<br \/>\n&#8211; w\u00f6chentlich stattfindendes, verhaltensorientiertes Sportprogramm.<\/p>\n","protected":false},"excerpt":{"rendered":"<div class=\"tmnf_excerpt\"><p>Sch\u00f6nes aus Fulda. Studierende der Fachbereiche Oecotrophologie und Sozialwesen der Hochschule Fulda bieten unter der Leitung von Prof. Dr. Gudrun Ludwig vom Fachbereich Sozial- und Kulturwissenschaften ein Gespr\u00e4chs- und Sportangebot f\u00fcr Kinder mit ADHS im Grundschulalter (7\u201311 Jahre) an.<\/p>\n<\/div>","protected":false},"author":1,"featured_media":0,"comment_status":"closed","ping_status":"closed","sticky":false,"template":"","format":"standard","meta":{"footnotes":""},"categories":[1,53,48],"tags":[],"class_list":["post-3078","post","type-post","status-publish","format-standard","hentry","category-startseite","category-bildung","category-forschung"],"_links":{"self":[{"href":"https:\/\/www.fuldaernachrichten.de\/index.php?rest_route=\/wp\/v2\/posts\/3078","targetHints":{"allow":["GET"]}}],"collection":[{"href":"https:\/\/www.fuldaernachrichten.de\/index.php?rest_route=\/wp\/v2\/posts"}],"about":[{"href":"https:\/\/www.fuldaernachrichten.de\/index.php?rest_route=\/wp\/v2\/types\/post"}],"author":[{"embeddable":true,"href":"https:\/\/www.fuldaernachrichten.de\/index.php?rest_route=\/wp\/v2\/users\/1"}],"replies":[{"embeddable":true,"href":"https:\/\/www.fuldaernachrichten.de\/index.php?rest_route=%2Fwp%2Fv2%2Fcomments&post=3078"}],"version-history":[{"count":1,"href":"https:\/\/www.fuldaernachrichten.de\/index.php?rest_route=\/wp\/v2\/posts\/3078\/revisions"}],"predecessor-version":[{"id":102411,"href":"https:\/\/www.fuldaernachrichten.de\/index.php?rest_route=\/wp\/v2\/posts\/3078\/revisions\/102411"}],"wp:attachment":[{"href":"https:\/\/www.fuldaernachrichten.de\/index.php?rest_route=%2Fwp%2Fv2%2Fmedia&parent=3078"}],"wp:term":[{"taxonomy":"category","embeddable":true,"href":"https:\/\/www.fuldaernachrichten.de\/index.php?rest_route=%2Fwp%2Fv2%2Fcategories&post=3078"},{"taxonomy":"post_tag","embeddable":true,"href":"https:\/\/www.fuldaernachrichten.de\/index.php?rest_route=%2Fwp%2Fv2%2Ftags&post=3078"}],"curies":[{"name":"wp","href":"https:\/\/api.w.org\/{rel}","templated":true}]}}