{"id":3058,"date":"2007-05-09T19:44:46","date_gmt":"2007-05-09T17:44:46","guid":{"rendered":"http:\/\/www.schoene-nachrichten.de\/?p=3058"},"modified":"2007-05-09T19:44:46","modified_gmt":"2007-05-09T17:44:46","slug":"kanu-nachwuchsteam-erfolgreich-auf-der-sieg","status":"publish","type":"post","link":"https:\/\/www.fuldaernachrichten.de\/?p=3058","title":{"rendered":"Kanu-Nachwuchsteam erfolgreich auf der Sieg"},"content":{"rendered":"<p><strong>Sch\u00f6nes vom Sport.<\/strong> Um interessierten Sch\u00fclern und Jugendlichen eine eigene Plattform f\u00fcr den Einstieg in den\u00c2\u00a0Kanusport zu bieten, haben sich im Deutschen Kanu-Verband eine Vielzahl von Nachwuchsrennen etabliert, bei denen nicht allein der Leistungssport im Vordergrund steht, sondern auch ein ansprechendes Rahmenprogramm geboten wird. Einer dieser Wettk\u00e4mpfe ist\u00c2\u00a0das Rennen in Siegburg, zu dem sich am vergangenen Wochenende fast 30 Vereine mit ihren\u00c2\u00a0 Nachwuchsathleten trafen.<!--more--><\/p>\n<p>Die Fuldaer Trainerinnen Eva Wehner und Elke Piaskowski hatten elf ihrer Sch\u00fctzlinge f\u00fcr die Rennen auf der klassischen und der Sprintdistanz ausgew\u00e4hlt, um bei entsprechenden Leistungen weitere Talentf\u00f6rderma\u00dfnahmen einleiten zu k\u00f6nnen. Und die Auswahl war anscheinend genau die richtige.<\/p>\n<p>Lilofee Stark dominierte das Rennen der Sch\u00fclerinnen B (10-12 Jahre) im Kajak-Einer. Sie siegte in beiden Leistungsvergleichen. Auf\u00c2\u00a0 den Sprint-Pl\u00e4tzen 5 und 6 zeigten Isabel Heidler (Classic 5.) und Lea Klein (Classic 7.) hervorragende Anschlussleistungen.<\/p>\n<p>Bei den J\u00fcngsten, den Sch\u00fclern C (7-9 Jahre) holte sich Johannes Rainer die Bronzemedaille im Sprint; in seiner \u201eklassischen\u201c Lieblingsdisziplin kam er sogar auf den Silberrang.<\/p>\n<p>Auch Joshua Piaskowski fuhr im Sprint auf Rang 3 und in der Classic auf das Silberpodest. Mit Platz 12 (14), 14 (16), 15 (19) zeigten Aaron Reith, Moritz Fladung und Dainis Hedtke, eine steigende Leistungsentwicklung.<\/p>\n<p>Fabienne Pietron ging im Rennen der Sch\u00fclerinnen A (13-14 Jahre) an den Start. Sie freute sich \u00fcber den 6. Platz im Sprint. Mit Rang 8 auf der klassischen Strecke war sie allerdings nicht ganz zufrieden. In der gleichen Altersklasse belegte Andre Koch bei den m\u00e4nnlichen Sch\u00fclern die Pl\u00e4tze 17 und 18.<\/p>\n<p>\u201eDas ist heute super gelaufen\u201c, war der Kommentar von Maurice Koch. Zwei vierte Pl\u00e4tze bei der m\u00e4nnlichen Jugend waren der Grund hierf\u00fcr. Die Abst\u00e4nde auf Medaillenpl\u00e4tze waren denkbar knapp. KCF-Cheftrainer Harald Piaskowski zeigte sich aufgrund der Ergebnisse \u00fcberzeugt, dass er in den Reihen der Nachwuchsfahrer einige Talente f\u00fcr seine 1. Mannschaft finden wird.<br \/>\n\u00c2\u00a0<\/p>\n","protected":false},"excerpt":{"rendered":"<div class=\"tmnf_excerpt\"><p>Sch\u00f6nes vom Sport. Um interessierten Sch\u00fclern und Jugendlichen eine eigene Plattform f\u00fcr den Einstieg in den\u00c2\u00a0Kanusport zu bieten, haben sich im Deutschen Kanu-Verband eine Vielzahl von Nachwuchsrennen etabliert, bei denen nicht allein der Leistungssport im Vordergrund steht, sondern auch ein ansprechendes Rahmenprogramm geboten wird. Einer dieser Wettk\u00e4mpfe ist\u00c2\u00a0das Rennen in Siegburg, zu dem sich am &hellip;<\/p>\n<\/div>","protected":false},"author":1,"featured_media":0,"comment_status":"closed","ping_status":"closed","sticky":false,"template":"","format":"standard","meta":{"footnotes":""},"categories":[1,46],"tags":[],"class_list":["post-3058","post","type-post","status-publish","format-standard","hentry","category-startseite","category-sport"],"_links":{"self":[{"href":"https:\/\/www.fuldaernachrichten.de\/index.php?rest_route=\/wp\/v2\/posts\/3058","targetHints":{"allow":["GET"]}}],"collection":[{"href":"https:\/\/www.fuldaernachrichten.de\/index.php?rest_route=\/wp\/v2\/posts"}],"about":[{"href":"https:\/\/www.fuldaernachrichten.de\/index.php?rest_route=\/wp\/v2\/types\/post"}],"author":[{"embeddable":true,"href":"https:\/\/www.fuldaernachrichten.de\/index.php?rest_route=\/wp\/v2\/users\/1"}],"replies":[{"embeddable":true,"href":"https:\/\/www.fuldaernachrichten.de\/index.php?rest_route=%2Fwp%2Fv2%2Fcomments&post=3058"}],"version-history":[{"count":0,"href":"https:\/\/www.fuldaernachrichten.de\/index.php?rest_route=\/wp\/v2\/posts\/3058\/revisions"}],"wp:attachment":[{"href":"https:\/\/www.fuldaernachrichten.de\/index.php?rest_route=%2Fwp%2Fv2%2Fmedia&parent=3058"}],"wp:term":[{"taxonomy":"category","embeddable":true,"href":"https:\/\/www.fuldaernachrichten.de\/index.php?rest_route=%2Fwp%2Fv2%2Fcategories&post=3058"},{"taxonomy":"post_tag","embeddable":true,"href":"https:\/\/www.fuldaernachrichten.de\/index.php?rest_route=%2Fwp%2Fv2%2Ftags&post=3058"}],"curies":[{"name":"wp","href":"https:\/\/api.w.org\/{rel}","templated":true}]}}