{"id":3054,"date":"2007-05-09T19:30:24","date_gmt":"2007-05-09T17:30:24","guid":{"rendered":"http:\/\/www.schoene-nachrichten.de\/?p=3054"},"modified":"2007-05-09T19:46:57","modified_gmt":"2007-05-09T17:46:57","slug":"umwelt-info-des-landkreises-erschienen","status":"publish","type":"post","link":"https:\/\/www.fuldaernachrichten.de\/?p=3054","title":{"rendered":"Umwelt-Info des Landkreises erschienen"},"content":{"rendered":"<p><strong>Sch\u00f6nes aus Fulda.<\/strong> Einen aktuellen \u00dcberblick \u00fcber die Entsorgungssituation im Landkreis Fulda gibt die Info-Brosch\u00fcre \u201eAbfall von A bis Z\u201c. <!--more--><\/p>\n<p>Sie ist in einer Auflage von 10.000 Exemplaren erschienen und wird im Lauf dieser Woche an die kreisangeh\u00f6rigen St\u00e4dte und Gemeinden mit Ausnahme der Stadt Fulda verteilt, die nicht dem Abfallzweckverband angeh\u00f6rt und abweichende Sammelsysteme aufweist. Dies teilte der Landkreis Fulda heute mit.<\/p>\n<p>Au\u00dfer bei den Stadt- und Gemeindeverwaltungen k\u00f6nne die Brosch\u00fcre kostenlos beim Umweltamt des Landkreises Fulda, Tel.: 0661\/6006-381, eMail: <a href=\"mailto:umweltamt@landkreis-fulda.de\">umweltamt@landkreis-fulda.de<\/a>, angefordert werden.<\/p>\n","protected":false},"excerpt":{"rendered":"<div class=\"tmnf_excerpt\"><p>Sch\u00f6nes aus Fulda. Einen aktuellen \u00dcberblick \u00fcber die Entsorgungssituation im Landkreis Fulda gibt die Info-Brosch\u00fcre \u201eAbfall von A bis Z\u201c.<\/p>\n<\/div>","protected":false},"author":1,"featured_media":0,"comment_status":"closed","ping_status":"closed","sticky":false,"template":"","format":"standard","meta":{"footnotes":""},"categories":[1,52],"tags":[],"class_list":["post-3054","post","type-post","status-publish","format-standard","hentry","category-startseite","category-umwelt"],"_links":{"self":[{"href":"https:\/\/www.fuldaernachrichten.de\/index.php?rest_route=\/wp\/v2\/posts\/3054","targetHints":{"allow":["GET"]}}],"collection":[{"href":"https:\/\/www.fuldaernachrichten.de\/index.php?rest_route=\/wp\/v2\/posts"}],"about":[{"href":"https:\/\/www.fuldaernachrichten.de\/index.php?rest_route=\/wp\/v2\/types\/post"}],"author":[{"embeddable":true,"href":"https:\/\/www.fuldaernachrichten.de\/index.php?rest_route=\/wp\/v2\/users\/1"}],"replies":[{"embeddable":true,"href":"https:\/\/www.fuldaernachrichten.de\/index.php?rest_route=%2Fwp%2Fv2%2Fcomments&post=3054"}],"version-history":[{"count":0,"href":"https:\/\/www.fuldaernachrichten.de\/index.php?rest_route=\/wp\/v2\/posts\/3054\/revisions"}],"wp:attachment":[{"href":"https:\/\/www.fuldaernachrichten.de\/index.php?rest_route=%2Fwp%2Fv2%2Fmedia&parent=3054"}],"wp:term":[{"taxonomy":"category","embeddable":true,"href":"https:\/\/www.fuldaernachrichten.de\/index.php?rest_route=%2Fwp%2Fv2%2Fcategories&post=3054"},{"taxonomy":"post_tag","embeddable":true,"href":"https:\/\/www.fuldaernachrichten.de\/index.php?rest_route=%2Fwp%2Fv2%2Ftags&post=3054"}],"curies":[{"name":"wp","href":"https:\/\/api.w.org\/{rel}","templated":true}]}}