{"id":30485,"date":"2009-05-11T09:36:08","date_gmt":"2009-05-11T07:36:08","guid":{"rendered":"http:\/\/www.schoene-nachrichten.de\/?p=30485"},"modified":"2009-06-03T16:20:39","modified_gmt":"2009-06-03T14:20:39","slug":"bilder-fehlen-adac-rallye-200-rund-um-den-alheimer-erfolgreich-ohne-crashs-schaeden","status":"publish","type":"post","link":"https:\/\/www.fuldaernachrichten.de\/?p=30485","title":{"rendered":"ADAC Rallye 200 &#8220;Rund um den Alheimer&#8221; erfolgreich: Ohne Crashs &#038; Sch\u00e4den"},"content":{"rendered":"<p><strong>Motorsport.<\/strong> Von 72 genannten Teilnehmern starteten am Wochenende 67 in \u201edas Ding\u201c, die 23. ADAC Rallye 200 &#8220;Rund um den Alheimer&#8221;. 52 Teilnehmer fuhren in die Wertungsl\u00e4ufe. Insgesamt zog die Organisationsleitung des MSC Braach 1980 e.V. im ADAC ein positives Fazit aus dem Rennen. Rund 2.000 Zuschauer entlang den Strecken &#8220;Am Stock&#8221;, &#8220;Schwarzer Stock&#8221; und am Truppen\u00fcbungsplatz in Rotenburg erlebten eine spannende Rallye ohne Zwischenf\u00e4lle.<\/p>\n<p><strong>Fotos (55):<\/strong> Torsten Heyer | rallye-mad.com<\/p>\n<p><a title=\"Foto: Torsten Heyer | rallye-mad.com\" rel=\"lightbox[roadtrip]\" href=\"http:\/\/www.schoene-nachrichten.de\/wp-content\/uploads\/2008\/Marco\/090511_braach_001.jpg\" target=\"_blank\"><img decoding=\"async\" src=\"http:\/\/www.schoene-nachrichten.de\/wp-content\/uploads\/2008\/Marco\/090511_braach_001.thumb.jpg\" alt=\"090511_braach_001.jpg\" width=\"265\" \/><\/a> <a title=\"Foto: Torsten Heyer | rallye-mad.com\" rel=\"lightbox[roadtrip]\" href=\"http:\/\/www.schoene-nachrichten.de\/wp-content\/uploads\/2008\/Marco\/090511_braach_002.jpg\" target=\"_blank\"><img decoding=\"async\" src=\"http:\/\/www.schoene-nachrichten.de\/wp-content\/uploads\/2008\/Marco\/090511_braach_002.thumb.jpg\" alt=\"090511_braach_002.jpg\" width=\"265\" \/><\/a><br \/>\n<!--more--><\/p>\n<p>14 Vertreter der regionalen und \u00fcberregionalen Presse, darunter ein Pressefotograf eines englischen Motorsportmagazins, der hierzu aus London angereist war, konnten interessante Bilder einfangen. Gef\u00e4hrliche Crashs und nennenswerte Sch\u00e4den blieben aus, sodass sich die Rennteams voll und ganz auf die sportlichen Herausforderungen konzentrieren konnten.<\/p>\n<p><a title=\"Foto: Torsten Heyer | rallye-mad.com\" rel=\"lightbox[roadtrip]\" href=\"http:\/\/www.schoene-nachrichten.de\/wp-content\/uploads\/2008\/Marco\/090511_braach_003.jpg\" target=\"_blank\"><img decoding=\"async\" src=\"http:\/\/www.schoene-nachrichten.de\/wp-content\/uploads\/2008\/Marco\/090511_braach_003.thumb.jpg\" alt=\"090511_braach_003.jpg\" width=\"265\" \/><\/a> <a title=\"Foto: Torsten Heyer | rallye-mad.com\" rel=\"lightbox[roadtrip]\" href=\"http:\/\/www.schoene-nachrichten.de\/wp-content\/uploads\/2008\/Marco\/090511_braach_004.jpg\" target=\"_blank\"><img decoding=\"async\" src=\"http:\/\/www.schoene-nachrichten.de\/wp-content\/uploads\/2008\/Marco\/090511_braach_004.thumb.jpg\" alt=\"090511_braach_004.jpg\" width=\"265\" \/><\/a><\/p>\n<p><a title=\"Foto: Torsten Heyer | rallye-mad.com\" rel=\"lightbox[roadtrip]\" href=\"http:\/\/www.schoene-nachrichten.de\/wp-content\/uploads\/2008\/Marco\/090511_braach_005.jpg\" target=\"_blank\"><img decoding=\"async\" src=\"http:\/\/www.schoene-nachrichten.de\/wp-content\/uploads\/2008\/Marco\/090511_braach_005.thumb.jpg\" alt=\"090511_braach_005.jpg\" width=\"265\" \/><\/a> <a title=\"Foto: Torsten Heyer | rallye-mad.com\" rel=\"lightbox[roadtrip]\" href=\"http:\/\/www.schoene-nachrichten.de\/wp-content\/uploads\/2008\/Marco\/090511_braach_006.jpg\" target=\"_blank\"><img decoding=\"async\" src=\"http:\/\/www.schoene-nachrichten.de\/wp-content\/uploads\/2008\/Marco\/090511_braach_006.thumb.jpg\" alt=\"090511_braach_006.jpg\" width=\"265\" \/><\/a><\/p>\n<p>Das Endergebnis entschied das bereits im Vorfeld als Favoriten gehandelte Team Koch \/ Assmann auf Opel Kadett C Coup\u00e9. Die beiden Wagen des MSC Braach erreichten lediglich den 14. Platz (Maulitz\/Maulitz) und den 26. Platz (Strobel\/Strobel). Wie der MSC weiter mitteilt, sind die Rallyevorbereitungen f\u00fcr \u201eDas Ding 2010\u201c inzwischen angelaufen. Gleichzeitig m\u00f6chte sich der MSC Braach bei allen Helfern, Beh\u00f6rden, Sponsoren und Motorsportfreunden bedanken, denn ohne ihre Unterst\u00fctzung w\u00e4re eine solche Veranstaltung nicht m\u00f6glich.<\/p>\n<p><a title=\"Foto: Torsten Heyer | rallye-mad.com\" rel=\"lightbox[roadtrip]\" href=\"http:\/\/www.schoene-nachrichten.de\/wp-content\/uploads\/2008\/Marco\/090511_braach_007.jpg\" target=\"_blank\"><img decoding=\"async\" src=\"http:\/\/www.schoene-nachrichten.de\/wp-content\/uploads\/2008\/Marco\/090511_braach_007.thumb.jpg\" alt=\"090511_braach_007.jpg\" width=\"265\" \/><\/a> <a title=\"Foto: Torsten Heyer | rallye-mad.com\" rel=\"lightbox[roadtrip]\" href=\"http:\/\/www.schoene-nachrichten.de\/wp-content\/uploads\/2008\/Marco\/090511_braach_008.jpg\" target=\"_blank\"><img decoding=\"async\" src=\"http:\/\/www.schoene-nachrichten.de\/wp-content\/uploads\/2008\/Marco\/090511_braach_008.thumb.jpg\" alt=\"090511_braach_008.jpg\" width=\"265\" \/><\/a><\/p>\n<p><a title=\"Foto: Torsten Heyer | rallye-mad.com\" rel=\"lightbox[roadtrip]\" href=\"http:\/\/www.schoene-nachrichten.de\/wp-content\/uploads\/2008\/Marco\/090511_braach_009.jpg\" target=\"_blank\"><img decoding=\"async\" src=\"http:\/\/www.schoene-nachrichten.de\/wp-content\/uploads\/2008\/Marco\/090511_braach_009.thumb.jpg\" alt=\"090511_braach_009.jpg\" width=\"265\" \/><\/a> <a title=\"Foto: Torsten Heyer | rallye-mad.com\" rel=\"lightbox[roadtrip]\" href=\"http:\/\/www.schoene-nachrichten.de\/wp-content\/uploads\/2008\/Marco\/090511_braach_010.jpg\" target=\"_blank\"><img decoding=\"async\" src=\"http:\/\/www.schoene-nachrichten.de\/wp-content\/uploads\/2008\/Marco\/090511_braach_010.thumb.jpg\" alt=\"090511_braach_010.jpg\" width=\"265\" \/><\/a><\/p>\n<p><a title=\"Foto: Torsten Heyer | rallye-mad.com\" rel=\"lightbox[roadtrip]\" href=\"http:\/\/www.schoene-nachrichten.de\/wp-content\/uploads\/2008\/Marco\/090511_braach_011.jpg\" target=\"_blank\"><img decoding=\"async\" src=\"http:\/\/www.schoene-nachrichten.de\/wp-content\/uploads\/2008\/Marco\/090511_braach_011.thumb.jpg\" alt=\"090511_braach_011.jpg\" width=\"265\" \/><\/a> <a title=\"Foto: Torsten Heyer | rallye-mad.com\" rel=\"lightbox[roadtrip]\" href=\"http:\/\/www.schoene-nachrichten.de\/wp-content\/uploads\/2008\/Marco\/090511_braach_012.jpg\" target=\"_blank\"><img decoding=\"async\" src=\"http:\/\/www.schoene-nachrichten.de\/wp-content\/uploads\/2008\/Marco\/090511_braach_012.thumb.jpg\" alt=\"090511_braach_012.jpg\" width=\"265\" \/><\/a><\/p>\n<p><a title=\"Foto: Torsten Heyer | rallye-mad.com\" rel=\"lightbox[roadtrip]\" href=\"http:\/\/www.schoene-nachrichten.de\/wp-content\/uploads\/2008\/Marco\/090511_braach_013.jpg\" target=\"_blank\"><img decoding=\"async\" src=\"http:\/\/www.schoene-nachrichten.de\/wp-content\/uploads\/2008\/Marco\/090511_braach_013.thumb.jpg\" alt=\"090511_braach_013.jpg\" width=\"265\" \/><\/a> <a title=\"Foto: Torsten Heyer | rallye-mad.com\" rel=\"lightbox[roadtrip]\" href=\"http:\/\/www.schoene-nachrichten.de\/wp-content\/uploads\/2008\/Marco\/090511_braach_014.jpg\" target=\"_blank\"><img decoding=\"async\" src=\"http:\/\/www.schoene-nachrichten.de\/wp-content\/uploads\/2008\/Marco\/090511_braach_014.thumb.jpg\" alt=\"090511_braach_014.jpg\" width=\"265\" \/><\/a><\/p>\n<p><a title=\"Foto: Torsten Heyer | rallye-mad.com\" rel=\"lightbox[roadtrip]\" href=\"http:\/\/www.schoene-nachrichten.de\/wp-content\/uploads\/2008\/Marco\/090511_braach_015.jpg\" target=\"_blank\"><img decoding=\"async\" src=\"http:\/\/www.schoene-nachrichten.de\/wp-content\/uploads\/2008\/Marco\/090511_braach_015.thumb.jpg\" alt=\"090511_braach_015.jpg\" width=\"265\" \/><\/a><a title=\"Foto: Torsten Heyer | rallye-mad.com\" rel=\"lightbox[roadtrip]\" href=\"http:\/\/www.schoene-nachrichten.de\/wp-content\/uploads\/2008\/Marco\/090511_braach_016.jpg\" target=\"_blank\"> <img decoding=\"async\" src=\"http:\/\/www.schoene-nachrichten.de\/wp-content\/uploads\/2008\/Marco\/090511_braach_016.thumb.jpg\" alt=\"090511_braach_016.jpg\" width=\"265\" \/><\/a><\/p>\n<p><a title=\"Foto: Torsten Heyer | rallye-mad.com\" rel=\"lightbox[roadtrip]\" href=\"http:\/\/www.schoene-nachrichten.de\/wp-content\/uploads\/2008\/Marco\/090511_braach_017.jpg\" target=\"_blank\"><img decoding=\"async\" src=\"http:\/\/www.schoene-nachrichten.de\/wp-content\/uploads\/2008\/Marco\/090511_braach_017.thumb.jpg\" alt=\"090511_braach_017.jpg\" width=\"265\" \/><\/a> <a title=\"Foto: Torsten Heyer | rallye-mad.com\" rel=\"lightbox[roadtrip]\" href=\"http:\/\/www.schoene-nachrichten.de\/wp-content\/uploads\/2008\/Marco\/090511_braach_018.jpg\" target=\"_blank\"><img decoding=\"async\" src=\"http:\/\/www.schoene-nachrichten.de\/wp-content\/uploads\/2008\/Marco\/090511_braach_018.thumb.jpg\" alt=\"090511_braach_018.jpg\" width=\"265\" \/><\/a><\/p>\n<p><a title=\"Foto: Torsten Heyer | rallye-mad.com\" rel=\"lightbox[roadtrip]\" href=\"http:\/\/www.schoene-nachrichten.de\/wp-content\/uploads\/2008\/Marco\/090511_braach_019.jpg\" target=\"_blank\"><img decoding=\"async\" src=\"http:\/\/www.schoene-nachrichten.de\/wp-content\/uploads\/2008\/Marco\/090511_braach_019.thumb.jpg\" alt=\"090511_braach_019.jpg\" width=\"265\" \/><\/a> <a title=\"Foto: Torsten Heyer | rallye-mad.com\" rel=\"lightbox[roadtrip]\" href=\"http:\/\/www.schoene-nachrichten.de\/wp-content\/uploads\/2008\/Marco\/090511_braach_020.jpg\" target=\"_blank\"><img decoding=\"async\" src=\"http:\/\/www.schoene-nachrichten.de\/wp-content\/uploads\/2008\/Marco\/090511_braach_020.thumb.jpg\" alt=\"090511_braach_020.jpg\" width=\"265\" \/><\/a><\/p>\n<p><a title=\"Foto: Torsten Heyer | rallye-mad.com\" rel=\"lightbox[roadtrip]\" href=\"http:\/\/www.schoene-nachrichten.de\/wp-content\/uploads\/2008\/Marco\/090511_braach_021.jpg\" target=\"_blank\"><img decoding=\"async\" src=\"http:\/\/www.schoene-nachrichten.de\/wp-content\/uploads\/2008\/Marco\/090511_braach_021.thumb.jpg\" alt=\"090511_braach_021.jpg\" width=\"265\" \/> <\/a><a title=\"Foto: Torsten Heyer | rallye-mad.com\" rel=\"lightbox[roadtrip]\" href=\"http:\/\/www.schoene-nachrichten.de\/wp-content\/uploads\/2008\/Marco\/090511_braach_022.jpg\" target=\"_blank\"><img decoding=\"async\" src=\"http:\/\/www.schoene-nachrichten.de\/wp-content\/uploads\/2008\/Marco\/090511_braach_022.thumb.jpg\" alt=\"090511_braach_022.jpg\" width=\"265\" \/><\/a><\/p>\n<p><a title=\"Foto: Torsten Heyer | rallye-mad.com\" rel=\"lightbox[roadtrip]\" href=\"http:\/\/www.schoene-nachrichten.de\/wp-content\/uploads\/2008\/Marco\/090511_braach_023.jpg\" target=\"_blank\"><img decoding=\"async\" src=\"http:\/\/www.schoene-nachrichten.de\/wp-content\/uploads\/2008\/Marco\/090511_braach_023.thumb.jpg\" alt=\"090511_braach_023.jpg\" width=\"265\" \/><\/a> <a title=\"Foto: Torsten Heyer | rallye-mad.com\" rel=\"lightbox[roadtrip]\" href=\"http:\/\/www.schoene-nachrichten.de\/wp-content\/uploads\/2008\/Marco\/090511_braach_024.jpg\" target=\"_blank\"><img decoding=\"async\" src=\"http:\/\/www.schoene-nachrichten.de\/wp-content\/uploads\/2008\/Marco\/090511_braach_024.thumb.jpg\" alt=\"090511_braach_024.jpg\" width=\"265\" \/><\/a><\/p>\n<p><a title=\"Foto: Torsten Heyer | rallye-mad.com\" rel=\"lightbox[roadtrip]\" href=\"http:\/\/www.schoene-nachrichten.de\/wp-content\/uploads\/2008\/Marco\/090511_braach_025.jpg\" target=\"_blank\"><img decoding=\"async\" src=\"http:\/\/www.schoene-nachrichten.de\/wp-content\/uploads\/2008\/Marco\/090511_braach_025.thumb.jpg\" alt=\"090511_braach_025.jpg\" width=\"265\" \/><\/a> <a title=\"Foto: Torsten Heyer | rallye-mad.com\" rel=\"lightbox[roadtrip]\" href=\"http:\/\/www.schoene-nachrichten.de\/wp-content\/uploads\/2008\/Marco\/090511_braach_026.jpg\" target=\"_blank\"><img decoding=\"async\" src=\"http:\/\/www.schoene-nachrichten.de\/wp-content\/uploads\/2008\/Marco\/090511_braach_026.thumb.jpg\" alt=\"090511_braach_026.jpg\" width=\"265\" \/><\/a><\/p>\n<p><a title=\"Foto: Torsten Heyer | rallye-mad.com\" rel=\"lightbox[roadtrip]\" href=\"http:\/\/www.schoene-nachrichten.de\/wp-content\/uploads\/2008\/Marco\/090511_braach_027.jpg\" target=\"_blank\"><img decoding=\"async\" src=\"http:\/\/www.schoene-nachrichten.de\/wp-content\/uploads\/2008\/Marco\/090511_braach_027.thumb.jpg\" alt=\"090511_braach_027.jpg\" width=\"265\" \/> <\/a><a title=\"Foto: Torsten Heyer | rallye-mad.com\" rel=\"lightbox[roadtrip]\" href=\"http:\/\/www.schoene-nachrichten.de\/wp-content\/uploads\/2008\/Marco\/090511_braach_028.jpg\" target=\"_blank\"><img decoding=\"async\" src=\"http:\/\/www.schoene-nachrichten.de\/wp-content\/uploads\/2008\/Marco\/090511_braach_028.thumb.jpg\" alt=\"090511_braach_028.jpg\" width=\"265\" \/><\/a><\/p>\n<p><a title=\"Foto: Torsten Heyer | rallye-mad.com\" rel=\"lightbox[roadtrip]\" href=\"http:\/\/www.schoene-nachrichten.de\/wp-content\/uploads\/2008\/Marco\/090511_braach_029.jpg\" target=\"_blank\"><img decoding=\"async\" src=\"http:\/\/www.schoene-nachrichten.de\/wp-content\/uploads\/2008\/Marco\/090511_braach_029.thumb.jpg\" alt=\"090511_braach_029.jpg\" width=\"265\" \/><\/a> <a title=\"Foto: Torsten Heyer | rallye-mad.com\" rel=\"lightbox[roadtrip]\" href=\"http:\/\/www.schoene-nachrichten.de\/wp-content\/uploads\/2008\/Marco\/090511_braach_030.jpg\" target=\"_blank\"><img decoding=\"async\" src=\"http:\/\/www.schoene-nachrichten.de\/wp-content\/uploads\/2008\/Marco\/090511_braach_030.thumb.jpg\" alt=\"090511_braach_030.jpg\" width=\"265\" \/><\/a><\/p>\n<p><a title=\"Foto: Torsten Heyer | rallye-mad.com\" rel=\"lightbox[roadtrip]\" href=\"http:\/\/www.schoene-nachrichten.de\/wp-content\/uploads\/2008\/Marco\/090511_braach_031.jpg\" target=\"_blank\"><img decoding=\"async\" src=\"http:\/\/www.schoene-nachrichten.de\/wp-content\/uploads\/2008\/Marco\/090511_braach_031.thumb.jpg\" alt=\"090511_braach_031.jpg\" width=\"265\" \/><\/a> <a title=\"Foto: Torsten Heyer | rallye-mad.com\" rel=\"lightbox[roadtrip]\" href=\"http:\/\/www.schoene-nachrichten.de\/wp-content\/uploads\/2008\/Marco\/090511_braach_032.jpg\" target=\"_blank\"><img decoding=\"async\" src=\"http:\/\/www.schoene-nachrichten.de\/wp-content\/uploads\/2008\/Marco\/090511_braach_032.thumb.jpg\" alt=\"090511_braach_032.jpg\" width=\"265\" \/><\/a><\/p>\n<p><a title=\"Foto: Torsten Heyer | rallye-mad.com\" rel=\"lightbox[roadtrip]\" href=\"http:\/\/www.schoene-nachrichten.de\/wp-content\/uploads\/2008\/Marco\/090511_braach_033.jpg\" target=\"_blank\"><img decoding=\"async\" src=\"http:\/\/www.schoene-nachrichten.de\/wp-content\/uploads\/2008\/Marco\/090511_braach_033.thumb.jpg\" alt=\"090511_braach_033.jpg\" width=\"265\" \/> <\/a><a title=\"Foto: Torsten Heyer | rallye-mad.com\" rel=\"lightbox[roadtrip]\" href=\"http:\/\/www.schoene-nachrichten.de\/wp-content\/uploads\/2008\/Marco\/090511_braach_034.jpg\" target=\"_blank\"><img decoding=\"async\" src=\"http:\/\/www.schoene-nachrichten.de\/wp-content\/uploads\/2008\/Marco\/090511_braach_034.thumb.jpg\" alt=\"090511_braach_034.jpg\" width=\"265\" \/><\/a><\/p>\n<p><a title=\"Foto: Torsten Heyer | rallye-mad.com\" rel=\"lightbox[roadtrip]\" href=\"http:\/\/www.schoene-nachrichten.de\/wp-content\/uploads\/2008\/Marco\/090511_braach_035.jpg\" target=\"_blank\"><img decoding=\"async\" src=\"http:\/\/www.schoene-nachrichten.de\/wp-content\/uploads\/2008\/Marco\/090511_braach_035.thumb.jpg\" alt=\"090511_braach_035.jpg\" width=\"265\" \/><\/a> <a title=\"Foto: Torsten Heyer | rallye-mad.com\" rel=\"lightbox[roadtrip]\" href=\"http:\/\/www.schoene-nachrichten.de\/wp-content\/uploads\/2008\/Marco\/090511_braach_036.jpg\" target=\"_blank\"><img decoding=\"async\" src=\"http:\/\/www.schoene-nachrichten.de\/wp-content\/uploads\/2008\/Marco\/090511_braach_036.thumb.jpg\" alt=\"090511_braach_036.jpg\" width=\"265\" \/><\/a><\/p>\n<p><a title=\"Foto: Torsten Heyer | rallye-mad.com\" rel=\"lightbox[roadtrip]\" href=\"http:\/\/www.schoene-nachrichten.de\/wp-content\/uploads\/2008\/Marco\/090511_braach_037.jpg\" target=\"_blank\"><img decoding=\"async\" src=\"http:\/\/www.schoene-nachrichten.de\/wp-content\/uploads\/2008\/Marco\/090511_braach_037.thumb.jpg\" alt=\"090511_braach_037.jpg\" width=\"265\" \/><\/a> <a title=\"Foto: Torsten Heyer | rallye-mad.com\" rel=\"lightbox[roadtrip]\" href=\"http:\/\/www.schoene-nachrichten.de\/wp-content\/uploads\/2008\/Marco\/090511_braach_038.jpg\" target=\"_blank\"><img decoding=\"async\" src=\"http:\/\/www.schoene-nachrichten.de\/wp-content\/uploads\/2008\/Marco\/090511_braach_038.thumb.jpg\" alt=\"090511_braach_038.jpg\" width=\"265\" \/><\/a><\/p>\n<p><a title=\"Foto: Torsten Heyer | rallye-mad.com\" rel=\"lightbox[roadtrip]\" href=\"http:\/\/www.schoene-nachrichten.de\/wp-content\/uploads\/2008\/Marco\/090511_braach_039.jpg\" target=\"_blank\"><img decoding=\"async\" src=\"http:\/\/www.schoene-nachrichten.de\/wp-content\/uploads\/2008\/Marco\/090511_braach_039.thumb.jpg\" alt=\"090511_braach_039.jpg\" width=\"265\" \/> <\/a><a title=\"Foto: Torsten Heyer | rallye-mad.com\" rel=\"lightbox[roadtrip]\" href=\"http:\/\/www.schoene-nachrichten.de\/wp-content\/uploads\/2008\/Marco\/090511_braach_040.jpg\" target=\"_blank\"><img decoding=\"async\" src=\"http:\/\/www.schoene-nachrichten.de\/wp-content\/uploads\/2008\/Marco\/090511_braach_040.thumb.jpg\" alt=\"090511_braach_040.jpg\" width=\"265\" \/><\/a><\/p>\n<p><a title=\"Foto: Torsten Heyer | rallye-mad.com\" rel=\"lightbox[roadtrip]\" href=\"http:\/\/www.schoene-nachrichten.de\/wp-content\/uploads\/2008\/Marco\/090511_braach_041.jpg\" target=\"_blank\"><img decoding=\"async\" src=\"http:\/\/www.schoene-nachrichten.de\/wp-content\/uploads\/2008\/Marco\/090511_braach_041.thumb.jpg\" alt=\"090511_braach_041.jpg\" width=\"265\" \/><\/a> <a title=\"Foto: Torsten Heyer | rallye-mad.com\" rel=\"lightbox[roadtrip]\" href=\"http:\/\/www.schoene-nachrichten.de\/wp-content\/uploads\/2008\/Marco\/090511_braach_042.jpg\" target=\"_blank\"><img decoding=\"async\" src=\"http:\/\/www.schoene-nachrichten.de\/wp-content\/uploads\/2008\/Marco\/090511_braach_042.thumb.jpg\" alt=\"090511_braach_042.jpg\" width=\"265\" \/><\/a><\/p>\n<p><a title=\"Foto: Torsten Heyer | rallye-mad.com\" rel=\"lightbox[roadtrip]\" href=\"http:\/\/www.schoene-nachrichten.de\/wp-content\/uploads\/2008\/Marco\/090511_braach_043.jpg\" target=\"_blank\"><img decoding=\"async\" src=\"http:\/\/www.schoene-nachrichten.de\/wp-content\/uploads\/2008\/Marco\/090511_braach_043.thumb.jpg\" alt=\"090511_braach_043.jpg\" width=\"265\" \/><\/a> <a title=\"Foto: Torsten Heyer | rallye-mad.com\" rel=\"lightbox[roadtrip]\" href=\"http:\/\/www.schoene-nachrichten.de\/wp-content\/uploads\/2008\/Marco\/090511_braach_044.jpg\" target=\"_blank\"><img decoding=\"async\" src=\"http:\/\/www.schoene-nachrichten.de\/wp-content\/uploads\/2008\/Marco\/090511_braach_044.thumb.jpg\" alt=\"090511_braach_044.jpg\" width=\"265\" \/><\/a><\/p>\n<p><a title=\"Foto: Torsten Heyer | rallye-mad.com\" rel=\"lightbox[roadtrip]\" href=\"http:\/\/www.schoene-nachrichten.de\/wp-content\/uploads\/2008\/Marco\/090511_braach_045.jpg\" target=\"_blank\"><img decoding=\"async\" src=\"http:\/\/www.schoene-nachrichten.de\/wp-content\/uploads\/2008\/Marco\/090511_braach_045.thumb.jpg\" alt=\"090511_braach_045.jpg\" width=\"265\" \/><\/a> <a title=\"Foto: Torsten Heyer | rallye-mad.com\" rel=\"lightbox[roadtrip]\" href=\"http:\/\/www.schoene-nachrichten.de\/wp-content\/uploads\/2008\/Marco\/090511_braach_046.jpg\" target=\"_blank\"><img decoding=\"async\" src=\"http:\/\/www.schoene-nachrichten.de\/wp-content\/uploads\/2008\/Marco\/090511_braach_046.thumb.jpg\" alt=\"090511_braach_046.jpg\" width=\"265\" \/><\/a><\/p>\n<p><a title=\"Foto: Torsten Heyer | rallye-mad.com\" rel=\"lightbox[roadtrip]\" href=\"http:\/\/www.schoene-nachrichten.de\/wp-content\/uploads\/2008\/Marco\/090511_braach_047.jpg\" target=\"_blank\"><img decoding=\"async\" src=\"http:\/\/www.schoene-nachrichten.de\/wp-content\/uploads\/2008\/Marco\/090511_braach_047.thumb.jpg\" alt=\"090511_braach_047.jpg\" width=\"265\" \/><\/a> <a title=\"Foto: Torsten Heyer | rallye-mad.com\" rel=\"lightbox[roadtrip]\" href=\"http:\/\/www.schoene-nachrichten.de\/wp-content\/uploads\/2008\/Marco\/090511_braach_048.jpg\" target=\"_blank\"><img decoding=\"async\" src=\"http:\/\/www.schoene-nachrichten.de\/wp-content\/uploads\/2008\/Marco\/090511_braach_048.thumb.jpg\" alt=\"090511_braach_048.jpg\" width=\"265\" \/><\/a><\/p>\n<p><a title=\"Foto: Torsten Heyer | rallye-mad.com\" rel=\"lightbox[roadtrip]\" href=\"http:\/\/www.schoene-nachrichten.de\/wp-content\/uploads\/2008\/Marco\/090511_braach_049.jpg\" target=\"_blank\"><img decoding=\"async\" src=\"http:\/\/www.schoene-nachrichten.de\/wp-content\/uploads\/2008\/Marco\/090511_braach_049.thumb.jpg\" alt=\"090511_braach_049.jpg\" width=\"265\" \/><\/a> <a title=\"Foto: Torsten Heyer | rallye-mad.com\" rel=\"lightbox[roadtrip]\" href=\"http:\/\/www.schoene-nachrichten.de\/wp-content\/uploads\/2008\/Marco\/090511_braach_050.jpg\" target=\"_blank\"><img decoding=\"async\" src=\"http:\/\/www.schoene-nachrichten.de\/wp-content\/uploads\/2008\/Marco\/090511_braach_050.thumb.jpg\" alt=\"090511_braach_050.jpg\" width=\"265\" \/><\/a><\/p>\n<p><a title=\"Foto: Torsten Heyer | rallye-mad.com\" rel=\"lightbox[roadtrip]\" href=\"http:\/\/www.schoene-nachrichten.de\/wp-content\/uploads\/2008\/Marco\/090511_braach_051.jpg\" target=\"_blank\"><img decoding=\"async\" src=\"http:\/\/www.schoene-nachrichten.de\/wp-content\/uploads\/2008\/Marco\/090511_braach_051.thumb.jpg\" alt=\"090511_braach_051.jpg\" width=\"265\" \/><\/a> <a title=\"Foto: Torsten Heyer | rallye-mad.com\" rel=\"lightbox[roadtrip]\" href=\"http:\/\/www.schoene-nachrichten.de\/wp-content\/uploads\/2008\/Marco\/090511_braach_052.jpg\" target=\"_blank\"><img decoding=\"async\" src=\"http:\/\/www.schoene-nachrichten.de\/wp-content\/uploads\/2008\/Marco\/090511_braach_052.thumb.jpg\" alt=\"090511_braach_052.jpg\" width=\"265\" \/><\/a><\/p>\n<p><a title=\"Foto: Torsten Heyer | rallye-mad.com\" rel=\"lightbox[roadtrip]\" href=\"http:\/\/www.schoene-nachrichten.de\/wp-content\/uploads\/2008\/Marco\/090511_braach_053.jpg\" target=\"_blank\"><img decoding=\"async\" src=\"http:\/\/www.schoene-nachrichten.de\/wp-content\/uploads\/2008\/Marco\/090511_braach_053.thumb.jpg\" alt=\"090511_braach_053.jpg\" width=\"265\" \/><\/a> <a title=\"Foto: Torsten Heyer | rallye-mad.com\" rel=\"lightbox[roadtrip]\" href=\"http:\/\/www.schoene-nachrichten.de\/wp-content\/uploads\/2008\/Marco\/090511_braach_054.jpg\" target=\"_blank\"><img decoding=\"async\" src=\"http:\/\/www.schoene-nachrichten.de\/wp-content\/uploads\/2008\/Marco\/090511_braach_054.thumb.jpg\" alt=\"090511_braach_054.jpg\" width=\"265\" \/><\/a><\/p>\n<p><a title=\"Foto: Torsten Heyer | rallye-mad.com\" rel=\"lightbox[roadtrip]\" href=\"http:\/\/www.schoene-nachrichten.de\/wp-content\/uploads\/2008\/Marco\/090511_braach_055.jpg\" target=\"_blank\"><img decoding=\"async\" src=\"http:\/\/www.schoene-nachrichten.de\/wp-content\/uploads\/2008\/Marco\/090511_braach_055.thumb.jpg\" alt=\"090511_braach_055.jpg\" width=\"265\" \/><\/a><\/p>\n","protected":false},"excerpt":{"rendered":"<div class=\"tmnf_excerpt\"><p>Motorsport. Von 72 genannten Teilnehmern starteten am Wochenende 67 in \u201edas Ding\u201c, die 23. ADAC Rallye 200 &#8220;Rund um den Alheimer&#8221;. 52 Teilnehmer fuhren in die Wertungsl\u00e4ufe. Insgesamt zog die Organisationsleitung des MSC Braach 1980 e.V. im ADAC ein positives Fazit aus dem Rennen. Rund 2.000 Zuschauer entlang den Strecken &#8220;Am Stock&#8221;, &#8220;Schwarzer Stock&#8221; und &hellip;<\/p>\n<\/div>","protected":false},"author":1,"featured_media":0,"comment_status":"closed","ping_status":"closed","sticky":false,"template":"","format":"standard","meta":{"footnotes":""},"categories":[1,35,54,46],"tags":[],"class_list":["post-30485","post","type-post","status-publish","format-standard","hentry","category-startseite","category-auto","category-bildergalerien","category-sport"],"_links":{"self":[{"href":"https:\/\/www.fuldaernachrichten.de\/index.php?rest_route=\/wp\/v2\/posts\/30485","targetHints":{"allow":["GET"]}}],"collection":[{"href":"https:\/\/www.fuldaernachrichten.de\/index.php?rest_route=\/wp\/v2\/posts"}],"about":[{"href":"https:\/\/www.fuldaernachrichten.de\/index.php?rest_route=\/wp\/v2\/types\/post"}],"author":[{"embeddable":true,"href":"https:\/\/www.fuldaernachrichten.de\/index.php?rest_route=\/wp\/v2\/users\/1"}],"replies":[{"embeddable":true,"href":"https:\/\/www.fuldaernachrichten.de\/index.php?rest_route=%2Fwp%2Fv2%2Fcomments&post=30485"}],"version-history":[{"count":6,"href":"https:\/\/www.fuldaernachrichten.de\/index.php?rest_route=\/wp\/v2\/posts\/30485\/revisions"}],"predecessor-version":[{"id":30570,"href":"https:\/\/www.fuldaernachrichten.de\/index.php?rest_route=\/wp\/v2\/posts\/30485\/revisions\/30570"}],"wp:attachment":[{"href":"https:\/\/www.fuldaernachrichten.de\/index.php?rest_route=%2Fwp%2Fv2%2Fmedia&parent=30485"}],"wp:term":[{"taxonomy":"category","embeddable":true,"href":"https:\/\/www.fuldaernachrichten.de\/index.php?rest_route=%2Fwp%2Fv2%2Fcategories&post=30485"},{"taxonomy":"post_tag","embeddable":true,"href":"https:\/\/www.fuldaernachrichten.de\/index.php?rest_route=%2Fwp%2Fv2%2Ftags&post=30485"}],"curies":[{"name":"wp","href":"https:\/\/api.w.org\/{rel}","templated":true}]}}