{"id":30356,"date":"2009-05-31T05:53:22","date_gmt":"2009-05-31T03:53:22","guid":{"rendered":"http:\/\/www.schoene-nachrichten.de\/?p=30356"},"modified":"2009-05-31T07:47:36","modified_gmt":"2009-05-31T05:47:36","slug":"juergen-lenders-mdl-knapp-14-mio-euro-fuer-sozialen-wohnungsbau-im-landkreis-fulda","status":"publish","type":"post","link":"https:\/\/www.fuldaernachrichten.de\/?p=30356","title":{"rendered":"J\u00fcrgen Lenders (MdL): knapp 1,4 Mio. Euro f\u00fcr Sozialen Wohnungsbau im Landkreis Fulda"},"content":{"rendered":"<p><strong>Fulda. <\/strong>J\u00fcrgen Lenders, Fuldaer Landtagsabgeordneter und wirtschaftspolitischer Sprecher der FDP Fraktion, freut sich \u00fcber die von seinem Parteifreund, Wirtschaftsminister Dieter Posch, zugesagte F\u00f6rderung von 28 Wohneinheiten im Landkreis Fulda mit einem Volumen von 1.380.00 Euro. <!--more--><\/p>\n<p><strong>736 Wohnungen<\/strong><\/p>\n<p>Wie Wirtschaftsminister Dieter Posch (FDP) in Wiesbaden mitteilte, stellt das Land den St\u00e4dten und Landkreisen in diesem Jahr gemeinsam mit der LTH-Bank f\u00fcr Infrastruktur rund 54 Millionen Euro zinsg\u00fcnstige Wohnungsbaudarlehen zum Bau von insgesamt 736 Mietwohnungen zur Verf\u00fcgung. Damit wird ein Investitionsvolumen von ca. 140 Mio. Euro angesto\u00dfen, das insbesondere der heimischen Wirtschaft Impulse geben wird.<\/p>\n<p>\u201eDie soziale Wohnraumf\u00f6rderung dient insbesondere der Versorgung von Privathaushalten, die sich am Markt nicht angemessen mit Wohnraum versorgen k\u00f6nnen und auf \u00f6ffentliche Unterst\u00fctzung angewiesen sind.\u201c so Lenders. Es werden damit vor allem besondere Wohnungsprojekte, wie beispielsweise Betreutes Wohnen oder Wohngemeinschaften \u00e4lterer oder auch behinderter Menschen, unterst\u00fctzt. \u201eHessen leistet somit einen wirksamen Beitrag, um bezahlbaren Wohnraum anzubieten. Ausreichender und bezahlbarer Wohnraum dient auch dem Wirtschaftsstandort Hessen\u201c, betont Lenders.<\/p>\n<p><strong>Beteiligung der Gemeinden<\/strong><\/p>\n<p>Die St\u00e4dte und Gemeinden, in denen die Sozialwohnungen errichtet werden, m\u00fcssen sich mit mindestens 10.000 Euro pro Wohnung an der Finanzierung beteiligen. Damit wird sichergestellt, dass die F\u00f6rdermittel dauerhaft auch bedarfsgerecht eingesetzt werden und die zweckbestimmte Nutzung der Wohnungen vor Ort \u00fcberwacht wird, so Posch. Die Kommunen erhalten ein Vorschlagsrecht f\u00fcr die Belegung der Wohnungen.<\/p>\n","protected":false},"excerpt":{"rendered":"<div class=\"tmnf_excerpt\"><p>Fulda. J\u00fcrgen Lenders, Fuldaer Landtagsabgeordneter und wirtschaftspolitischer Sprecher der FDP Fraktion, freut sich \u00fcber die von seinem Parteifreund, Wirtschaftsminister Dieter Posch, zugesagte F\u00f6rderung von 28 Wohneinheiten im Landkreis Fulda mit einem Volumen von 1.380.00 Euro.<\/p>\n<\/div>","protected":false},"author":1,"featured_media":0,"comment_status":"closed","ping_status":"closed","sticky":false,"template":"","format":"standard","meta":{"footnotes":""},"categories":[1,29],"tags":[],"class_list":["post-30356","post","type-post","status-publish","format-standard","hentry","category-startseite","category-politik"],"_links":{"self":[{"href":"https:\/\/www.fuldaernachrichten.de\/index.php?rest_route=\/wp\/v2\/posts\/30356","targetHints":{"allow":["GET"]}}],"collection":[{"href":"https:\/\/www.fuldaernachrichten.de\/index.php?rest_route=\/wp\/v2\/posts"}],"about":[{"href":"https:\/\/www.fuldaernachrichten.de\/index.php?rest_route=\/wp\/v2\/types\/post"}],"author":[{"embeddable":true,"href":"https:\/\/www.fuldaernachrichten.de\/index.php?rest_route=\/wp\/v2\/users\/1"}],"replies":[{"embeddable":true,"href":"https:\/\/www.fuldaernachrichten.de\/index.php?rest_route=%2Fwp%2Fv2%2Fcomments&post=30356"}],"version-history":[{"count":3,"href":"https:\/\/www.fuldaernachrichten.de\/index.php?rest_route=\/wp\/v2\/posts\/30356\/revisions"}],"predecessor-version":[{"id":30363,"href":"https:\/\/www.fuldaernachrichten.de\/index.php?rest_route=\/wp\/v2\/posts\/30356\/revisions\/30363"}],"wp:attachment":[{"href":"https:\/\/www.fuldaernachrichten.de\/index.php?rest_route=%2Fwp%2Fv2%2Fmedia&parent=30356"}],"wp:term":[{"taxonomy":"category","embeddable":true,"href":"https:\/\/www.fuldaernachrichten.de\/index.php?rest_route=%2Fwp%2Fv2%2Fcategories&post=30356"},{"taxonomy":"post_tag","embeddable":true,"href":"https:\/\/www.fuldaernachrichten.de\/index.php?rest_route=%2Fwp%2Fv2%2Ftags&post=30356"}],"curies":[{"name":"wp","href":"https:\/\/api.w.org\/{rel}","templated":true}]}}