{"id":30344,"date":"2009-05-31T05:43:43","date_gmt":"2009-05-31T03:43:43","guid":{"rendered":"http:\/\/www.schoene-nachrichten.de\/?p=30344"},"modified":"2009-05-31T07:48:02","modified_gmt":"2009-05-31T05:48:02","slug":"kirche-und-biosphaerenreservat-auf-gemeinsamen-wegen","status":"publish","type":"post","link":"https:\/\/www.fuldaernachrichten.de\/?p=30344","title":{"rendered":"Kirche und Biosph\u00e4renreservat auf gemeinsamen Wegen"},"content":{"rendered":"<p><strong>Rh\u00f6n. <\/strong>Bereits zum zweiten Mal innerhalb eines halben Jahres fand eine Begegnung zwischen Vertretern der katholischen Kirche und des Biosph\u00e4renreservats Rh\u00f6n statt, um \u00fcber \u00f6kologisch, \u00f6konomisch und sozial vertretbare Wege im Auftrag der Sch\u00f6pfung zu reflektieren. Im Herbst 2008 hatte die Fachveranstaltung \u201eHandeln f\u00fcr die Zukunft der Sch\u00f6pfung &#8211; Kirche und Biosph\u00e4renreservat im Dialog\u201c angestanden. Nun war es eine gemeinsam durchgef\u00fchrte Exkursion von evangelischen und katholischen Umweltbeauftragten im Rahmen einer Fachtagung des Bonifatiushauses, die zum Austausch f\u00fchrte.<!--more--><\/p>\n<p><strong>Kulturhistorische Hintergr\u00fcnde alter Bildst\u00fccke<\/strong><\/p>\n<p>Wichtiger Ansprechpartner f\u00fcr das Biosph\u00e4renreservat ist Dr. Beatrice van Saan-Klein, die Umweltbeauftragte des Bistums Fulda. Bereits im Herbst konnte Rh\u00f6n-Ranger Hubert Heger die Diplom-Biologin und Umweltbeauftragte mit den Zielen des Biosph\u00e4renreservats im Rahmen einer Exkursion vertraut machen. Gro\u00df war daher die Freude, dass auch die Fachtagung der Umweltbeauftragten in die Rh\u00f6n f\u00fchrte. Die Busexkursion wurde erneut von Heger betreut. Zun\u00e4chst informierte Di\u00f6zesanbaumeister Dr. Burkhart Preussler auf einem Rundgang um Poppenhausen \u00fcber kulturhistorische Hintergr\u00fcnde alter Bildst\u00fccke.<\/p>\n<p>Weiter f\u00fchrte der Weg zur hessischen Verwaltungsstelle des Biosph\u00e4renreservats Rh\u00f6n in das Groenhoff-Haus auf der Wasserkuppe. Dort erhielten die Teilnehmer einen Einblick in die Arbeit des Biosph\u00e4renreservats, der im Anschluss bei einem Rundgang auf Hessens h\u00f6chstem Berg verdichtet wurde. Anschlie\u00dfend setzte die deutsch-\u00f6sterreichische Delegation ihren Weg von der Wasserkuppe \u00fcber W\u00fcstensachsen, den Steinkopf und das Naturschutzgebiet Lange Rh\u00f6n nach Seiferts fort.<\/p>\n<p><strong>Dialog intensivieren<\/strong><\/p>\n<p>Als typische Rh\u00f6nthemen behandelte Heger unterwegs Fragen zum Arten-, Natur- und Umweltschutz und zur Biodiversit\u00e4t, aber auch zur Regionalentwicklung wie die Produktion und Vermarktung regionaler Produkte, die Sicherung der Landwirtschaft und die Entwicklung eines nachhaltigen Fremdenverkehrs. Themen, die es nach Auffassung von Heger wert seien, Eingang in das Handeln f\u00fcr die Zukunft der Sch\u00f6pfung zu finden. Die Verantwortlichen des Biosph\u00e4renreservats hoffen, dass der begonnene Dialog mit der katholischen Kirche weiter fortgef\u00fchrt und intensiviert werden kann.<\/p>\n","protected":false},"excerpt":{"rendered":"<div class=\"tmnf_excerpt\"><p>Rh\u00f6n. Bereits zum zweiten Mal innerhalb eines halben Jahres fand eine Begegnung zwischen Vertretern der katholischen Kirche und des Biosph\u00e4renreservats Rh\u00f6n statt, um \u00fcber \u00f6kologisch, \u00f6konomisch und sozial vertretbare Wege im Auftrag der Sch\u00f6pfung zu reflektieren. Im Herbst 2008 hatte die Fachveranstaltung \u201eHandeln f\u00fcr die Zukunft der Sch\u00f6pfung &#8211; Kirche und Biosph\u00e4renreservat im Dialog\u201c angestanden. &hellip;<\/p>\n<\/div>","protected":false},"author":1,"featured_media":0,"comment_status":"closed","ping_status":"closed","sticky":false,"template":"","format":"standard","meta":{"footnotes":""},"categories":[1,53,50,52],"tags":[],"class_list":["post-30344","post","type-post","status-publish","format-standard","hentry","category-startseite","category-bildung","category-kirche","category-umwelt"],"_links":{"self":[{"href":"https:\/\/www.fuldaernachrichten.de\/index.php?rest_route=\/wp\/v2\/posts\/30344","targetHints":{"allow":["GET"]}}],"collection":[{"href":"https:\/\/www.fuldaernachrichten.de\/index.php?rest_route=\/wp\/v2\/posts"}],"about":[{"href":"https:\/\/www.fuldaernachrichten.de\/index.php?rest_route=\/wp\/v2\/types\/post"}],"author":[{"embeddable":true,"href":"https:\/\/www.fuldaernachrichten.de\/index.php?rest_route=\/wp\/v2\/users\/1"}],"replies":[{"embeddable":true,"href":"https:\/\/www.fuldaernachrichten.de\/index.php?rest_route=%2Fwp%2Fv2%2Fcomments&post=30344"}],"version-history":[{"count":3,"href":"https:\/\/www.fuldaernachrichten.de\/index.php?rest_route=\/wp\/v2\/posts\/30344\/revisions"}],"predecessor-version":[{"id":30364,"href":"https:\/\/www.fuldaernachrichten.de\/index.php?rest_route=\/wp\/v2\/posts\/30344\/revisions\/30364"}],"wp:attachment":[{"href":"https:\/\/www.fuldaernachrichten.de\/index.php?rest_route=%2Fwp%2Fv2%2Fmedia&parent=30344"}],"wp:term":[{"taxonomy":"category","embeddable":true,"href":"https:\/\/www.fuldaernachrichten.de\/index.php?rest_route=%2Fwp%2Fv2%2Fcategories&post=30344"},{"taxonomy":"post_tag","embeddable":true,"href":"https:\/\/www.fuldaernachrichten.de\/index.php?rest_route=%2Fwp%2Fv2%2Ftags&post=30344"}],"curies":[{"name":"wp","href":"https:\/\/api.w.org\/{rel}","templated":true}]}}