{"id":30339,"date":"2009-05-31T06:05:25","date_gmt":"2009-05-31T04:05:25","guid":{"rendered":"http:\/\/www.schoene-nachrichten.de\/?p=30339"},"modified":"2009-05-31T07:52:40","modified_gmt":"2009-05-31T05:52:40","slug":"friedrich-hoelderlin-thema-eines-literarischen-nachmittags","status":"publish","type":"post","link":"https:\/\/www.fuldaernachrichten.de\/?p=30339","title":{"rendered":"Friedrich H\u00f6lderlin &#8211; Thema eines literarischen Nachmittags"},"content":{"rendered":"<p><strong>Gotthards. <\/strong>Der Dichter Friedrich H\u00f6lderlin, der im Jahre 1770 in Laufen am Neckar geboren wurde, stand im Mittelpunkt eines literarischen Nachmittags f\u00fcr Senioren im Dorfgemeinschaftshaus Gotthards. Die k\u00fcnstlerische Gesamtleitung hatte Inga Storck-Schnabel.<\/p>\n<p><a href=\"http:\/\/www.schoene-nachrichten.de\/wp-content\/uploads\/2009\/05\/seniorennachmittag012bear.jpg\"><img fetchpriority=\"high\" decoding=\"async\" class=\"alignnone size-thumbnail wp-image-30340\" title=\"Monika Kling\" src=\"http:\/\/www.schoene-nachrichten.de\/wp-content\/uploads\/2009\/05\/seniorennachmittag012bear-265x374.jpg\" alt=\"Monika Kling\" width=\"265\" height=\"374\" srcset=\"https:\/\/www.fuldaernachrichten.de\/wp-content\/uploads\/2009\/05\/seniorennachmittag012bear-265x374.jpg 265w, https:\/\/www.fuldaernachrichten.de\/wp-content\/uploads\/2009\/05\/seniorennachmittag012bear.jpg 425w\" sizes=\"(max-width: 265px) 100vw, 265px\" \/><\/a> <a href=\"http:\/\/www.schoene-nachrichten.de\/wp-content\/uploads\/2009\/05\/seniorennachmittag015bear.jpg\"><img decoding=\"async\" class=\"alignnone size-thumbnail wp-image-30341\" title=\"Monika Kling\" src=\"http:\/\/www.schoene-nachrichten.de\/wp-content\/uploads\/2009\/05\/seniorennachmittag015bear-265x148.jpg\" alt=\"Monika Kling\" width=\"265\" height=\"148\" srcset=\"https:\/\/www.fuldaernachrichten.de\/wp-content\/uploads\/2009\/05\/seniorennachmittag015bear-265x148.jpg 265w, https:\/\/www.fuldaernachrichten.de\/wp-content\/uploads\/2009\/05\/seniorennachmittag015bear.jpg 600w\" sizes=\"(max-width: 265px) 100vw, 265px\" \/><\/a><!--more--><\/p>\n<p><strong>Tanzperformance<\/strong><\/p>\n<p>In einer kurzen Einf\u00fchrung beleuchtete Monika Kling das Leben und Wirken H\u00f6lderlins, der zu den bedeutendsten deutschen Lyrikern z\u00e4hlt. Dorothee Bretz und Tim Ulmer rezitierten aus\u00c2\u00a0 Werken H\u00f6lderlins. Ein H\u00f6hepunkt war die Tanzperformance der ausgebildeten T\u00e4nzerin Dorothee Bretz, die sehr sensibel und gef\u00fchlvoll Dichtung und Tanz zum Ausdruck brachte. Fl\u00f6tenkl\u00e4nge (Katja Fl\u00fcgel) und Harfenspiel (David Fl\u00fcgel) rundeten musikalisch die literarischen Vortr\u00e4ge ab.<\/p>\n<p>Der Erl\u00f6s der Veranstaltung kommt der Restaurierung der Marienstatue auf der Kirchentreppe der Pfarrkirche &#8220;St. Maria vom Berge Karmel&#8221; in Schwarzbach zugute. Pfarrer Hartmann dankte im Namen der Pfarrei allen Mitwirkenden sowie dem Pfarrgemeinderat f\u00fcr diesen au\u00dfergew\u00f6hnlichen literarischen Nachmittag.<\/p>\n","protected":false},"excerpt":{"rendered":"<div class=\"tmnf_excerpt\"><p>Gotthards. Der Dichter Friedrich H\u00f6lderlin, der im Jahre 1770 in Laufen am Neckar geboren wurde, stand im Mittelpunkt eines literarischen Nachmittags f\u00fcr Senioren im Dorfgemeinschaftshaus Gotthards. Die k\u00fcnstlerische Gesamtleitung hatte Inga Storck-Schnabel.<\/p>\n<\/div>","protected":false},"author":1,"featured_media":0,"comment_status":"closed","ping_status":"closed","sticky":false,"template":"","format":"standard","meta":{"footnotes":""},"categories":[1,44],"tags":[],"class_list":["post-30339","post","type-post","status-publish","format-standard","hentry","category-startseite","category-kultur"],"_links":{"self":[{"href":"https:\/\/www.fuldaernachrichten.de\/index.php?rest_route=\/wp\/v2\/posts\/30339","targetHints":{"allow":["GET"]}}],"collection":[{"href":"https:\/\/www.fuldaernachrichten.de\/index.php?rest_route=\/wp\/v2\/posts"}],"about":[{"href":"https:\/\/www.fuldaernachrichten.de\/index.php?rest_route=\/wp\/v2\/types\/post"}],"author":[{"embeddable":true,"href":"https:\/\/www.fuldaernachrichten.de\/index.php?rest_route=\/wp\/v2\/users\/1"}],"replies":[{"embeddable":true,"href":"https:\/\/www.fuldaernachrichten.de\/index.php?rest_route=%2Fwp%2Fv2%2Fcomments&post=30339"}],"version-history":[{"count":3,"href":"https:\/\/www.fuldaernachrichten.de\/index.php?rest_route=\/wp\/v2\/posts\/30339\/revisions"}],"predecessor-version":[{"id":30368,"href":"https:\/\/www.fuldaernachrichten.de\/index.php?rest_route=\/wp\/v2\/posts\/30339\/revisions\/30368"}],"wp:attachment":[{"href":"https:\/\/www.fuldaernachrichten.de\/index.php?rest_route=%2Fwp%2Fv2%2Fmedia&parent=30339"}],"wp:term":[{"taxonomy":"category","embeddable":true,"href":"https:\/\/www.fuldaernachrichten.de\/index.php?rest_route=%2Fwp%2Fv2%2Fcategories&post=30339"},{"taxonomy":"post_tag","embeddable":true,"href":"https:\/\/www.fuldaernachrichten.de\/index.php?rest_route=%2Fwp%2Fv2%2Ftags&post=30339"}],"curies":[{"name":"wp","href":"https:\/\/api.w.org\/{rel}","templated":true}]}}