{"id":303,"date":"2006-12-11T00:25:31","date_gmt":"2006-12-10T23:25:31","guid":{"rendered":"http:\/\/www.schoene-nachrichten.de\/?p=303"},"modified":"2006-12-11T00:25:31","modified_gmt":"2006-12-10T23:25:31","slug":"arztlicher-fachvortrag-im-herz-jesu-krankenhaus","status":"publish","type":"post","link":"https:\/\/www.fuldaernachrichten.de\/?p=303","title":{"rendered":"\u00c4rztlicher Fachvortrag im Herz-Jesu-Krankenhaus"},"content":{"rendered":"<p><strong>Sch\u00f6nes aus Fulda.<\/strong> Am Mittwoch, 13.12.2006, referiert\u00c2\u00a0 der Oberarzt des geriatrischen Zentrums &#8211; Dr. med. Matthias Werner um 17.00 Uhr in der neuen Cafeteria am Herz-Jesu-Krankenhaus Fulda zum Thema: Diagnostik und Therapie der Harninkontinenz im Alter.<\/p>\n<p>\u00c2\u00a0<\/p>\n<p><!--more--><\/p>\n<p>In der Geriatrischen Medizin geh\u00f6rt die Inkontinenz neben der Immobilit\u00e4t zu den gro\u00dfen Herausforderungen. Im Alter von 80 Jahren sind ca. 25\u00c2\u00a0Prozent der Menschen von der Harninkontinenz betroffen. Die Therapie der Harninkontinenz richtet sich nach der jeweils vorliegenden Form. Im Rahmen seines Vortrages wird Oberarzt Dr. med. Werner Therapiem\u00f6glichkeiten vorstellen und f\u00fcr Fragen zur Verf\u00fcgung stehen. Die Infoveranstaltung ist kostenlos.<\/p>\n","protected":false},"excerpt":{"rendered":"<div class=\"tmnf_excerpt\"><p>Sch\u00f6nes aus Fulda. Am Mittwoch, 13.12.2006, referiert\u00c2\u00a0 der Oberarzt des geriatrischen Zentrums &#8211; Dr. med. Matthias Werner um 17.00 Uhr in der neuen Cafeteria am Herz-Jesu-Krankenhaus Fulda zum Thema: Diagnostik und Therapie der Harninkontinenz im Alter. \u00c2\u00a0<\/p>\n<\/div>","protected":false},"author":1,"featured_media":0,"comment_status":"closed","ping_status":"closed","sticky":false,"template":"","format":"standard","meta":{"footnotes":""},"categories":[1],"tags":[],"class_list":["post-303","post","type-post","status-publish","format-standard","hentry","category-startseite"],"_links":{"self":[{"href":"https:\/\/www.fuldaernachrichten.de\/index.php?rest_route=\/wp\/v2\/posts\/303","targetHints":{"allow":["GET"]}}],"collection":[{"href":"https:\/\/www.fuldaernachrichten.de\/index.php?rest_route=\/wp\/v2\/posts"}],"about":[{"href":"https:\/\/www.fuldaernachrichten.de\/index.php?rest_route=\/wp\/v2\/types\/post"}],"author":[{"embeddable":true,"href":"https:\/\/www.fuldaernachrichten.de\/index.php?rest_route=\/wp\/v2\/users\/1"}],"replies":[{"embeddable":true,"href":"https:\/\/www.fuldaernachrichten.de\/index.php?rest_route=%2Fwp%2Fv2%2Fcomments&post=303"}],"version-history":[{"count":0,"href":"https:\/\/www.fuldaernachrichten.de\/index.php?rest_route=\/wp\/v2\/posts\/303\/revisions"}],"wp:attachment":[{"href":"https:\/\/www.fuldaernachrichten.de\/index.php?rest_route=%2Fwp%2Fv2%2Fmedia&parent=303"}],"wp:term":[{"taxonomy":"category","embeddable":true,"href":"https:\/\/www.fuldaernachrichten.de\/index.php?rest_route=%2Fwp%2Fv2%2Fcategories&post=303"},{"taxonomy":"post_tag","embeddable":true,"href":"https:\/\/www.fuldaernachrichten.de\/index.php?rest_route=%2Fwp%2Fv2%2Ftags&post=303"}],"curies":[{"name":"wp","href":"https:\/\/api.w.org\/{rel}","templated":true}]}}