{"id":30282,"date":"2009-05-30T05:50:47","date_gmt":"2009-05-30T03:50:47","guid":{"rendered":"http:\/\/www.schoene-nachrichten.de\/?p=30282"},"modified":"2009-05-30T08:09:02","modified_gmt":"2009-05-30T06:09:02","slug":"schokolade-leuchtet-licht-concept-entdeckt-innovationen-auf-mailaender-messe","status":"publish","type":"post","link":"https:\/\/www.fuldaernachrichten.de\/?p=30282","title":{"rendered":"\u201eSchokolade leuchtet\u201c &#8211; Licht &#038; Concept entdeckt Innovationen auf Mail\u00e4nder Messe"},"content":{"rendered":"<p><strong>Fulda. <\/strong>Das Mailand mit seinen Pret a Portes nicht nur die Stadt von Mode und Schuhen ist, erlebte J\u00fcrgen Schmitt, Inhaber des Fuldaer Unternehmens Licht &amp; Concept. Auf der Fachmesse\u00c2\u00a0 EUROLUCE informierte er sich \u00fcber die neuesten Beleuchtungstrends und Lichtkonzepte. \u201eNeben dem Thema energiesparender Lichtkonzepte gehe es beim Design ganz stark in Richtung Bronze- und Mocca-T\u00f6nen\u201c, stellte Schmitt in Mailand fest.<\/p>\n<p><a href=\"http:\/\/www.schoene-nachrichten.de\/wp-content\/uploads\/2009\/05\/jschocolate.jpg\"><img fetchpriority=\"high\" decoding=\"async\" class=\"alignnone size-thumbnail wp-image-30283\" title=\"Licht &amp; Concept\" src=\"http:\/\/www.schoene-nachrichten.de\/wp-content\/uploads\/2009\/05\/jschocolate-265x238.jpg\" alt=\"Licht &amp; Concept\" width=\"265\" height=\"238\" srcset=\"https:\/\/www.fuldaernachrichten.de\/wp-content\/uploads\/2009\/05\/jschocolate-265x238.jpg 265w, https:\/\/www.fuldaernachrichten.de\/wp-content\/uploads\/2009\/05\/jschocolate.jpg 668w\" sizes=\"(max-width: 265px) 100vw, 265px\" \/><\/a> <a href=\"http:\/\/www.schoene-nachrichten.de\/wp-content\/uploads\/2009\/05\/chocolatewandleuchte.jpg\"><img decoding=\"async\" class=\"alignnone size-thumbnail wp-image-30284\" title=\"Licht &amp; Concept\" src=\"http:\/\/www.schoene-nachrichten.de\/wp-content\/uploads\/2009\/05\/chocolatewandleuchte-265x259.jpg\" alt=\"Licht &amp; Concept\" width=\"265\" height=\"259\" srcset=\"https:\/\/www.fuldaernachrichten.de\/wp-content\/uploads\/2009\/05\/chocolatewandleuchte-265x259.jpg 265w, https:\/\/www.fuldaernachrichten.de\/wp-content\/uploads\/2009\/05\/chocolatewandleuchte.jpg 613w\" sizes=\"(max-width: 265px) 100vw, 265px\" \/><\/a><!--more--><\/p>\n<p><strong>Italienisches Design<br \/>\n<\/strong><br \/>\nAus diesen Gr\u00fcnden vertreibt Licht &amp; Concept auch die neue Modellreihe \u201eChocolate\u201c des italienischen Leuchtenherstellers Artemide. Das Unternehmen ist die erfolgreichste Designmarke Deutschlands im Bereich Home &amp; Living und konnte auch 2009 wieder einen \u201ebest brands\u201c-Award gewinnen. Das Leuchtenhaus von der Brake Licht &amp; Concept GmbH will den Fuldaern insbesondere die Wand-, Pendel- und Stehleuchten der Chocolate-Serie nahe bringen.<\/p>\n<p>Letztere ist sogar mit einem Anwesenheitssensor und Tageslichtsteuerung ausgestattet. Die Pendelleuchte wurde in Mailand f\u00fcr Oktober angek\u00fcndigt.\u00c2\u00a0 Neben Mocca ist die Modellreihe auch in wei\u00df erh\u00e4ltlich und kann, so Schmitt, daher problemlos in Praxen und B\u00fcros integriert werden, die Licht vielleicht eher n\u00fcchtern und k\u00fchl, aber dennoch filigran und angenehm leuchten lassen wollen \u2013 und sich dennoch etwas italienisches Design ins Haus holen wollen (<a href=\"http:\/\/www.lichtundconcept.de\" target=\"_blank\">www.lichtundconcept.de<\/a>).<\/p>\n","protected":false},"excerpt":{"rendered":"<div class=\"tmnf_excerpt\"><p>Fulda. Das Mailand mit seinen Pret a Portes nicht nur die Stadt von Mode und Schuhen ist, erlebte J\u00fcrgen Schmitt, Inhaber des Fuldaer Unternehmens Licht &amp; Concept. Auf der Fachmesse\u00c2\u00a0 EUROLUCE informierte er sich \u00fcber die neuesten Beleuchtungstrends und Lichtkonzepte. \u201eNeben dem Thema energiesparender Lichtkonzepte gehe es beim Design ganz stark in Richtung Bronze- und &hellip;<\/p>\n<\/div>","protected":false},"author":1,"featured_media":0,"comment_status":"closed","ping_status":"closed","sticky":false,"template":"","format":"standard","meta":{"footnotes":""},"categories":[1,29],"tags":[],"class_list":["post-30282","post","type-post","status-publish","format-standard","hentry","category-startseite","category-politik"],"_links":{"self":[{"href":"https:\/\/www.fuldaernachrichten.de\/index.php?rest_route=\/wp\/v2\/posts\/30282","targetHints":{"allow":["GET"]}}],"collection":[{"href":"https:\/\/www.fuldaernachrichten.de\/index.php?rest_route=\/wp\/v2\/posts"}],"about":[{"href":"https:\/\/www.fuldaernachrichten.de\/index.php?rest_route=\/wp\/v2\/types\/post"}],"author":[{"embeddable":true,"href":"https:\/\/www.fuldaernachrichten.de\/index.php?rest_route=\/wp\/v2\/users\/1"}],"replies":[{"embeddable":true,"href":"https:\/\/www.fuldaernachrichten.de\/index.php?rest_route=%2Fwp%2Fv2%2Fcomments&post=30282"}],"version-history":[{"count":3,"href":"https:\/\/www.fuldaernachrichten.de\/index.php?rest_route=\/wp\/v2\/posts\/30282\/revisions"}],"predecessor-version":[{"id":30318,"href":"https:\/\/www.fuldaernachrichten.de\/index.php?rest_route=\/wp\/v2\/posts\/30282\/revisions\/30318"}],"wp:attachment":[{"href":"https:\/\/www.fuldaernachrichten.de\/index.php?rest_route=%2Fwp%2Fv2%2Fmedia&parent=30282"}],"wp:term":[{"taxonomy":"category","embeddable":true,"href":"https:\/\/www.fuldaernachrichten.de\/index.php?rest_route=%2Fwp%2Fv2%2Fcategories&post=30282"},{"taxonomy":"post_tag","embeddable":true,"href":"https:\/\/www.fuldaernachrichten.de\/index.php?rest_route=%2Fwp%2Fv2%2Ftags&post=30282"}],"curies":[{"name":"wp","href":"https:\/\/api.w.org\/{rel}","templated":true}]}}