{"id":30274,"date":"2009-05-31T05:19:52","date_gmt":"2009-05-31T03:19:52","guid":{"rendered":"http:\/\/www.schoene-nachrichten.de\/?p=30274"},"modified":"2009-05-30T08:13:22","modified_gmt":"2009-05-30T06:13:22","slug":"ein-elfjaehriger-als-schirmherr-in-der-nachfolge-von-angela-merkel","status":"publish","type":"post","link":"https:\/\/www.fuldaernachrichten.de\/?p=30274","title":{"rendered":"Ein Elfj\u00e4hriger als Schirmherr \u2013 in der Nachfolge von Angela Merkel"},"content":{"rendered":"<p><strong>Duisburg.<\/strong> Ein elfj\u00e4hriger Junge wird als Schirmherr am 5. Juni die Duisburger Umwelttage 2009 er\u00f6ffnen \u2013 und damit die heutige Bundeskanzlerin Angela Merkel abl\u00f6sen als bislang j\u00fcngste Schirmherrin dieser bundesweit bekannten Aktionstage. Der Starnberger Sch\u00fcler Felix Finkbeiner wurde von der Stadt Duisburg als Gr\u00fcnder der Sch\u00fclerinitiative \u201ePlant for the Planet\u201c eingeladen, diese ehrenvolle Aufgabe zu \u00fcbernehmen, in Anerkennung seines Engagements f\u00fcr den Klimaschutz. Er will zusammen mit Mitsch\u00fclerinnen und Mitsch\u00fclern bis Ende dieses Jahres eine Million B\u00e4ume f\u00fcr das Klima pflanzen. Felix Finkbeiner ist deshalb auch als europ\u00e4ischer Kindervorstand in das Umweltprogramm der Vereinten Nationen (UNEP) gew\u00e4hlt worden. Er wird in Duisburg als Schirmherr unterst\u00fctzt von Kindern der Stadt, die zu den Umwelttagen unter dem Motto \u201eBaum und Umwelt\u201c das Versprechen abgeben werden, sich mit 25.000 B\u00e4umen am Programm von \u201ePlant for the Planet\u201c zu beteiligen.<!--more--><br \/>\n<strong><\/strong><\/p>\n<p><strong>Ehrenvolle Vorg\u00e4nger<\/strong><\/p>\n<p>Der Elfj\u00e4hrige tritt als Schirmherr der Duisburger Umwelttage in die Fu\u00dfstapfen bekannter Prominenter aus Politik, Wissenschaft und Kultur. Zu seinen Vorg\u00e4ngerinnen und Vorg\u00e4ngern z\u00e4hlen neben Angela Merkel \u2013 die im Jahr 1995 als 40-j\u00e4hrige Bundesumweltministerin bislang die J\u00fcngste im Reigen der prominenten Schirmherren war \u2013 auch Joschka Fischer, Johannes Rau, Veronika Carstens, Klaus T\u00f6pfer, Peer Steinbr\u00fcck oder die Schauspielerin Marianne Koch und der Kabarettist Doktor Stratmann. Die ersten Duisburger Umwelttage fanden 1994 statt als Kooperation von Beh\u00f6rden, B\u00fcrgern, Wirtschaft und Verb\u00e4nden. Insgesamt sind bis zum 21. Juni 2009 rund 130 Veranstaltungen zu Umweltthemen geplant. Ziel der Umwelttage sind einerseits die Information der \u00d6ffentlichkeit, andererseits die Motivation der B\u00fcrger zum Mitmachen.<br \/>\n<strong><\/strong><\/p>\n<p><strong>Faire Verteilung von CO2-Emissionsrechten<\/strong><\/p>\n<p>Die Sch\u00fclerinitiative \u201ePlant for the Planet\u201c hatte Felix Finkbeiner im M\u00e4rz 2007 als Neunj\u00e4hriger gegr\u00fcndet. \u201eWir wollten zeigen\u201c, so erinnert er sich, \u201edass auch Kinder und Jugendliche etwas f\u00fcr den Klimaschutz und die Gestaltung ihrer Zukunft tun k\u00f6nnen.\u201c Seitdem ist in Deutschland ein regelrechter Baumpflanz-Boom entstanden. Rund 290.000 B\u00e4ume wurden von Sch\u00fclerinnen und Sch\u00fclern mittlerweile gepflanzt und 250.000 weitere von Sch\u00fclern und Sponsoren fest zugesagt. Die Initiative hofft, dass sie ihr Ziel von einer Million B\u00e4umen deutlich \u00fcbertreffen wird, da in rund 15 St\u00e4dten und Regionen Vorbereitungen zu \u00e4hnlichen Gro\u00dfaktionen laufen wie in Duisburg, mit jeweils bis zu 100.000 B\u00e4umen. \u201ePlant for the Planet\u201c geht es dabei nicht nur um m\u00f6glichst viele B\u00e4ume, sondern auch darum, die Vision Klimaschutz und Klimagerechtigkeit \u2013 die faire Verteilung von CO2-Emissionsrechten &#8211; in den K\u00f6pfen junger Menschen zu verankern. In mehreren Bundesl\u00e4ndern hat die Initiative \u00fcber 13.000 B\u00fccher zum Klimaschutz an Schulen verteilt und Kinder in \u201ePlant for the Planet Akademien\u201c geschult. Unterst\u00fctzt wird \u201ePlant for the Planet\u201c vom Automobilhersteller Toyota, der sich seit Jahren weltweit bei Aufforstungsprojekten und f\u00fcr den Klimaschutz engagiert.<\/p>\n<p><strong>Informationen \u00fcber Plant for the Planet im Web: <\/strong><br \/>\n<a href=\"http:\/\/www.plant-for-the-planet.org\" target=\"_blank\">www.plant-for-the-planet.org<\/a><br \/>\n<a href=\"http:\/\/www.akademie.plant-for-the-planet.org\" target=\"_blank\">www.akademie.plant-for-the-planet.org<\/a><\/p>\n<p><strong><br \/>\nWeitere Informationen:<\/strong><\/p>\n<p>Aktionsb\u00fcro Plant for the Planet<br \/>\nc\/o Science&amp;Media<br \/>\nReiner Korbmann<br \/>\nBetastr. 9A, 85774 M\u00fcnchen-Unterf\u00f6hring<br \/>\nTel: 089-20 80 57-11, Fax: 089-20 80 57-01<br \/>\nE-Mail: plant-for-the-planet@scienceundmedia.de<\/p>\n","protected":false},"excerpt":{"rendered":"<div class=\"tmnf_excerpt\"><p>Duisburg. Ein elfj\u00e4hriger Junge wird als Schirmherr am 5. Juni die Duisburger Umwelttage 2009 er\u00f6ffnen \u2013 und damit die heutige Bundeskanzlerin Angela Merkel abl\u00f6sen als bislang j\u00fcngste Schirmherrin dieser bundesweit bekannten Aktionstage. Der Starnberger Sch\u00fcler Felix Finkbeiner wurde von der Stadt Duisburg als Gr\u00fcnder der Sch\u00fclerinitiative \u201ePlant for the Planet\u201c eingeladen, diese ehrenvolle Aufgabe zu &hellip;<\/p>\n<\/div>","protected":false},"author":1,"featured_media":0,"comment_status":"closed","ping_status":"closed","sticky":false,"template":"","format":"standard","meta":{"footnotes":""},"categories":[1,53,29,52],"tags":[],"class_list":["post-30274","post","type-post","status-publish","format-standard","hentry","category-startseite","category-bildung","category-politik","category-umwelt"],"_links":{"self":[{"href":"https:\/\/www.fuldaernachrichten.de\/index.php?rest_route=\/wp\/v2\/posts\/30274","targetHints":{"allow":["GET"]}}],"collection":[{"href":"https:\/\/www.fuldaernachrichten.de\/index.php?rest_route=\/wp\/v2\/posts"}],"about":[{"href":"https:\/\/www.fuldaernachrichten.de\/index.php?rest_route=\/wp\/v2\/types\/post"}],"author":[{"embeddable":true,"href":"https:\/\/www.fuldaernachrichten.de\/index.php?rest_route=\/wp\/v2\/users\/1"}],"replies":[{"embeddable":true,"href":"https:\/\/www.fuldaernachrichten.de\/index.php?rest_route=%2Fwp%2Fv2%2Fcomments&post=30274"}],"version-history":[{"count":5,"href":"https:\/\/www.fuldaernachrichten.de\/index.php?rest_route=\/wp\/v2\/posts\/30274\/revisions"}],"predecessor-version":[{"id":30326,"href":"https:\/\/www.fuldaernachrichten.de\/index.php?rest_route=\/wp\/v2\/posts\/30274\/revisions\/30326"}],"wp:attachment":[{"href":"https:\/\/www.fuldaernachrichten.de\/index.php?rest_route=%2Fwp%2Fv2%2Fmedia&parent=30274"}],"wp:term":[{"taxonomy":"category","embeddable":true,"href":"https:\/\/www.fuldaernachrichten.de\/index.php?rest_route=%2Fwp%2Fv2%2Fcategories&post=30274"},{"taxonomy":"post_tag","embeddable":true,"href":"https:\/\/www.fuldaernachrichten.de\/index.php?rest_route=%2Fwp%2Fv2%2Ftags&post=30274"}],"curies":[{"name":"wp","href":"https:\/\/api.w.org\/{rel}","templated":true}]}}