{"id":30269,"date":"2009-05-28T06:25:33","date_gmt":"2009-05-28T04:25:33","guid":{"rendered":"http:\/\/www.schoene-nachrichten.de\/?p=30269"},"modified":"2009-05-30T08:10:47","modified_gmt":"2009-05-30T06:10:47","slug":"heute-orgelmatinee-im-dom-mit-margarete-klorek","status":"publish","type":"post","link":"https:\/\/www.fuldaernachrichten.de\/?p=30269","title":{"rendered":"HEUTE: Orgelmatinee im Dom mit Margarete Klorek"},"content":{"rendered":"<p><strong>Fulda (bpf).<\/strong> In einer Orgelmatinee am Samstag, 30. Mai, um 12.05 Uhr im Fuldaer Dom wird Margarete Klorek aus Stettin (Polen) Orgelmusik von F. Liszt (\u201ePilgerchor aus Tannh\u00e4user\u201c), F. Chopin (\u201eDeux Pr\u00e9ludes\u201c), S. Rachmaninow (\u201ePr\u00e4ludium g-moll\u201c), C. Debussy (\u201eClair de Lune\u201c) und F. Nowowiejski (\u201e9. Symphonie \u00e2\u20ac\u0161Mutter Gottes\u00e2\u20ac\u2122\u201c) vorstellen.<!--more--><br \/>\n<strong> <\/strong><\/p>\n<p><strong>Vita<\/strong><\/p>\n<p>Margarete Klorek, ist als Organistin auf die Interpretation romantischer und moderner Musik spezialisiert. Sie studierte Orgel an der Musikakademie in Posen\/Polen und hat dort auch ihr Studium f\u00fcr musikalische Erziehung beendet. Danach folgten weitere Studien in Deutschland, Belgien, Holland und der Tschechischen Republik. Margarete Klorek pflegt eine rege Konzertt\u00e4tigkeit in Polen und im Ausland. Sie organisiert in Stettin polnisch-deutsche Interpretationskurse der Orgelmusik f\u00fcr Sch\u00fcler von Musikschulen und Gymnasien. Sie ist zudem seit mehreren Jahren k\u00fcnstlerische Leiterin der Internationalen Orgelfestivals in Swinemunde, Misdroy, Treptow an der Rega und Kahlbude. Rundfunkaufnahmen sowie Programme im Fernsehen erg\u00e4nzen ihr T\u00e4tigkeitsspektrum.<\/p>\n","protected":false},"excerpt":{"rendered":"<div class=\"tmnf_excerpt\"><p>Fulda (bpf). In einer Orgelmatinee am Samstag, 30. Mai, um 12.05 Uhr im Fuldaer Dom wird Margarete Klorek aus Stettin (Polen) Orgelmusik von F. Liszt (\u201ePilgerchor aus Tannh\u00e4user\u201c), F. Chopin (\u201eDeux Pr\u00e9ludes\u201c), S. Rachmaninow (\u201ePr\u00e4ludium g-moll\u201c), C. Debussy (\u201eClair de Lune\u201c) und F. Nowowiejski (\u201e9. Symphonie \u00e2\u20ac\u0161Mutter Gottes\u00e2\u20ac\u2122\u201c) vorstellen.<\/p>\n<\/div>","protected":false},"author":1,"featured_media":0,"comment_status":"closed","ping_status":"closed","sticky":false,"template":"","format":"standard","meta":{"footnotes":""},"categories":[1,53,50],"tags":[],"class_list":["post-30269","post","type-post","status-publish","format-standard","hentry","category-startseite","category-bildung","category-kirche"],"_links":{"self":[{"href":"https:\/\/www.fuldaernachrichten.de\/index.php?rest_route=\/wp\/v2\/posts\/30269","targetHints":{"allow":["GET"]}}],"collection":[{"href":"https:\/\/www.fuldaernachrichten.de\/index.php?rest_route=\/wp\/v2\/posts"}],"about":[{"href":"https:\/\/www.fuldaernachrichten.de\/index.php?rest_route=\/wp\/v2\/types\/post"}],"author":[{"embeddable":true,"href":"https:\/\/www.fuldaernachrichten.de\/index.php?rest_route=\/wp\/v2\/users\/1"}],"replies":[{"embeddable":true,"href":"https:\/\/www.fuldaernachrichten.de\/index.php?rest_route=%2Fwp%2Fv2%2Fcomments&post=30269"}],"version-history":[{"count":5,"href":"https:\/\/www.fuldaernachrichten.de\/index.php?rest_route=\/wp\/v2\/posts\/30269\/revisions"}],"predecessor-version":[{"id":30321,"href":"https:\/\/www.fuldaernachrichten.de\/index.php?rest_route=\/wp\/v2\/posts\/30269\/revisions\/30321"}],"wp:attachment":[{"href":"https:\/\/www.fuldaernachrichten.de\/index.php?rest_route=%2Fwp%2Fv2%2Fmedia&parent=30269"}],"wp:term":[{"taxonomy":"category","embeddable":true,"href":"https:\/\/www.fuldaernachrichten.de\/index.php?rest_route=%2Fwp%2Fv2%2Fcategories&post=30269"},{"taxonomy":"post_tag","embeddable":true,"href":"https:\/\/www.fuldaernachrichten.de\/index.php?rest_route=%2Fwp%2Fv2%2Ftags&post=30269"}],"curies":[{"name":"wp","href":"https:\/\/api.w.org\/{rel}","templated":true}]}}