{"id":30266,"date":"2009-05-31T05:15:03","date_gmt":"2009-05-31T03:15:03","guid":{"rendered":"http:\/\/www.schoene-nachrichten.de\/?p=30266"},"modified":"2009-05-30T08:13:49","modified_gmt":"2009-05-30T06:13:49","slug":"krammarkt-am-gemuesemarkt-kleinigkeiten-fuer-den-alltag-kaufen","status":"publish","type":"post","link":"https:\/\/www.fuldaernachrichten.de\/?p=30266","title":{"rendered":"Krammarkt am Gem\u00fcsemarkt &#8211; Kleinigkeiten f\u00fcr den Alltag kaufen"},"content":{"rendered":"<p><strong>Fulda (hm). <\/strong>Am Donnerstag, 04. Juni und Freitag, 05. Juni 2009 findet am Gem\u00fcsemarkt wieder ein Krammarkt statt. Zwischen 08.00 Uhr und 18.00 Uhr haben die Besucher wieder die M\u00f6glichkeit, Kleinigkeiten f\u00fcr das allt\u00e4gliche Leben zu erwerben. Der Krammarkt ist eine besondere Form des Shoppens live und unter freiem Himmel ist es ein alternatives Einkaufserlebnis. Die Marktbeschicker freuen sich auf viele Besucher sowie auf das Handeln um die Ware. Feilschen und Handeln &#8211; unerl\u00e4sslicher Bestandteil eines spannenden und erlebnisreichen Marktes.<\/p>\n","protected":false},"excerpt":{"rendered":"<div class=\"tmnf_excerpt\"><p>Fulda (hm). Am Donnerstag, 04. Juni und Freitag, 05. Juni 2009 findet am Gem\u00fcsemarkt wieder ein Krammarkt statt. Zwischen 08.00 Uhr und 18.00 Uhr haben die Besucher wieder die M\u00f6glichkeit, Kleinigkeiten f\u00fcr das allt\u00e4gliche Leben zu erwerben. Der Krammarkt ist eine besondere Form des Shoppens live und unter freiem Himmel ist es ein alternatives Einkaufserlebnis. &hellip;<\/p>\n<\/div>","protected":false},"author":1,"featured_media":0,"comment_status":"closed","ping_status":"closed","sticky":false,"template":"","format":"standard","meta":{"footnotes":""},"categories":[1,37],"tags":[],"class_list":["post-30266","post","type-post","status-publish","format-standard","hentry","category-startseite","category-essen-und-trinken"],"_links":{"self":[{"href":"https:\/\/www.fuldaernachrichten.de\/index.php?rest_route=\/wp\/v2\/posts\/30266","targetHints":{"allow":["GET"]}}],"collection":[{"href":"https:\/\/www.fuldaernachrichten.de\/index.php?rest_route=\/wp\/v2\/posts"}],"about":[{"href":"https:\/\/www.fuldaernachrichten.de\/index.php?rest_route=\/wp\/v2\/types\/post"}],"author":[{"embeddable":true,"href":"https:\/\/www.fuldaernachrichten.de\/index.php?rest_route=\/wp\/v2\/users\/1"}],"replies":[{"embeddable":true,"href":"https:\/\/www.fuldaernachrichten.de\/index.php?rest_route=%2Fwp%2Fv2%2Fcomments&post=30266"}],"version-history":[{"count":3,"href":"https:\/\/www.fuldaernachrichten.de\/index.php?rest_route=\/wp\/v2\/posts\/30266\/revisions"}],"predecessor-version":[{"id":30327,"href":"https:\/\/www.fuldaernachrichten.de\/index.php?rest_route=\/wp\/v2\/posts\/30266\/revisions\/30327"}],"wp:attachment":[{"href":"https:\/\/www.fuldaernachrichten.de\/index.php?rest_route=%2Fwp%2Fv2%2Fmedia&parent=30266"}],"wp:term":[{"taxonomy":"category","embeddable":true,"href":"https:\/\/www.fuldaernachrichten.de\/index.php?rest_route=%2Fwp%2Fv2%2Fcategories&post=30266"},{"taxonomy":"post_tag","embeddable":true,"href":"https:\/\/www.fuldaernachrichten.de\/index.php?rest_route=%2Fwp%2Fv2%2Ftags&post=30266"}],"curies":[{"name":"wp","href":"https:\/\/api.w.org\/{rel}","templated":true}]}}