{"id":30224,"date":"2009-05-29T06:31:25","date_gmt":"2009-05-29T04:31:25","guid":{"rendered":"http:\/\/www.schoene-nachrichten.de\/?p=30224"},"modified":"2009-05-30T08:17:20","modified_gmt":"2009-05-30T06:17:20","slug":"spargel-aktion-am-klinikum-erloes-ging-an-foerderverein-kaenguruh-ev","status":"publish","type":"post","link":"https:\/\/www.fuldaernachrichten.de\/?p=30224","title":{"rendered":"Spargel-Aktion am Klinikum &#8211; Erl\u00f6s ging an F\u00f6rderverein K\u00e4nguruh e.V."},"content":{"rendered":"<p><a title=\"Foto: Max Colin Heydenreich\" rel=\"lightbox[roadtrip]\" href=\"http:\/\/www.schoene-nachrichten.de\/wp-content\/uploads\/2009\/05\/090529_Klinikum_018.jpg\" target=\"_blank\"><img decoding=\"async\" src=\"http:\/\/www.schoene-nachrichten.de\/wp-content\/uploads\/2009\/05\/090529_Klinikum_018.jpg\" alt=\"090529_Klinikum_018.jpg\" width=\"560\" \/><\/a><\/p>\n<p><strong>Fulda.<\/strong> Bei der Spargel-Aktion im Klinikum Fulda konnten insgesamt 333,33 Euro gesammelt werden, die in einem offiziellen Rahmen dem F\u00f6rderverein K\u00e4nguruh e.V. \u00fcbergeben wurden.<\/p>\n<p>Der K\u00fcchenleiter des Klinikums Fulda, Bruno D\u00fcchs und sein Team hatten bei der Spargel-Aktion in der Eingangshalle Spargel zu besonders g\u00fcnstigen Konditionen verkauft. Auf Wunsch wurde der Spargel auch vor Ort gesch\u00e4lt. \u201eJeder hat f\u00fcr das Sch\u00e4len gezahlt was er meinte\u201c, erl\u00e4uterte Bruno D\u00fcchs. Zudem wurde eine Spargelcremsuppe angeboten, die im Foyer des Klinikums verk\u00f6stigt werden konnte.<\/p>\n<p>Fotos (18): Max Colin Heydenreich<\/p>\n<p><a title=\"Foto: Max Colin Heydenreich\" rel=\"lightbox[roadtrip]\" href=\"http:\/\/www.schoene-nachrichten.de\/wp-content\/uploads\/2009\/05\/090529_Klinikum_005.jpg\" target=\"_blank\"><img decoding=\"async\" src=\"http:\/\/www.schoene-nachrichten.de\/wp-content\/uploads\/2009\/05\/090529_Klinikum_005.thumbnail.jpg\" alt=\"090529_Klinikum_005.jpg\" width=\"265\" \/><\/a> <a title=\"Foto: Max Colin Heydenreich\" rel=\"lightbox[roadtrip]\" href=\"http:\/\/www.schoene-nachrichten.de\/wp-content\/uploads\/2009\/05\/090529_Klinikum_006.jpg\" target=\"_blank\"><img decoding=\"async\" src=\"http:\/\/www.schoene-nachrichten.de\/wp-content\/uploads\/2009\/05\/090529_Klinikum_006.thumbnail.jpg\" alt=\"090529_Klinikum_006.jpg\" width=\"265\" \/><\/a><\/p>\n<p><!--more--><\/p>\n<p>Auch hierf\u00fcr hatte jeder nach seinem Ermessen bezahlen k\u00f6nnen. Das Rezept zu der Suppe konnte direkt vor Ort mitgenommen werden. Der bei dieser Spargel-Aktion entstandene Erl\u00f6s von 333,33 Euro wurde von Bruno D\u00fcchs an Oberarzt Dr. Ulrich Salzberger, stellvertretend f\u00fcr den F\u00f6rderverein K\u00e4nguruh e.V., \u00fcbergeben. \u201eVon den 333,33 Euro stammen 100 Euro aus einer Wette\u201c, so D\u00fcchs.<\/p>\n<p><a title=\"Foto: Max Colin Heydenreich\" rel=\"lightbox[roadtrip]\" href=\"http:\/\/www.schoene-nachrichten.de\/wp-content\/uploads\/2009\/05\/090529_Klinikum_003.jpg\" target=\"_blank\"><img decoding=\"async\" src=\"http:\/\/www.schoene-nachrichten.de\/wp-content\/uploads\/2009\/05\/090529_Klinikum_003.thumbnail.jpg\" alt=\"090529_Klinikum_003.jpg\" width=\"265\" \/><\/a> <a title=\"Foto: Max Colin Heydenreich\" rel=\"lightbox[roadtrip]\" href=\"http:\/\/www.schoene-nachrichten.de\/wp-content\/uploads\/2009\/05\/090529_Klinikum_004.jpg\" target=\"_blank\"><img decoding=\"async\" src=\"http:\/\/www.schoene-nachrichten.de\/wp-content\/uploads\/2009\/05\/090529_Klinikum_004.thumbnail.jpg\" alt=\"090529_Klinikum_004.jpg\" width=\"265\" \/><\/a><\/p>\n<p>Der K\u00fcchenleiter hatte mit Michael Schreiber, Prokurist der Firma Frucht Hartmann und Lieferant des Spargels, gewettet, dass an diesem Tag \u00fcber 150 Kilo Spargel\u00c2\u00a0 verkauft werden. Wie sich zeigte hatte er Recht behalten: Insgesamt wurden 300 Kilo Spargel in nur 3 Stunden verkauft. Damit hatte Michael Schreiber seine Wette verloren und den Wetteinsatz von 100 Euro in den Spendentopf gegeben.<\/p>\n<p><a title=\"Foto: Max Colin Heydenreich\" rel=\"lightbox[roadtrip]\" href=\"http:\/\/www.schoene-nachrichten.de\/wp-content\/uploads\/2009\/05\/090529_Klinikum_013.jpg\" target=\"_blank\"><img decoding=\"async\" src=\"http:\/\/www.schoene-nachrichten.de\/wp-content\/uploads\/2009\/05\/090529_Klinikum_013.thumbnail.jpg\" alt=\"090529_Klinikum_013.jpg\" width=\"265\" \/><\/a> <a title=\"Foto: Max Colin Heydenreich\" rel=\"lightbox[roadtrip]\" href=\"http:\/\/www.schoene-nachrichten.de\/wp-content\/uploads\/2009\/05\/090529_Klinikum_014.jpg\" target=\"_blank\"><img decoding=\"async\" src=\"http:\/\/www.schoene-nachrichten.de\/wp-content\/uploads\/2009\/05\/090529_Klinikum_014.thumbnail.jpg\" alt=\"090529_Klinikum_014.jpg\" width=\"265\" \/><\/a><\/p>\n<p>Der F\u00f6rderverein K\u00e4nguruh e.V. ist ein gemeinn\u00fctziger Verein der Freunde und F\u00f6rderer der Kinder- und Jugendmedizin Fulda e.V. und besteht aus Eltern, Mitarbeitern der Klinik f\u00fcr Kinder- und Jugendmedizin sowie allen Interessierten, die kranken Kindern und Jugendlichen helfen wollen.<\/p>\n<p><a title=\"Foto: Max Colin Heydenreich\" rel=\"lightbox[roadtrip]\" href=\"http:\/\/www.schoene-nachrichten.de\/wp-content\/uploads\/2009\/05\/090529_Klinikum_001.jpg\" target=\"_blank\"><img decoding=\"async\" src=\"http:\/\/www.schoene-nachrichten.de\/wp-content\/uploads\/2009\/05\/090529_Klinikum_001.thumbnail.jpg\" alt=\"090529_Klinikum_001.jpg\" width=\"265\" \/><\/a> <a title=\"Foto: Max Colin Heydenreich\" rel=\"lightbox[roadtrip]\" href=\"http:\/\/www.schoene-nachrichten.de\/wp-content\/uploads\/2009\/05\/090529_Klinikum_002.jpg\" target=\"_blank\"><img decoding=\"async\" src=\"http:\/\/www.schoene-nachrichten.de\/wp-content\/uploads\/2009\/05\/090529_Klinikum_002.thumbnail.jpg\" alt=\"090529_Klinikum_002.jpg\" width=\"265\" \/><\/a><\/p>\n<p><a title=\"Foto: Max Colin Heydenreich\" rel=\"lightbox[roadtrip]\" href=\"http:\/\/www.schoene-nachrichten.de\/wp-content\/uploads\/2009\/05\/090529_Klinikum_007.jpg\" target=\"_blank\"><img decoding=\"async\" src=\"http:\/\/www.schoene-nachrichten.de\/wp-content\/uploads\/2009\/05\/090529_Klinikum_007.thumbnail.jpg\" alt=\"090529_Klinikum_007.jpg\" width=\"265\" \/><\/a> <a title=\"Foto: Max Colin Heydenreich\" rel=\"lightbox[roadtrip]\" href=\"http:\/\/www.schoene-nachrichten.de\/wp-content\/uploads\/2009\/05\/090529_Klinikum_008.jpg\" target=\"_blank\"><img decoding=\"async\" src=\"http:\/\/www.schoene-nachrichten.de\/wp-content\/uploads\/2009\/05\/090529_Klinikum_008.thumbnail.jpg\" alt=\"090529_Klinikum_008.jpg\" width=\"265\" \/><\/a><\/p>\n<p><a title=\"Foto: Max Colin Heydenreich\" rel=\"lightbox[roadtrip]\" href=\"http:\/\/www.schoene-nachrichten.de\/wp-content\/uploads\/2009\/05\/090529_Klinikum_009.jpg\" target=\"_blank\"><img decoding=\"async\" src=\"http:\/\/www.schoene-nachrichten.de\/wp-content\/uploads\/2009\/05\/090529_Klinikum_009.thumbnail.jpg\" alt=\"090529_Klinikum_009.jpg\" width=\"265\" \/><\/a> <a title=\"Foto: Max Colin Heydenreich\" rel=\"lightbox[roadtrip]\" href=\"http:\/\/www.schoene-nachrichten.de\/wp-content\/uploads\/2009\/05\/090529_Klinikum_010.jpg\" target=\"_blank\"><img decoding=\"async\" src=\"http:\/\/www.schoene-nachrichten.de\/wp-content\/uploads\/2009\/05\/090529_Klinikum_010.thumbnail.jpg\" alt=\"090529_Klinikum_010.jpg\" width=\"265\" \/><\/a><\/p>\n<p><a title=\"Foto: Max Colin Heydenreich\" rel=\"lightbox[roadtrip]\" href=\"http:\/\/www.schoene-nachrichten.de\/wp-content\/uploads\/2009\/05\/090529_Klinikum_011.jpg\" target=\"_blank\"><img decoding=\"async\" src=\"http:\/\/www.schoene-nachrichten.de\/wp-content\/uploads\/2009\/05\/090529_Klinikum_011.thumbnail.jpg\" alt=\"090529_Klinikum_011.jpg\" width=\"265\" \/><\/a> <a title=\"Foto: Max Colin Heydenreich\" rel=\"lightbox[roadtrip]\" href=\"http:\/\/www.schoene-nachrichten.de\/wp-content\/uploads\/2009\/05\/090529_Klinikum_012.jpg\" target=\"_blank\"><img decoding=\"async\" src=\"http:\/\/www.schoene-nachrichten.de\/wp-content\/uploads\/2009\/05\/090529_Klinikum_012.thumbnail.jpg\" alt=\"090529_Klinikum_012.jpg\" width=\"265\" \/><\/a><\/p>\n<p><a title=\"Foto: Max Colin Heydenreich\" rel=\"lightbox[roadtrip]\" href=\"http:\/\/www.schoene-nachrichten.de\/wp-content\/uploads\/2009\/05\/090529_Klinikum_015.jpg\" target=\"_blank\"><img decoding=\"async\" src=\"http:\/\/www.schoene-nachrichten.de\/wp-content\/uploads\/2009\/05\/090529_Klinikum_015.thumbnail.jpg\" alt=\"090529_Klinikum_015.jpg\" width=\"265\" \/><\/a> <a title=\"Foto: Max Colin Heydenreich\" rel=\"lightbox[roadtrip]\" href=\"http:\/\/www.schoene-nachrichten.de\/wp-content\/uploads\/2009\/05\/090529_Klinikum_016.jpg\" target=\"_blank\"><img decoding=\"async\" src=\"http:\/\/www.schoene-nachrichten.de\/wp-content\/uploads\/2009\/05\/090529_Klinikum_016.thumbnail.jpg\" alt=\"090529_Klinikum_016.jpg\" width=\"265\" \/><\/a><\/p>\n<p><a title=\"Foto: Max Colin Heydenreich\" rel=\"lightbox[roadtrip]\" href=\"http:\/\/www.schoene-nachrichten.de\/wp-content\/uploads\/2009\/05\/090529_Klinikum_017.jpg\" target=\"_blank\"><img decoding=\"async\" src=\"http:\/\/www.schoene-nachrichten.de\/wp-content\/uploads\/2009\/05\/090529_Klinikum_017.thumbnail.jpg\" alt=\"090529_Klinikum_017.jpg\" width=\"265\" \/><\/a><\/p>\n","protected":false},"excerpt":{"rendered":"<div class=\"tmnf_excerpt\"><p>Fulda. Bei der Spargel-Aktion im Klinikum Fulda konnten insgesamt 333,33 Euro gesammelt werden, die in einem offiziellen Rahmen dem F\u00f6rderverein K\u00e4nguruh e.V. \u00fcbergeben wurden. Der K\u00fcchenleiter des Klinikums Fulda, Bruno D\u00fcchs und sein Team hatten bei der Spargel-Aktion in der Eingangshalle Spargel zu besonders g\u00fcnstigen Konditionen verkauft. Auf Wunsch wurde der Spargel auch vor Ort &hellip;<\/p>\n<\/div>","protected":false},"author":1,"featured_media":0,"comment_status":"closed","ping_status":"closed","sticky":false,"template":"","format":"standard","meta":{"footnotes":""},"categories":[1,54,51,78],"tags":[],"class_list":["post-30224","post","type-post","status-publish","format-standard","hentry","category-startseite","category-bildergalerien","category-medizin","category-topthema"],"_links":{"self":[{"href":"https:\/\/www.fuldaernachrichten.de\/index.php?rest_route=\/wp\/v2\/posts\/30224","targetHints":{"allow":["GET"]}}],"collection":[{"href":"https:\/\/www.fuldaernachrichten.de\/index.php?rest_route=\/wp\/v2\/posts"}],"about":[{"href":"https:\/\/www.fuldaernachrichten.de\/index.php?rest_route=\/wp\/v2\/types\/post"}],"author":[{"embeddable":true,"href":"https:\/\/www.fuldaernachrichten.de\/index.php?rest_route=\/wp\/v2\/users\/1"}],"replies":[{"embeddable":true,"href":"https:\/\/www.fuldaernachrichten.de\/index.php?rest_route=%2Fwp%2Fv2%2Fcomments&post=30224"}],"version-history":[{"count":4,"href":"https:\/\/www.fuldaernachrichten.de\/index.php?rest_route=\/wp\/v2\/posts\/30224\/revisions"}],"predecessor-version":[{"id":30305,"href":"https:\/\/www.fuldaernachrichten.de\/index.php?rest_route=\/wp\/v2\/posts\/30224\/revisions\/30305"}],"wp:attachment":[{"href":"https:\/\/www.fuldaernachrichten.de\/index.php?rest_route=%2Fwp%2Fv2%2Fmedia&parent=30224"}],"wp:term":[{"taxonomy":"category","embeddable":true,"href":"https:\/\/www.fuldaernachrichten.de\/index.php?rest_route=%2Fwp%2Fv2%2Fcategories&post=30224"},{"taxonomy":"post_tag","embeddable":true,"href":"https:\/\/www.fuldaernachrichten.de\/index.php?rest_route=%2Fwp%2Fv2%2Ftags&post=30224"}],"curies":[{"name":"wp","href":"https:\/\/api.w.org\/{rel}","templated":true}]}}