{"id":3012,"date":"2007-05-09T05:05:37","date_gmt":"2007-05-09T03:05:37","guid":{"rendered":"http:\/\/www.schoene-nachrichten.de\/?p=3012"},"modified":"2007-05-09T05:07:42","modified_gmt":"2007-05-09T03:07:42","slug":"elisabeth-wallfahrer-besichtigen-elisabeth-burg","status":"publish","type":"post","link":"https:\/\/www.fuldaernachrichten.de\/?p=3012","title":{"rendered":"Elisabeth-Wallfahrer besichtigen Elisabeth-Burg"},"content":{"rendered":"<p><a rel=\"lightbox[roadtrip]\" target=\"_blank\" href=\"http:\/\/www.schoene-nachrichten.de\/wp-content\/uploads\/2007\/05\/070508_wallfahrer.jpg\" title=\"070508_wallfahrer.jpg\"><img decoding=\"async\" align=\"left\" src=\"http:\/\/www.schoene-nachrichten.de\/wp-content\/uploads\/2007\/05\/070508_wallfahrer.thumbnail.jpg\" hspace=\"5\" alt=\"070508_wallfahrer.jpg\" \/><\/a><strong>Sch\u00f6nes aus S\u00e1rospatak<\/strong>. Die Caritasverb\u00e4nde der Bist\u00fcmer und Erfurt und Fulda f\u00fchren derzeit gemeinsam eine Elisabeth-Wallfahrt f\u00fcr H\u00f6rgesch\u00e4digte, Geh\u00f6rlose und Senioren durch.\u00c2\u00a065 Wallfahrer aus den\u00c2\u00a0Di\u00f6zesen Erfurt und Fulda sind am 3. Mai nach S\u00e1rospatak in Ostungarn aufgebrochen. Dort wurde die Heilige Elisabeth vor 800 Jahren geboren. Nach einem Aufenthalt in Prag ist die Gruppe \u00fcber Bratislava nach Ungarn gereist. <!--more--><\/p>\n<p>Im Geburtsort der heiligen Elisabeth trafen die Pilger am Samstagabend ein. Auf dem Programm standen eine Begegnung mit ungarischen Geh\u00f6rlosen und eine n\u00e4chtliche Lichterprozession von der Elsiabethkirche zur 500 Meter entfernten Elisabeth-Burg. Im Burghof fand am Sonntagmorgen\u00c2\u00a0 vor dem Gottesdienst ein Morgenlob statt.<\/p>\n<p>Partnerschaftlich unterst\u00fctzt wird das gesamte Projekt der Caritas-Wallfahrt von der Akademie Bruderhilfe-Familienf\u00fcrsorge, einer Einrichtung der Versicherer im Raum der Kirchen mit Sitz in Kassel, deren eines Arbeitsfeld derzeit der Themenkomplex &#8220;Christliches Pilgern&#8221; ist.<\/p>\n","protected":false},"excerpt":{"rendered":"<div class=\"tmnf_excerpt\"><p>Sch\u00f6nes aus S\u00e1rospatak. Die Caritasverb\u00e4nde der Bist\u00fcmer und Erfurt und Fulda f\u00fchren derzeit gemeinsam eine Elisabeth-Wallfahrt f\u00fcr H\u00f6rgesch\u00e4digte, Geh\u00f6rlose und Senioren durch.\u00c2\u00a065 Wallfahrer aus den\u00c2\u00a0Di\u00f6zesen Erfurt und Fulda sind am 3. Mai nach S\u00e1rospatak in Ostungarn aufgebrochen. Dort wurde die Heilige Elisabeth vor 800 Jahren geboren. Nach einem Aufenthalt in Prag ist die Gruppe \u00fcber &hellip;<\/p>\n<\/div>","protected":false},"author":1,"featured_media":0,"comment_status":"closed","ping_status":"closed","sticky":false,"template":"","format":"standard","meta":{"footnotes":""},"categories":[1,53,50,44],"tags":[],"class_list":["post-3012","post","type-post","status-publish","format-standard","hentry","category-startseite","category-bildung","category-kirche","category-kultur"],"_links":{"self":[{"href":"https:\/\/www.fuldaernachrichten.de\/index.php?rest_route=\/wp\/v2\/posts\/3012","targetHints":{"allow":["GET"]}}],"collection":[{"href":"https:\/\/www.fuldaernachrichten.de\/index.php?rest_route=\/wp\/v2\/posts"}],"about":[{"href":"https:\/\/www.fuldaernachrichten.de\/index.php?rest_route=\/wp\/v2\/types\/post"}],"author":[{"embeddable":true,"href":"https:\/\/www.fuldaernachrichten.de\/index.php?rest_route=\/wp\/v2\/users\/1"}],"replies":[{"embeddable":true,"href":"https:\/\/www.fuldaernachrichten.de\/index.php?rest_route=%2Fwp%2Fv2%2Fcomments&post=3012"}],"version-history":[{"count":0,"href":"https:\/\/www.fuldaernachrichten.de\/index.php?rest_route=\/wp\/v2\/posts\/3012\/revisions"}],"wp:attachment":[{"href":"https:\/\/www.fuldaernachrichten.de\/index.php?rest_route=%2Fwp%2Fv2%2Fmedia&parent=3012"}],"wp:term":[{"taxonomy":"category","embeddable":true,"href":"https:\/\/www.fuldaernachrichten.de\/index.php?rest_route=%2Fwp%2Fv2%2Fcategories&post=3012"},{"taxonomy":"post_tag","embeddable":true,"href":"https:\/\/www.fuldaernachrichten.de\/index.php?rest_route=%2Fwp%2Fv2%2Ftags&post=3012"}],"curies":[{"name":"wp","href":"https:\/\/api.w.org\/{rel}","templated":true}]}}