{"id":301,"date":"2006-12-10T10:50:12","date_gmt":"2006-12-10T09:50:12","guid":{"rendered":"http:\/\/www.schoene-nachrichten.de\/?p=301"},"modified":"2006-12-10T10:51:31","modified_gmt":"2006-12-10T09:51:31","slug":"hilfe-fur-eltern-netzwerk-fur-erziehung-gegrundet","status":"publish","type":"post","link":"https:\/\/www.fuldaernachrichten.de\/?p=301","title":{"rendered":"Hilfe f\u00fcr Eltern &#8211; Netzwerk f\u00fcr Erziehung gegr\u00fcndet"},"content":{"rendered":"<p><strong>Sch\u00f6nes aus Fulda.<\/strong> Unter dem Namen \u201eEvA \u2013 Erziehung von Anfang an\u201c haben \u00fcber 60 Fachleute aus unterschiedlichen Berufsfeldern und mehr als 30 Institutionen sowie Organisationen\u00c2\u00a0ein breit angelegtes Netzwerk gegr\u00fcndet. Das Ziel:\u00c2\u00a0Familien fr\u00fchzeitig noch besser zu unterst\u00fctzen.<\/p>\n<p>\u00c2\u00a0<\/p>\n<p><a title=\"Foto: Stadt Fulda\" href=\"http:\/\/www.schoene-nachrichten.de\/wp-content\/uploads\/2006\/12\/06209_eva1.jpg\" target=\"_blank\"><img decoding=\"async\" id=\"image300\" height=\"74\" alt=\"06209_eva1.jpg\" src=\"http:\/\/www.schoene-nachrichten.de\/wp-content\/uploads\/2006\/12\/06209_eva1.thumbnail.jpg\" \/><\/a>\u00c2\u00a0<a title=\"Foto: Stadt Fulda\" href=\"http:\/\/www.schoene-nachrichten.de\/wp-content\/uploads\/2006\/12\/06209_eva.jpg\" target=\"_blank\"><img decoding=\"async\" id=\"image297\" height=\"75\" alt=\"06209_eva.jpg\" src=\"http:\/\/www.schoene-nachrichten.de\/wp-content\/uploads\/2006\/12\/06209_eva.thumbnail.jpg\" \/><\/a><\/p>\n<p><a title=\"Foto: Stadt Fulda\" href=\"http:\/\/www.schoene-nachrichten.de\/wp-content\/uploads\/2006\/12\/06209_eva3.jpg\" target=\"_blank\"><img decoding=\"async\" id=\"image299\" height=\"74\" alt=\"06209_eva3.jpg\" src=\"http:\/\/www.schoene-nachrichten.de\/wp-content\/uploads\/2006\/12\/06209_eva3.thumbnail.jpg\" \/><\/a>\u00c2\u00a0<a title=\"Foto: Stadt Fulda\" href=\"http:\/\/www.schoene-nachrichten.de\/wp-content\/uploads\/2006\/12\/06209_eva2.jpg\" target=\"_blank\"><img decoding=\"async\" id=\"image298\" height=\"74\" alt=\"06209_eva2.jpg\" src=\"http:\/\/www.schoene-nachrichten.de\/wp-content\/uploads\/2006\/12\/06209_eva2.thumbnail.jpg\" \/><\/a><\/p>\n<p>\u00c2\u00a0<\/p>\n<p><!--more--><\/p>\n<p>Das Konzept von \u201eEvA\u201c beschrieb Stefan M\u00f6lleney, Leiter des Amtes f\u00fcr Jugend und Familie der Stadt Fulda: Um Eltern erfolgreich unterst\u00fctzen zu k\u00f6nnen, soll \u201eEvA\u201c schon vor der Geburt eines Kindes ansetzen. Au\u00dferdem soll die Hemmschwelle m\u00f6glichst niedrig gehalten sein, damit die Unterst\u00fctzung mit Selbstverst\u00e4ndlichkeit angenommen werde.<\/p>\n<p>\u00c2\u00a0<\/p>\n<p>Mittelfristig soll das Netzwerk zu einer verbindlichen Zusammenarbeit der Einrichtungen des Gesundheitswesens mit denen der Jugend- und Familienhilfe f\u00fchren. Dabei will \u201eEvA\u201c nicht nur Hilfe f\u00fcr die Familien von au\u00dfen organisieren, sondern das Umfeld, die \u201eNachbarschaften\u201c einbeziehen.\u00c2\u00a0<\/p>\n<p>\u00c2\u00a0<br \/>\n\u201eEvA versteht sich nicht als Kontrollinstanz oder Fr\u00fchwarnsystem im engeren Sinne, sondern als Hilfe, um mit Eltern langfristig Perspektiven zum Wohl der Kinder zu entwickeln. Schlie\u00dflich sollen Eltern durch die Unterst\u00fctzung von \u201eEvA\u201c ermutigt und begleitet werden\u201c, so M\u00f6lleney.\u00c2\u00a0<\/p>\n<p>\u00c2\u00a0<br \/>\nEine Ausstellung, die von den Teilnehmern der Vernetzungskonferenz organisiert wurde, machte deutlich: es gibt bereits eine Menge von Angeboten, dazu noch weitere Ideen und eine gro\u00dfe Bereitschaft und den Willen aller, das Netz der Unterst\u00fctzung noch auszubauen.<\/p>\n<p>\u00c2\u00a0<br \/>\nDer 1. Kreisbeigeordnete Dr. Heiko Wingenfeld wertete Vernetzungskonferenz und Konzept als \u201ewichtigen Beitrag zur Pr\u00e4vention, bei dem es um weit mehr geht, als schreckliche Schicksale wie das des kleinen Kevin aus Bremen zu\u00c2\u00a0 verhindern.\u201c \u201eEvA\u201c, so Dr. Wingenfeld, wolle helfen, bevor Probleme zu Krisen werden.<\/p>\n<p>\u00c2\u00a0<\/p>\n<p>Auch Oberb\u00fcrgermeister Gerhard M\u00f6ller sicherte seine Unterst\u00fctzung f\u00fcr \u201eEvA\u201c zu und kritisierte in seinem Gru\u00dfwort eine populistische Politik, die nur auf kurzfristigen Aktionismus setze; das verkenne, so M\u00f6ller, dass es in der Kinder- und Jugendhilfe um ein Thema geht, bei dem es auf Qualit\u00e4t ankomme.<\/p>\n","protected":false},"excerpt":{"rendered":"<div class=\"tmnf_excerpt\"><p>Sch\u00f6nes aus Fulda. Unter dem Namen \u201eEvA \u2013 Erziehung von Anfang an\u201c haben \u00fcber 60 Fachleute aus unterschiedlichen Berufsfeldern und mehr als 30 Institutionen sowie Organisationen\u00c2\u00a0ein breit angelegtes Netzwerk gegr\u00fcndet. Das Ziel:\u00c2\u00a0Familien fr\u00fchzeitig noch besser zu unterst\u00fctzen. \u00c2\u00a0 \u00c2\u00a0 \u00c2\u00a0 \u00c2\u00a0<\/p>\n<\/div>","protected":false},"author":1,"featured_media":0,"comment_status":"closed","ping_status":"closed","sticky":false,"template":"","format":"standard","meta":{"footnotes":""},"categories":[1],"tags":[],"class_list":["post-301","post","type-post","status-publish","format-standard","hentry","category-startseite"],"_links":{"self":[{"href":"https:\/\/www.fuldaernachrichten.de\/index.php?rest_route=\/wp\/v2\/posts\/301","targetHints":{"allow":["GET"]}}],"collection":[{"href":"https:\/\/www.fuldaernachrichten.de\/index.php?rest_route=\/wp\/v2\/posts"}],"about":[{"href":"https:\/\/www.fuldaernachrichten.de\/index.php?rest_route=\/wp\/v2\/types\/post"}],"author":[{"embeddable":true,"href":"https:\/\/www.fuldaernachrichten.de\/index.php?rest_route=\/wp\/v2\/users\/1"}],"replies":[{"embeddable":true,"href":"https:\/\/www.fuldaernachrichten.de\/index.php?rest_route=%2Fwp%2Fv2%2Fcomments&post=301"}],"version-history":[{"count":0,"href":"https:\/\/www.fuldaernachrichten.de\/index.php?rest_route=\/wp\/v2\/posts\/301\/revisions"}],"wp:attachment":[{"href":"https:\/\/www.fuldaernachrichten.de\/index.php?rest_route=%2Fwp%2Fv2%2Fmedia&parent=301"}],"wp:term":[{"taxonomy":"category","embeddable":true,"href":"https:\/\/www.fuldaernachrichten.de\/index.php?rest_route=%2Fwp%2Fv2%2Fcategories&post=301"},{"taxonomy":"post_tag","embeddable":true,"href":"https:\/\/www.fuldaernachrichten.de\/index.php?rest_route=%2Fwp%2Fv2%2Ftags&post=301"}],"curies":[{"name":"wp","href":"https:\/\/api.w.org\/{rel}","templated":true}]}}