{"id":30080,"date":"2009-05-28T05:09:25","date_gmt":"2009-05-28T03:09:25","guid":{"rendered":"http:\/\/www.schoene-nachrichten.de\/?p=30080"},"modified":"2009-05-28T08:43:13","modified_gmt":"2009-05-28T06:43:13","slug":"hundertwasser-vernissage-in-der-kinderklinik-2","status":"publish","type":"post","link":"https:\/\/www.fuldaernachrichten.de\/?p=30080","title":{"rendered":"\u201eHundertwasser\u201c Vernissage in der Kinderklinik"},"content":{"rendered":"<p><strong><a href=\"http:\/\/www.schoene-nachrichten.de\/wp-content\/uploads\/2009\/05\/pict5071.jpg\"><img fetchpriority=\"high\" decoding=\"async\" class=\"alignnone size-thumbnail wp-image-30081\" title=\"Klinikum Fulda\" src=\"http:\/\/www.schoene-nachrichten.de\/wp-content\/uploads\/2009\/05\/pict5071-265x198.jpg\" alt=\"Klinikum Fulda\" hspace=\"5\" width=\"265\" height=\"198\" align=\"left\" srcset=\"https:\/\/www.fuldaernachrichten.de\/wp-content\/uploads\/2009\/05\/pict5071-265x198.jpg 265w, https:\/\/www.fuldaernachrichten.de\/wp-content\/uploads\/2009\/05\/pict5071.jpg 800w\" sizes=\"(max-width: 265px) 100vw, 265px\" \/><\/a>Fulda.<\/strong> Die Klinik f\u00fcr Kinder- und Jugendmedizin des Klinikums Fulda veranstaltete eine Vernissage \u201eHundertwasser\u201c mit Bildern von den Kindern der Kindertagesst\u00e4tte St. Pius.<!--more--><\/p>\n<p><strong>5-w\u00f6chigen Projektarbeit<\/strong><\/p>\n<p>Insgesamt 95 Kinder der Kindertagesst\u00e4tte St. Pius lernten im Rahmen einer 5-w\u00f6chigen Projektarbeit das Leben und die Arbeiten des K\u00fcnstlers Friedensreich Hundertwasser kennen. Hundertwasser wurde am 15.12.1928 in Wien geboren. Seinen Namen nahm der K\u00fcnstler mit 21 Jahren an. Davor hie\u00df er \u201eFriederich Stowasser\u201c. \u201eSto\u201c bedeutet in einigen slawischen Sprachen \u201ehundert\u201c.<br \/>\nAuch die Kinder der Kindertagesst\u00e4tte durften sich im Rahmen des Projektes \u201eK\u00fcnstlernamen\u201c geben, erl\u00e4uterte die Erzieherin Tanja Bachmann. Der Schwerpunkt lag aber auf dem Malen von Spiralen sowie der Architektur.<\/p>\n<p><strong>Wertvorstellung von Hundertwasser n\u00e4her gebracht<\/strong><\/p>\n<p>In verschiedenen Gespr\u00e4chen und \u00dcbungen wurde den Kindern zun\u00e4chst die Wertvorstellung von Hundertwasser n\u00e4her gebracht. Anschlie\u00dfend durften die kleinen K\u00fcnstler selber malen. Die 1- bis 6-j\u00e4hrigen Kinder malten mit Buntstiften, Wasserfarbe, Wachsmalstiften oder Fingerfarben.\u00c2\u00a0 Prof. Dr. Reinald Repp (Direktor der Klinik f\u00fcr Kinder- und Jugendmedizin), bedankte sich bei den Kindern, Erzieherinnen und Eltern, die das Projekt unterst\u00fctzt haben.<\/p>\n<p>Die Werke der jungen K\u00fcnstler sind bis zum 14.06.2009 in der Klinik f\u00fcr Kinder- und Jugendmedizin, auf der Station K1A, zu besichtigen. Alle Interessierten sind\u00c2\u00a0 herzlich eingeladen.<\/p>\n<p>Aufgrund der umfangreichen\u00c2\u00a0 Bauma\u00dfnahmen des Frau-Mutter-Kind-Zentrums ist der direkte Eingang zur\u00c2\u00a0 Kinderklinik derzeit gesperrt. Alle Besucher werden gebeten, den Haupteingang oder den Weg \u00fcber die Notfallaufnahme zu verwenden.<\/p>\n","protected":false},"excerpt":{"rendered":"<div class=\"tmnf_excerpt\"><p>Fulda. Die Klinik f\u00fcr Kinder- und Jugendmedizin des Klinikums Fulda veranstaltete eine Vernissage \u201eHundertwasser\u201c mit Bildern von den Kindern der Kindertagesst\u00e4tte St. Pius.<\/p>\n<\/div>","protected":false},"author":1,"featured_media":0,"comment_status":"closed","ping_status":"closed","sticky":false,"template":"","format":"standard","meta":{"footnotes":""},"categories":[1,53,72,44],"tags":[],"class_list":["post-30080","post","type-post","status-publish","format-standard","hentry","category-startseite","category-bildung","category-jugend","category-kultur"],"_links":{"self":[{"href":"https:\/\/www.fuldaernachrichten.de\/index.php?rest_route=\/wp\/v2\/posts\/30080","targetHints":{"allow":["GET"]}}],"collection":[{"href":"https:\/\/www.fuldaernachrichten.de\/index.php?rest_route=\/wp\/v2\/posts"}],"about":[{"href":"https:\/\/www.fuldaernachrichten.de\/index.php?rest_route=\/wp\/v2\/types\/post"}],"author":[{"embeddable":true,"href":"https:\/\/www.fuldaernachrichten.de\/index.php?rest_route=\/wp\/v2\/users\/1"}],"replies":[{"embeddable":true,"href":"https:\/\/www.fuldaernachrichten.de\/index.php?rest_route=%2Fwp%2Fv2%2Fcomments&post=30080"}],"version-history":[{"count":4,"href":"https:\/\/www.fuldaernachrichten.de\/index.php?rest_route=\/wp\/v2\/posts\/30080\/revisions"}],"predecessor-version":[{"id":30115,"href":"https:\/\/www.fuldaernachrichten.de\/index.php?rest_route=\/wp\/v2\/posts\/30080\/revisions\/30115"}],"wp:attachment":[{"href":"https:\/\/www.fuldaernachrichten.de\/index.php?rest_route=%2Fwp%2Fv2%2Fmedia&parent=30080"}],"wp:term":[{"taxonomy":"category","embeddable":true,"href":"https:\/\/www.fuldaernachrichten.de\/index.php?rest_route=%2Fwp%2Fv2%2Fcategories&post=30080"},{"taxonomy":"post_tag","embeddable":true,"href":"https:\/\/www.fuldaernachrichten.de\/index.php?rest_route=%2Fwp%2Fv2%2Ftags&post=30080"}],"curies":[{"name":"wp","href":"https:\/\/api.w.org\/{rel}","templated":true}]}}