{"id":29955,"date":"2009-05-27T04:45:59","date_gmt":"2009-05-27T02:45:59","guid":{"rendered":"http:\/\/www.schoene-nachrichten.de\/?p=29955"},"modified":"2009-05-27T05:46:19","modified_gmt":"2009-05-27T03:46:19","slug":"geringste-bevoelkerungsverluste-im-landkreis-fulda","status":"publish","type":"post","link":"https:\/\/www.fuldaernachrichten.de\/?p=29955","title":{"rendered":"Geringste Bev\u00f6lkerungsverluste im Landkreis Fulda"},"content":{"rendered":"<p><strong>Fulda. <\/strong>Obwohl sich der Bev\u00f6lkerungsr\u00fcckgang im Regierungsbezirk Kassel im dritten Quartal 2008 weiter fortgesetzt hat, weist der Landkreis Fulda mit einem Minus von 0,1 Prozent unter den nordhessischen Landkreisen die geringste Ver\u00e4nderung auf. Insgesamt betrug die Abnahme im Regierungsbezirk 0,2 Prozent, wobei nur die kreisfreie Stadt Kassel ein Plus von 0,02 Prozent verbuchte. Verglichen mit dem dritten Quartal des Vorjahres verzeichnete Landkreis Fulda mit Minus 0,3 Prozent ebenfalls die geringste Abnahme im Regierungsbezirk (-0,6%).<\/p>\n<p><a href=\"http:\/\/www.schoene-nachrichten.de\/wp-content\/uploads\/2009\/05\/227-bevkerungsrckgang1.jpg\"><img decoding=\"async\" class=\"alignnone size-thumbnail wp-image-29956\" title=\"LK Fulda\" src=\"http:\/\/www.schoene-nachrichten.de\/wp-content\/uploads\/2009\/05\/227-bevkerungsrckgang1-265x153.jpg\" alt=\"LK Fulda\" width=\"265\" height=\"153\" srcset=\"https:\/\/www.fuldaernachrichten.de\/wp-content\/uploads\/2009\/05\/227-bevkerungsrckgang1-265x153.jpg 265w, https:\/\/www.fuldaernachrichten.de\/wp-content\/uploads\/2009\/05\/227-bevkerungsrckgang1.jpg 600w\" sizes=\"(max-width: 265px) 100vw, 265px\" \/><\/a> <a href=\"http:\/\/www.schoene-nachrichten.de\/wp-content\/uploads\/2009\/05\/227ckgang2.jpg\"><img decoding=\"async\" class=\"alignnone size-thumbnail wp-image-29957\" title=\"LK Fulda\" src=\"http:\/\/www.schoene-nachrichten.de\/wp-content\/uploads\/2009\/05\/227ckgang2-265x169.jpg\" alt=\"LK Fulda\" width=\"265\" height=\"169\" srcset=\"https:\/\/www.fuldaernachrichten.de\/wp-content\/uploads\/2009\/05\/227ckgang2-265x169.jpg 265w, https:\/\/www.fuldaernachrichten.de\/wp-content\/uploads\/2009\/05\/227ckgang2.jpg 600w\" sizes=\"(max-width: 265px) 100vw, 265px\" \/><\/a><!--more--><\/p>\n<p><strong>Zu wenig Neugeborene<\/strong><\/p>\n<p>Aus einer Analyse der Bev\u00f6lkerungsentwicklung geht hervor, dass im dritten Quartal des letzten Jahres im Landkreis Fulda 26 weniger Menschen geboren wurden als verstarben. Der R\u00fcckgang der Geburten gegen\u00fcber dem Vergleichszeitraum im Jahr zuvor betrug f\u00fcnf, die Zunahme der Sterbef\u00e4lle 31. Auch der Wanderungsverlust war mit einem Minus von 129 geringer als in fast allen anderen Landkreisen des Regierungsbezirks Kassel. Im dritten Quartal 2008 zogen in den Landkreis Fulda 3.113 Einwohner zu, 3.242 Einwohner zogen aus dem Landkreis fort.<\/p>\n<p>Nach Mitteilung des Statistischen Landesamtes ging in den ersten neuen Monaten des vergangenen Jahres die Gesamtbev\u00f6lkerung in Hessen um 1.000 auf 6.071.600 Einwohner zur\u00fcck. Damit fiel der R\u00fcckgang etwas schw\u00e4cher als im gleichen Zeitraum des Vorjahres aus, als er bei 2.600 Einwohnern gelegen hatte. Ausschlaggebend hierf\u00fcr war ein h\u00f6herer Wanderungs\u00fcberschuss (+5.300), der jedoch durch das Geburtendefizit (-6.300) mehr als aufgezehrt wurde. Hessenweit standen knapp 37.800 Geborene (-100) 44.100 Gestorbene (-1.000) gegen\u00fcber.<\/p>\n","protected":false},"excerpt":{"rendered":"<div class=\"tmnf_excerpt\"><p>Fulda. Obwohl sich der Bev\u00f6lkerungsr\u00fcckgang im Regierungsbezirk Kassel im dritten Quartal 2008 weiter fortgesetzt hat, weist der Landkreis Fulda mit einem Minus von 0,1 Prozent unter den nordhessischen Landkreisen die geringste Ver\u00e4nderung auf. Insgesamt betrug die Abnahme im Regierungsbezirk 0,2 Prozent, wobei nur die kreisfreie Stadt Kassel ein Plus von 0,02 Prozent verbuchte. Verglichen mit &hellip;<\/p>\n<\/div>","protected":false},"author":1,"featured_media":0,"comment_status":"closed","ping_status":"closed","sticky":false,"template":"","format":"standard","meta":{"footnotes":""},"categories":[1,53,29],"tags":[],"class_list":["post-29955","post","type-post","status-publish","format-standard","hentry","category-startseite","category-bildung","category-politik"],"_links":{"self":[{"href":"https:\/\/www.fuldaernachrichten.de\/index.php?rest_route=\/wp\/v2\/posts\/29955","targetHints":{"allow":["GET"]}}],"collection":[{"href":"https:\/\/www.fuldaernachrichten.de\/index.php?rest_route=\/wp\/v2\/posts"}],"about":[{"href":"https:\/\/www.fuldaernachrichten.de\/index.php?rest_route=\/wp\/v2\/types\/post"}],"author":[{"embeddable":true,"href":"https:\/\/www.fuldaernachrichten.de\/index.php?rest_route=\/wp\/v2\/users\/1"}],"replies":[{"embeddable":true,"href":"https:\/\/www.fuldaernachrichten.de\/index.php?rest_route=%2Fwp%2Fv2%2Fcomments&post=29955"}],"version-history":[{"count":3,"href":"https:\/\/www.fuldaernachrichten.de\/index.php?rest_route=\/wp\/v2\/posts\/29955\/revisions"}],"predecessor-version":[{"id":29992,"href":"https:\/\/www.fuldaernachrichten.de\/index.php?rest_route=\/wp\/v2\/posts\/29955\/revisions\/29992"}],"wp:attachment":[{"href":"https:\/\/www.fuldaernachrichten.de\/index.php?rest_route=%2Fwp%2Fv2%2Fmedia&parent=29955"}],"wp:term":[{"taxonomy":"category","embeddable":true,"href":"https:\/\/www.fuldaernachrichten.de\/index.php?rest_route=%2Fwp%2Fv2%2Fcategories&post=29955"},{"taxonomy":"post_tag","embeddable":true,"href":"https:\/\/www.fuldaernachrichten.de\/index.php?rest_route=%2Fwp%2Fv2%2Ftags&post=29955"}],"curies":[{"name":"wp","href":"https:\/\/api.w.org\/{rel}","templated":true}]}}