{"id":29950,"date":"2009-05-27T05:00:44","date_gmt":"2009-05-27T03:00:44","guid":{"rendered":"http:\/\/www.schoene-nachrichten.de\/?p=29950"},"modified":"2009-05-27T05:59:19","modified_gmt":"2009-05-27T03:59:19","slug":"jugendwettbewerb-der-akademie-laendlicher-raum","status":"publish","type":"post","link":"https:\/\/www.fuldaernachrichten.de\/?p=29950","title":{"rendered":"Jugendwettbewerb der Akademie L\u00e4ndlicher Raum"},"content":{"rendered":"<p><a href=\"http:\/\/www.schoene-nachrichten.de\/wp-content\/uploads\/2009\/05\/cid_5fa91ac3-e174-49a5-abb.jpg\"><img decoding=\"async\" class=\"alignnone size-thumbnail wp-image-29952\" title=\"Vogelsbergkreis\" src=\"http:\/\/www.schoene-nachrichten.de\/wp-content\/uploads\/2009\/05\/cid_5fa91ac3-e174-49a5-abb.jpg\" alt=\"Vogelsbergkreis\" hspace=\"5\" width=\"560\" srcset=\"https:\/\/www.fuldaernachrichten.de\/wp-content\/uploads\/2009\/05\/cid_5fa91ac3-e174-49a5-abb.jpg 600w, https:\/\/www.fuldaernachrichten.de\/wp-content\/uploads\/2009\/05\/cid_5fa91ac3-e174-49a5-abb-265x189.jpg 265w\" sizes=\"(max-width: 600px) 100vw, 600px\" \/><br \/>\n<\/a><strong><\/strong><\/p>\n<p><strong>Vogelsbergkreis. <\/strong>Monika K\u00e4mper, Mona Schulz, Laura Pietrowski und Antje Kolb aus M\u00fccke haben beim Jugendpreis 2009 der Akademie L\u00e4ndlicher Raum den zweiten Platz geholt, verbunden mit einem Preisgeld von 1000 Euro. Stiftungsvorsitzender Professor Heinrich Klose, Professor Gerd Wei\u00df und Europaminister J\u00f6rg-Uwe Hahn w\u00fcrdigten vor wenigen Tagen in der Staatskanzlei in Wiesbaden die Leistungen aller jungen Preistr\u00e4ger aus drei L\u00e4ndern, die sich in den vergangenen Monaten mit dem Thema &#8220;Sport, Spiel und Gesundheit&#8221; auseinandergesetzt hatten.<!--more--><\/p>\n<p><strong>Gratulationen<\/strong><\/p>\n<p>Kreisbeigeordneter Wilfried Fink, der den Vogelsbergkreis im wissenschaftlichen Beirat der Akademie vertritt, \u00fcberbrachte in der Staatskanzlei die Gl\u00fcckw\u00fcnsche von Landrat Rudolf Marx. Vor Ort gratulierten auch Uwe Langohr, Jugendpfleger der Gemeinde M\u00fccke und Kreisjugendpflegerin Silvia Lucas den 17- und 18-j\u00e4hrigen Preistr\u00e4gerinnen. Wilfried Fink lobte den Flei\u00df der jungen Frauen, der Preis sei die &#8220;Frucht einer m\u00fchevollen aber gewiss auch spannenden Arbeit&#8221;.<\/p>\n<p>Der Preis widerlege die These, &#8220;die Jugend&#8221; sei tr\u00e4ge und interesselos. Vielmehr zeigten alle Teilnehmerinnen und Teilnehmer eindrucksvoll das hohe Ma\u00df an Tatkraft und Verantwortungsf\u00e4higkeit. Das Thema Sport eigne sich hervorragend dazu heraus zu finden, wie Menschen aufeinander zu gehen, wie sie gemeinsam ihre Kreativit\u00e4t entwickeln k\u00f6nnen.<\/p>\n<p><strong>&#8220;gute Kultur des Ernstnehmens&#8221;<\/strong><\/p>\n<p>Die Akademie schaffe mit dem von ihr ausgelobten Jugendpreis eine &#8220;gute Kultur des Ernstnehmens&#8221;, sie verst\u00e4rke die guten Potenziale der jungen Menschen. Kreisbeigeordneter Fink w\u00fcrdigte auch die Arbeit der Sozialp\u00e4dagogin Nicole Roth von der Arbeiterwohlfahrt Gr\u00fcnberg, die seit Jahren das Projekt in M\u00fccke betreut. Diese Arbeit sei &#8220;nicht einfach eine Freizeitbesch\u00e4ftigung&#8221;, sondern sie diene vielmehr der Lebensorientierung. Die jetzt mit dem zweiten Platz ausgezeichneten jungen Frauen aus M\u00fccke waren bereits 2003 mit dem Thema &#8220;Fremde unter uns&#8221; als Erstplatzierte aus dem Wettbewerb hervorgegangen; 2007 holten sie den zweiten Platz mit einer Arbeit zum Thema &#8220;Tourismus&#8221;.<\/p>\n<p>Der Jugendpreis der Akademie L\u00e4ndlicher Raum wird seit 1992 in Hessen, im Landkreis Schmalkalden-Meiningen (Th\u00fcringen) und seit 2006 auch in Wielkopolska (Polen) und in der Emilia-Romagna in Italien veranstaltet. Seit 2008 ist auch die franz\u00f6sische Partnerregion Hessens, die Aquitaine, dabei.<\/p>\n<p>Auch 2010 wird es wieder einen Jugendpreis der Akademie geben. Das Thema steht schon fest: &#8220;Integration im l\u00e4ndlichen Raum&#8221;. Interessierte k\u00f6nnen sich bei der Akademie L\u00e4ndlicher Raum informieren: jugendpreisstiftung@t-online.de<\/p>\n","protected":false},"excerpt":{"rendered":"<div class=\"tmnf_excerpt\"><p>Vogelsbergkreis. Monika K\u00e4mper, Mona Schulz, Laura Pietrowski und Antje Kolb aus M\u00fccke haben beim Jugendpreis 2009 der Akademie L\u00e4ndlicher Raum den zweiten Platz geholt, verbunden mit einem Preisgeld von 1000 Euro. Stiftungsvorsitzender Professor Heinrich Klose, Professor Gerd Wei\u00df und Europaminister J\u00f6rg-Uwe Hahn w\u00fcrdigten vor wenigen Tagen in der Staatskanzlei in Wiesbaden die Leistungen aller jungen &hellip;<\/p>\n<\/div>","protected":false},"author":1,"featured_media":0,"comment_status":"closed","ping_status":"closed","sticky":false,"template":"","format":"standard","meta":{"footnotes":""},"categories":[1,53,72,29,78],"tags":[],"class_list":["post-29950","post","type-post","status-publish","format-standard","hentry","category-startseite","category-bildung","category-jugend","category-politik","category-topthema"],"_links":{"self":[{"href":"https:\/\/www.fuldaernachrichten.de\/index.php?rest_route=\/wp\/v2\/posts\/29950","targetHints":{"allow":["GET"]}}],"collection":[{"href":"https:\/\/www.fuldaernachrichten.de\/index.php?rest_route=\/wp\/v2\/posts"}],"about":[{"href":"https:\/\/www.fuldaernachrichten.de\/index.php?rest_route=\/wp\/v2\/types\/post"}],"author":[{"embeddable":true,"href":"https:\/\/www.fuldaernachrichten.de\/index.php?rest_route=\/wp\/v2\/users\/1"}],"replies":[{"embeddable":true,"href":"https:\/\/www.fuldaernachrichten.de\/index.php?rest_route=%2Fwp%2Fv2%2Fcomments&post=29950"}],"version-history":[{"count":5,"href":"https:\/\/www.fuldaernachrichten.de\/index.php?rest_route=\/wp\/v2\/posts\/29950\/revisions"}],"predecessor-version":[{"id":30011,"href":"https:\/\/www.fuldaernachrichten.de\/index.php?rest_route=\/wp\/v2\/posts\/29950\/revisions\/30011"}],"wp:attachment":[{"href":"https:\/\/www.fuldaernachrichten.de\/index.php?rest_route=%2Fwp%2Fv2%2Fmedia&parent=29950"}],"wp:term":[{"taxonomy":"category","embeddable":true,"href":"https:\/\/www.fuldaernachrichten.de\/index.php?rest_route=%2Fwp%2Fv2%2Fcategories&post=29950"},{"taxonomy":"post_tag","embeddable":true,"href":"https:\/\/www.fuldaernachrichten.de\/index.php?rest_route=%2Fwp%2Fv2%2Ftags&post=29950"}],"curies":[{"name":"wp","href":"https:\/\/api.w.org\/{rel}","templated":true}]}}