{"id":29938,"date":"2009-05-27T04:25:10","date_gmt":"2009-05-27T02:25:10","guid":{"rendered":"http:\/\/www.schoene-nachrichten.de\/?p=29938"},"modified":"2009-05-27T05:48:40","modified_gmt":"2009-05-27T03:48:40","slug":"seminare-des-bonifatiushaus-fulda-im-juni","status":"publish","type":"post","link":"https:\/\/www.fuldaernachrichten.de\/?p=29938","title":{"rendered":"Seminare des Bonifatiushaus Fulda im Juni"},"content":{"rendered":"<p><strong>Fulda. <\/strong>Im Juni bietet das Bonifatiushaus Fulda zwei interessante Seminare f\u00fcr Interessierte und spezielle Berufsgruppen an.<!--more--><\/p>\n<p><strong>11. \u2013 14.06.2009<\/strong><\/p>\n<p>\u201eKalligrafie und Papiergestaltung\u201c<\/p>\n<p>Dieser Kurs l\u00e4dt ein zum kreativen Umgang mit Schrift und Papier. Zun\u00e4chst werden die Grundformen der \u201eKarolingischen Minuskel\u201c erarbeitet, um dann die Schriftzeichen zu variieren und daraus Schrift-Bilder und dreidimensionale Papierobjekte zu entwickeln. Unterschiedliche Schreibwerkzeuge, Farben und Untergr\u00fcnde (Papiere) laden zu experimentellen Umgang mit der Schrift ein. Freuen Sie sich auf eine ruhige Zeit zum Schnuppern, Ausprobieren oder Vertiefen. Vorkenntnisse sind nicht erforderlich.<\/p>\n<p><strong>15. \u2013 19.06.2009<\/strong><\/p>\n<p>\u201eVon der Spaltung zur Einheit Deutschlands: 1949 Gr\u00fcndung der Bundesrepublik und der DDR, 1989 Fall der Mauer \u2013 ein Grund zum Feiern?\u201c<\/p>\n<p>Ein Bildungsurlaub f\u00fcr alle MitarbeiterInnen aus dem \u00f6ffentlichen Dienst und andere Interessierte<\/p>\n<p>Wir wollen in diesem Seminar die Vorgeschichte und auch die Folgen der doppelten Staatsgr\u00fcndung in Ost und West ins Blickfeld r\u00fccken. H\u00e4tte es 1949 und in den Jahren danach Chancen zur Vermeidung der sich vertiefenden Spaltung Deutschlands gegeben? Auch die Art und Weise und das Tempo des Vereinigungsprozesses nach dem Fall der Mauer und seine Auswirkungen bis in die Gegenwart werden kritisch unter die Lupe genommen. Wer hat von der deutschen Einheit profitiert \u2013 und welche Bev\u00f6lkerungsgruppen warten bis heute vergeblich auf die \u201ebl\u00fchenden Landschaften\u201c verdorren? Bleibt Deutschland f\u00fcr unabsehbare Zeit sozial-strukturell, \u00f6konomisch und politisch gespalten \u2013 oder ist die innere Einheit greifbar nah?<\/p>\n<p><strong>Anmeldungen<\/strong> bitte direkt an das Bonifatiushaus, Neuenberger Str. 3-5, 36041 Fulda, Telefon: 06 61\/83 98-114 oder an die E-Mail-Adresse:info@bonifatiushaus.de. N\u00e4here Informationen hierzu gibt es auch unter <a href=\"http:\/\/www.bonifatiushaus.de\" target=\"_blank\">www.bonifatiushaus.de<\/a>.<\/p>\n","protected":false},"excerpt":{"rendered":"<div class=\"tmnf_excerpt\"><p>Fulda. Im Juni bietet das Bonifatiushaus Fulda zwei interessante Seminare f\u00fcr Interessierte und spezielle Berufsgruppen an.<\/p>\n<\/div>","protected":false},"author":1,"featured_media":0,"comment_status":"closed","ping_status":"closed","sticky":false,"template":"","format":"standard","meta":{"footnotes":""},"categories":[1,53,50],"tags":[],"class_list":["post-29938","post","type-post","status-publish","format-standard","hentry","category-startseite","category-bildung","category-kirche"],"_links":{"self":[{"href":"https:\/\/www.fuldaernachrichten.de\/index.php?rest_route=\/wp\/v2\/posts\/29938","targetHints":{"allow":["GET"]}}],"collection":[{"href":"https:\/\/www.fuldaernachrichten.de\/index.php?rest_route=\/wp\/v2\/posts"}],"about":[{"href":"https:\/\/www.fuldaernachrichten.de\/index.php?rest_route=\/wp\/v2\/types\/post"}],"author":[{"embeddable":true,"href":"https:\/\/www.fuldaernachrichten.de\/index.php?rest_route=\/wp\/v2\/users\/1"}],"replies":[{"embeddable":true,"href":"https:\/\/www.fuldaernachrichten.de\/index.php?rest_route=%2Fwp%2Fv2%2Fcomments&post=29938"}],"version-history":[{"count":3,"href":"https:\/\/www.fuldaernachrichten.de\/index.php?rest_route=\/wp\/v2\/posts\/29938\/revisions"}],"predecessor-version":[{"id":29997,"href":"https:\/\/www.fuldaernachrichten.de\/index.php?rest_route=\/wp\/v2\/posts\/29938\/revisions\/29997"}],"wp:attachment":[{"href":"https:\/\/www.fuldaernachrichten.de\/index.php?rest_route=%2Fwp%2Fv2%2Fmedia&parent=29938"}],"wp:term":[{"taxonomy":"category","embeddable":true,"href":"https:\/\/www.fuldaernachrichten.de\/index.php?rest_route=%2Fwp%2Fv2%2Fcategories&post=29938"},{"taxonomy":"post_tag","embeddable":true,"href":"https:\/\/www.fuldaernachrichten.de\/index.php?rest_route=%2Fwp%2Fv2%2Ftags&post=29938"}],"curies":[{"name":"wp","href":"https:\/\/api.w.org\/{rel}","templated":true}]}}