{"id":29928,"date":"2009-05-27T05:06:11","date_gmt":"2009-05-27T03:06:11","guid":{"rendered":"http:\/\/www.schoene-nachrichten.de\/?p=29928"},"modified":"2009-05-27T05:51:16","modified_gmt":"2009-05-27T03:51:16","slug":"fronleichnamsprozession-mit-weihbischof-diez-als-hoehepunkt-des-hessentages","status":"publish","type":"post","link":"https:\/\/www.fuldaernachrichten.de\/?p=29928","title":{"rendered":"Fronleichnamsprozession mit Weihbischof Diez als H\u00f6hepunkt des Hessentages"},"content":{"rendered":"<p><strong>Langenselbold (bpf). <\/strong>\u201eDas Bistum Fulda freut sich, dass auch in diesem Jahr der Hessentag in der Di\u00f6zese stattfindet\u201c, hat der Hessentagsbeauftragte des Bistums Fulda, Ordinariatsrat Monsignore Christof Steinert, j\u00fcngst in Langenselbold deutlich gemacht. Der Hessentag findet hier in der Zeit vom 5. bis 14. Juni statt. Die katholische Pfarrkirche \u201eMaria K\u00f6nigin\u201c in Langenselbold werde gemeinsam mit dem Bistumszelt auf der Hessentagsstra\u00dfe am Stadtschlo\u00df das Zentrum der Aktivit\u00e4ten und Veranstaltungen des Bistums sein, so Steinert bei der Vorstellung des Programms, bei der auch der Koordinator f\u00fcr den Hessentag, Matthias Reger (Stabsstellenleiter \u00d6ffentlichkeitsarbeit-Internet-Organisation), Ortspfarrer Winfried Siebert und Verena Lenz, stellvertretende Hessentagsbeauftragte der Stadt Langenselbold, zugegen waren.<\/p>\n<p><a href=\"http:\/\/www.schoene-nachrichten.de\/wp-content\/uploads\/2009\/05\/cid_e9dc84cf-d446-4dad-a0a.jpg\"><img decoding=\"async\" class=\"alignnone size-thumbnail wp-image-29931\" title=\"Christof Ohnesorge\" src=\"http:\/\/www.schoene-nachrichten.de\/wp-content\/uploads\/2009\/05\/cid_e9dc84cf-d446-4dad-a0a-265x176.jpg\" alt=\"Christof Ohnesorge\" width=\"265\" height=\"176\" srcset=\"https:\/\/www.fuldaernachrichten.de\/wp-content\/uploads\/2009\/05\/cid_e9dc84cf-d446-4dad-a0a-265x176.jpg 265w, https:\/\/www.fuldaernachrichten.de\/wp-content\/uploads\/2009\/05\/cid_e9dc84cf-d446-4dad-a0a.jpg 600w\" sizes=\"(max-width: 265px) 100vw, 265px\" \/><\/a> <a href=\"http:\/\/www.schoene-nachrichten.de\/wp-content\/uploads\/2009\/05\/cid_e85e615e-c5e5-49ca-a43.jpg\"><img fetchpriority=\"high\" decoding=\"async\" class=\"alignnone size-thumbnail wp-image-29932\" title=\"Christof Ohnesorge\" src=\"http:\/\/www.schoene-nachrichten.de\/wp-content\/uploads\/2009\/05\/cid_e85e615e-c5e5-49ca-a43-265x397.jpg\" alt=\"Christof Ohnesorge\" width=\"265\" height=\"397\" srcset=\"https:\/\/www.fuldaernachrichten.de\/wp-content\/uploads\/2009\/05\/cid_e85e615e-c5e5-49ca-a43-265x397.jpg 265w, https:\/\/www.fuldaernachrichten.de\/wp-content\/uploads\/2009\/05\/cid_e85e615e-c5e5-49ca-a43.jpg 400w\" sizes=\"(max-width: 265px) 100vw, 265px\" \/><\/a><!--more--><\/p>\n<p>\u201eEin H\u00f6hepunkt f\u00fcr uns wird der Fronleichnamstag am 11. Juni sein, wenn Weihbischof Prof. Dr. Karlheinz Diez mit den \u00f6rtlichen Pfarrgemeinden den Gottesdienst mit anschlie\u00dfender Prozession feiern wird\u201c, hob Monsignore Steinert hervor. Man rechne dabei mit rund 1.000 Teilnehmern. Auch \u00f6kumenische Akzente w\u00fcrden wieder gesetzt, so etwa mit der \u00f6kumenischen Jugendnacht am 6. Juni.<\/p>\n<p><strong>Lebendige Kirche<\/strong><\/p>\n<p>\u201eWir wollen deutlich machen, dass Kirche da ist, wo die Menschen sind, auch auf dem Hessentag\u201c, so Monsignore Steinert zur Motivation der Di\u00f6zese. Daher w\u00fcrden gerade auch die soziale Arbeit und das christliche Selbstverst\u00e4ndnis in der Pr\u00e4senz des Bistums und seiner Verb\u00e4nde besonders vorgestellt. Die Katholische Kirche, die Pfarrgemeinde \u201eMaria K\u00f6nigin\u201c in Langenselbold, das Bistum Fulda, die kirchlichen Schulen, Gemeinschaften, Einrichtungen und Verb\u00e4nde seien vor Ort f\u00fcr alle ansprechbar, wie Reger betonte. \u201eDie Hessentagsbesucher sehen uns als lebendige Kirche, sie k\u00f6nnen mit uns sprechen und erfahren: Kirche ist da!\u201c Die Hessentagsstadt Langenselbold ist laut Reger in ihrer Geschichte eng mit der katholischen Kirche verbunden. So gehe die Entstehung der Stadt auf ein Kloster des heute noch im Norden des Bistums vertretenen Pr\u00e4monstratenserordens zur\u00fcck.<\/p>\n<p>Monsignore Steinert machte besonders auf die Ausstellung \u201eSo geht katholisch\u201c aufmerksam, die das Bistum Fulda eigens erworben habe, um auf dem Hessentag in der Pfarrkirche Maria K\u00f6nigin Interessierten die Grundvollz\u00fcge der Katholiken vor Augen zu f\u00fchren. Zur Nacht werde es Gebetszeiten geben, die einen kleinen geistlichen Impuls mit Musik von Musikern aus der Region Hanau umfassten, sowie um 12 Uhr ein Mittagsgebet, um 18 Uhr ein Abendgebet. \u201eDie Kirche selbst steht allen Menschen als Ort der Stille, der Meditation und der Ruhe zur Verf\u00fcgung\u201c, unterstrich Hessentagsbeauftragter Steinert. Im Pfarrzentrum der Kirchengemeinde Maria K\u00f6nigin ist ein Kirchencaf\u00e9 vorgesehen, und die Verb\u00e4nde Kolping und KAB machen mit einer Kaffeeausstellung auf fairen Handel aufmerksam. Ein Wickel- und Ruheraum steht den Hessentagsbesuchern ebenfalls zur Verf\u00fcgung.<\/p>\n<p><strong>Basisinformationen \u00fcber die Di\u00f6zese<\/strong><\/p>\n<p>An der Hessentagsstra\u00dfe wird das Bistumszelt zu finden sein. \u201eHier geben wir Basisinformationen \u00fcber unsere Di\u00f6zese, so z. B. mit unserer neuen Bistumskarte, die die neuen Pastoralstrukturen im Bistum Fulda zeigt\u201c, hob Monsignore Steinert hervor. F\u00fcr Jugendliche habe es sicher \u201eetwas Exotisches\u201c, wenn sie auf dem Hessentag etwa den Ordensfrauen der Vinzentinerinnen oder den Sch\u00f6nstatt-Schwestern begegnen k\u00f6nnten. \u201eDiese geben den Jugendlichen ein Lebenszeugnis, ohne dass sie den Fu\u00df \u00fcber eine \u00e2\u20ac\u0161Klosterschwelle\u00e2\u20ac\u2122 setzen m\u00fcssen.\u201c<\/p>\n<p>Jeden Tag seien es wechselnde Aussteller, insgesamt 15, vor allem aus der Region: katholische Schulen, Erwachsenen- und Familienbildung, Seelsorge, Schwangeren- und Familienberatung, Caritas, Frauenarbeit, Geistliche Gemeinschaften, ehrenamtliches Engagement oder Malteser-Hilfsdienst. \u201eWir sind dankbar f\u00fcr die ausgezeichnete Zusammenarbeit mit den \u00f6rtlichen Pfarrgemeinden und dem Pastoralverbund St. Wolfgang Kinzigaue\u201c, betonte Steinert und dankte namentlich den Pfarrern Winfried Siebert und Erwin Krack (Moderator des Pastoralverbundes) sowie Gemeindereferentin Mechthild M\u00fchle.<\/p>\n<p><strong>Hilfe Ehrenamtlicher ist unersetzlich<\/strong><\/p>\n<p>Wie wichtig neben den Finanzen (15.000 Euro f\u00fcr das Bistumszelt, 30.000 Euro f\u00fcr die Ausstellung nebst weiteren Ausgaben f\u00fcr Medienpr\u00e4senz und Onlinearbeit) die Hilfe Ehrenamtlicher ist, wurde von Monsignore Steinert ebenfalls herausgestellt: \u201eWir sind froh, dass sich ca. 120 ehrenamtliche Helfer aus der Pfarrei Maria K\u00f6nigin einbringen\u201c. Dar\u00fcber hinaus sind drei Pastoralverb\u00fcnde und 15 Pfarreien in die Vorbereitung und Durchf\u00fchrung des Hessentags mit einbezogen.<\/p>\n<p>Das vollst\u00e4ndige Programm des Bistums Fulda auf dem Hessentag findet sich im Internet unter <a href=\"http:\/\/www.hessentag.bistum-fulda.de\" target=\"_blank\">www.hessentag.bistum-fulda.de<\/a> oder kann bei der Stabsstelle \u00d6ffentlichkeitsarbeit-Internet-Organisation, Paulustor 5, 36037 Fulda, bestellt werden.<\/p>\n","protected":false},"excerpt":{"rendered":"<div class=\"tmnf_excerpt\"><p>Langenselbold (bpf). \u201eDas Bistum Fulda freut sich, dass auch in diesem Jahr der Hessentag in der Di\u00f6zese stattfindet\u201c, hat der Hessentagsbeauftragte des Bistums Fulda, Ordinariatsrat Monsignore Christof Steinert, j\u00fcngst in Langenselbold deutlich gemacht. Der Hessentag findet hier in der Zeit vom 5. bis 14. Juni statt. Die katholische Pfarrkirche \u201eMaria K\u00f6nigin\u201c in Langenselbold werde gemeinsam &hellip;<\/p>\n<\/div>","protected":false},"author":1,"featured_media":0,"comment_status":"closed","ping_status":"closed","sticky":false,"template":"","format":"standard","meta":{"footnotes":""},"categories":[1,72,50,44],"tags":[],"class_list":["post-29928","post","type-post","status-publish","format-standard","hentry","category-startseite","category-jugend","category-kirche","category-kultur"],"_links":{"self":[{"href":"https:\/\/www.fuldaernachrichten.de\/index.php?rest_route=\/wp\/v2\/posts\/29928","targetHints":{"allow":["GET"]}}],"collection":[{"href":"https:\/\/www.fuldaernachrichten.de\/index.php?rest_route=\/wp\/v2\/posts"}],"about":[{"href":"https:\/\/www.fuldaernachrichten.de\/index.php?rest_route=\/wp\/v2\/types\/post"}],"author":[{"embeddable":true,"href":"https:\/\/www.fuldaernachrichten.de\/index.php?rest_route=\/wp\/v2\/users\/1"}],"replies":[{"embeddable":true,"href":"https:\/\/www.fuldaernachrichten.de\/index.php?rest_route=%2Fwp%2Fv2%2Fcomments&post=29928"}],"version-history":[{"count":5,"href":"https:\/\/www.fuldaernachrichten.de\/index.php?rest_route=\/wp\/v2\/posts\/29928\/revisions"}],"predecessor-version":[{"id":30000,"href":"https:\/\/www.fuldaernachrichten.de\/index.php?rest_route=\/wp\/v2\/posts\/29928\/revisions\/30000"}],"wp:attachment":[{"href":"https:\/\/www.fuldaernachrichten.de\/index.php?rest_route=%2Fwp%2Fv2%2Fmedia&parent=29928"}],"wp:term":[{"taxonomy":"category","embeddable":true,"href":"https:\/\/www.fuldaernachrichten.de\/index.php?rest_route=%2Fwp%2Fv2%2Fcategories&post=29928"},{"taxonomy":"post_tag","embeddable":true,"href":"https:\/\/www.fuldaernachrichten.de\/index.php?rest_route=%2Fwp%2Fv2%2Ftags&post=29928"}],"curies":[{"name":"wp","href":"https:\/\/api.w.org\/{rel}","templated":true}]}}