{"id":29914,"date":"2009-05-27T04:58:00","date_gmt":"2009-05-27T02:58:00","guid":{"rendered":"http:\/\/www.schoene-nachrichten.de\/?p=29914"},"modified":"2009-05-27T05:53:18","modified_gmt":"2009-05-27T03:53:18","slug":"grosse-spargelaktion-im-mehrgenerationenhaus-mediana-kuechen-profis-schaelen-pfingstspargel","status":"publish","type":"post","link":"https:\/\/www.fuldaernachrichten.de\/?p=29914","title":{"rendered":"Gro\u00dfe Spargelaktion im Mehrgenerationenhaus &#8211; Mediana-K\u00fcchen-Profis sch\u00e4len Pfingstspargel"},"content":{"rendered":"<p><strong>Fulda. <\/strong>Zum Abschluss der Spargelwoche im Mehrgenerationenhaus Fulda- Josefsgarten wird am Samstag, 30. Mai von 9 Uhr bis 13 Uhr wird frischer erstklassiger deutscher Spargel verkauft. Als besonderen Service sch\u00e4len die K\u00fcchenchefs der Mediana- Einrichtungen das leckere Gem\u00fcse k\u00fcchenfertig. Des weiteren gibt es Rostbratw\u00fcrstchen und k\u00fchle Erfrischungen. Um 11 Uhr findet eine Informationsveranstaltung zum Thema \u201eWohnen und Leben im Josefsgarten\u201c mit Wohnungsbesichtigungen statt. Anmeldungen hierzu bitte unter Telefon\u00c2\u00a0 0661\/480 299 100.<\/p>\n","protected":false},"excerpt":{"rendered":"<div class=\"tmnf_excerpt\"><p>Fulda. Zum Abschluss der Spargelwoche im Mehrgenerationenhaus Fulda- Josefsgarten wird am Samstag, 30. Mai von 9 Uhr bis 13 Uhr wird frischer erstklassiger deutscher Spargel verkauft. Als besonderen Service sch\u00e4len die K\u00fcchenchefs der Mediana- Einrichtungen das leckere Gem\u00fcse k\u00fcchenfertig. Des weiteren gibt es Rostbratw\u00fcrstchen und k\u00fchle Erfrischungen. Um 11 Uhr findet eine Informationsveranstaltung zum Thema &hellip;<\/p>\n<\/div>","protected":false},"author":1,"featured_media":0,"comment_status":"closed","ping_status":"closed","sticky":false,"template":"","format":"standard","meta":{"footnotes":""},"categories":[1,37,29],"tags":[],"class_list":["post-29914","post","type-post","status-publish","format-standard","hentry","category-startseite","category-essen-und-trinken","category-politik"],"_links":{"self":[{"href":"https:\/\/www.fuldaernachrichten.de\/index.php?rest_route=\/wp\/v2\/posts\/29914","targetHints":{"allow":["GET"]}}],"collection":[{"href":"https:\/\/www.fuldaernachrichten.de\/index.php?rest_route=\/wp\/v2\/posts"}],"about":[{"href":"https:\/\/www.fuldaernachrichten.de\/index.php?rest_route=\/wp\/v2\/types\/post"}],"author":[{"embeddable":true,"href":"https:\/\/www.fuldaernachrichten.de\/index.php?rest_route=\/wp\/v2\/users\/1"}],"replies":[{"embeddable":true,"href":"https:\/\/www.fuldaernachrichten.de\/index.php?rest_route=%2Fwp%2Fv2%2Fcomments&post=29914"}],"version-history":[{"count":3,"href":"https:\/\/www.fuldaernachrichten.de\/index.php?rest_route=\/wp\/v2\/posts\/29914\/revisions"}],"predecessor-version":[{"id":30003,"href":"https:\/\/www.fuldaernachrichten.de\/index.php?rest_route=\/wp\/v2\/posts\/29914\/revisions\/30003"}],"wp:attachment":[{"href":"https:\/\/www.fuldaernachrichten.de\/index.php?rest_route=%2Fwp%2Fv2%2Fmedia&parent=29914"}],"wp:term":[{"taxonomy":"category","embeddable":true,"href":"https:\/\/www.fuldaernachrichten.de\/index.php?rest_route=%2Fwp%2Fv2%2Fcategories&post=29914"},{"taxonomy":"post_tag","embeddable":true,"href":"https:\/\/www.fuldaernachrichten.de\/index.php?rest_route=%2Fwp%2Fv2%2Ftags&post=29914"}],"curies":[{"name":"wp","href":"https:\/\/api.w.org\/{rel}","templated":true}]}}