{"id":2991,"date":"2007-05-08T00:06:18","date_gmt":"2007-05-07T22:06:18","guid":{"rendered":"http:\/\/www.schoene-nachrichten.de\/?p=2991"},"modified":"2007-05-08T00:10:28","modified_gmt":"2007-05-07T22:10:28","slug":"elisabeth-wallfahrer-aus-fulda-und-erfurt-unterwegs","status":"publish","type":"post","link":"https:\/\/www.fuldaernachrichten.de\/?p=2991","title":{"rendered":"Elisabeth-Wallfahrer aus Fulda und Erfurt unterwegs"},"content":{"rendered":"<p><strong><a rel=\"lightbox[roadtrip]\" target=\"_blank\" href=\"http:\/\/www.schoene-nachrichten.de\/wp-content\/uploads\/2007\/05\/070507_stadtfuhrung.jpg\" title=\"070507_stadtfuhrung.jpg\"><img decoding=\"async\" align=\"left\" src=\"http:\/\/www.schoene-nachrichten.de\/wp-content\/uploads\/2007\/05\/070507_stadtfuhrung.thumbnail.jpg\" hspace=\"5\" alt=\"070507_stadtfuhrung.jpg\" \/><\/a>Sch\u00f6nes aus Fulda.<\/strong> Anl\u00e4sslich des Elisabeth-Jahres f\u00fchren die Caritasverb\u00e4nde der Bist\u00fcmer Fulda und Erfurt derzeit gemeinsam eine Elisabeth-Wallfahrt f\u00fcr H\u00f6rgesch\u00e4digte und Geh\u00f6rlose durch. Rund 65 Wallfahrer aus den beiden Di\u00f6zesen machten sich gemeinsam auf den Weg nach S\u00e1rospatak in Ostungarn, wo die Heilige Elisabeth vor 800 Jahren geboren wurde. <!--more--><\/p>\n<p>Nach einem fr\u00fchmorgendlichen Start des Reisebusses\u00c2\u00a0 in Fulda stiegen die Th\u00fcringer vor dem Dom in Erfurt zu, nachdem Ortsbischof Dr. Joachim Wanke der gesamten\u00c2\u00a0 Gruppe dort den bisch\u00f6flichen Reisesegen erteilt hatte.\u00c2\u00a0Das erste Etappenziel der Pilgergruppe war die tschechische Hauptstadt Prag. Die Teilnehmer aus den Bist\u00fcmern Fulda und Erfurt nutzten den Aufenthalt an der Moldau, um sich die als eine der sch\u00f6nsten St\u00e4dte Europas ger\u00fchmte Metropole gr\u00fcndlich anzuschauen.<\/p>\n<p>Bei der Stadtf\u00fchrung u. a. durch Altstadt, j\u00fcdisches Viertel und Kleinseite wurden die Informationen des Stadtf\u00fchrers in Geb\u00e4rdensprache \u00fcbersetzt. Anschlie\u00dfend reiste die Gruppe via Bratislava Richtung Ungarn weiter. Partnerschaftlich unterst\u00fctzt wird das gesamte Projekt der Caritas-Wallfahrt freundlicherweise von der Akademie Bruderhilfe-Familienf\u00fcrsorge, einer Einrichtung der Versicherer im Raum der Kirchen mit Sitz in Kassel, deren eines Arbeitsfeld derzeit der Themenkomplex \u201eChristliches Pilgern\u201c ist. (cif)<\/p>\n","protected":false},"excerpt":{"rendered":"<div class=\"tmnf_excerpt\"><p>Sch\u00f6nes aus Fulda. Anl\u00e4sslich des Elisabeth-Jahres f\u00fchren die Caritasverb\u00e4nde der Bist\u00fcmer Fulda und Erfurt derzeit gemeinsam eine Elisabeth-Wallfahrt f\u00fcr H\u00f6rgesch\u00e4digte und Geh\u00f6rlose durch. Rund 65 Wallfahrer aus den beiden Di\u00f6zesen machten sich gemeinsam auf den Weg nach S\u00e1rospatak in Ostungarn, wo die Heilige Elisabeth vor 800 Jahren geboren wurde.<\/p>\n<\/div>","protected":false},"author":1,"featured_media":0,"comment_status":"closed","ping_status":"closed","sticky":false,"template":"","format":"standard","meta":{"footnotes":""},"categories":[1,53,44],"tags":[],"class_list":["post-2991","post","type-post","status-publish","format-standard","hentry","category-startseite","category-bildung","category-kultur"],"_links":{"self":[{"href":"https:\/\/www.fuldaernachrichten.de\/index.php?rest_route=\/wp\/v2\/posts\/2991","targetHints":{"allow":["GET"]}}],"collection":[{"href":"https:\/\/www.fuldaernachrichten.de\/index.php?rest_route=\/wp\/v2\/posts"}],"about":[{"href":"https:\/\/www.fuldaernachrichten.de\/index.php?rest_route=\/wp\/v2\/types\/post"}],"author":[{"embeddable":true,"href":"https:\/\/www.fuldaernachrichten.de\/index.php?rest_route=\/wp\/v2\/users\/1"}],"replies":[{"embeddable":true,"href":"https:\/\/www.fuldaernachrichten.de\/index.php?rest_route=%2Fwp%2Fv2%2Fcomments&post=2991"}],"version-history":[{"count":0,"href":"https:\/\/www.fuldaernachrichten.de\/index.php?rest_route=\/wp\/v2\/posts\/2991\/revisions"}],"wp:attachment":[{"href":"https:\/\/www.fuldaernachrichten.de\/index.php?rest_route=%2Fwp%2Fv2%2Fmedia&parent=2991"}],"wp:term":[{"taxonomy":"category","embeddable":true,"href":"https:\/\/www.fuldaernachrichten.de\/index.php?rest_route=%2Fwp%2Fv2%2Fcategories&post=2991"},{"taxonomy":"post_tag","embeddable":true,"href":"https:\/\/www.fuldaernachrichten.de\/index.php?rest_route=%2Fwp%2Fv2%2Ftags&post=2991"}],"curies":[{"name":"wp","href":"https:\/\/api.w.org\/{rel}","templated":true}]}}