{"id":29883,"date":"2009-05-26T05:02:00","date_gmt":"2009-05-26T03:02:00","guid":{"rendered":"http:\/\/www.schoene-nachrichten.de\/?p=29883"},"modified":"2009-05-26T07:19:33","modified_gmt":"2009-05-26T05:19:33","slug":"traditionelles-familienfest-mit-viel-politprominenz-in-poppenhausen","status":"publish","type":"post","link":"https:\/\/www.fuldaernachrichten.de\/?p=29883","title":{"rendered":"Traditionelles Familienfest mit viel Politprominenz in Poppenhausen"},"content":{"rendered":"<p><a href=\"http:\/\/www.schoene-nachrichten.de\/wp-content\/uploads\/2009\/05\/cdu-familienfest-2009-1.jpg\"><img decoding=\"async\" class=\"alignnone size-thumbnail wp-image-29882\" title=\"Hans-J\u00f6rg Hauke \" src=\"http:\/\/www.schoene-nachrichten.de\/wp-content\/uploads\/2009\/05\/cdu-familienfest-2009-1-265x176.jpg\" alt=\"Hans-J\u00f6rg Hauke \" hspace=\"5\" width=\"265\" height=\"176\" align=\"left\" srcset=\"https:\/\/www.fuldaernachrichten.de\/wp-content\/uploads\/2009\/05\/cdu-familienfest-2009-1-265x176.jpg 265w, https:\/\/www.fuldaernachrichten.de\/wp-content\/uploads\/2009\/05\/cdu-familienfest-2009-1.jpg 902w\" sizes=\"(max-width: 265px) 100vw, 265px\" \/><\/a><strong>Poppenhausen. <\/strong>Bei sommerlichen Temperaturen konnten die Poppenhausener Christdemokraten am Himmelfahrtstag ein sch\u00f6nes Jubil\u00e4um feiern.\u00c2\u00a0 Nach Abschluss der Wallfahrt spielte die Kapelle des Musikvereins \u201eC\u00e4cila\u201c Poppenhausen unter der Stabf\u00fchrung von Manfred M\u00fcnch zum Fr\u00fchschoppen auf, und zum Mittagessen reichte das Team vom Fuldaer Haus-Maulkuppe, leckere \u201eRh\u00f6ner- Charme-Gerichte\u201c unterst\u00fctzt von den Mitgliedern der Jungen Union, die diverse Grillspezialit\u00e4ten anbot. Am Nachmittag gab es dann Kaffee und selbst gebackener Kuchen von den CDU-Frauen.<!--more--><\/p>\n<p><strong>Gro\u00dfe Wertsch\u00e4tzung und Verbundenheit durch Politprominenz<\/strong><\/p>\n<p>Der Vorsitzende des CDU\/JU-Gemeindeverbandes Hans-J\u00f6rg Hauke konnte im gut besetzten Saal des Von-Steinr\u00fcck-Hauses\u201c sowie auf den Festbankgarnituren auf dem angrenzenden Parkplatz eine gro\u00dfe Anzahl von Besuchern aus nah und fern begr\u00fc\u00dfen. Nicht nur Einheimische waren der Einladung gefolgt, auch zahlreiche G\u00e4ste waren anwesend.\u00c2\u00a0 Unter ihnen befanden sich der Bundestagsabgeordnete Michael Brand, die Kandidatin f\u00fcr das EU-Parlament Frau Oda Scheibelhuber, Landrat Bernd Woide und dessen Stellvertreter, der Erste Kreisbeigeordnete Dr. Heiko Wingenfeld, der Landtagsabgeordnete und Vorsitzende des CDU-Kreisverbandes Dr. Walter Arnold, der Landtagsabgeordnete Dr. Norbert Herr, B\u00fcrgermeister Manfred Helfrich, Hubert Heil von der Deutschen Bahngewerkschaft sowie einige Abordnungen der benachbarten Stadt- und Gemeindeverb\u00e4nde.<\/p>\n<p>Vorsitzender Hans-J\u00f6rg Hauke freute sich \u00fcber den breiten Zuspruch zum traditionellen Familienfest, das auch seinen Namen verdiene, denn ein Gro\u00dfteil der G\u00e4ste bestehe aus Familien mit Kindern. Der Vorsitzende wie auch B\u00fcrgermeister Manfred Helfrich bekundeten \u00fcbereinstimmend, dass auch k\u00fcnftig eine b\u00fcrger- und familienfreundliche Politik ein Schwerpunkt der kommunalpolitischen Arbeit bleiben werde. Mit der Umsetzung des geplanten Neubaus eines Kindergartens f\u00fcr die Betreuung der \u201eUnter-3-J\u00e4hrigen\u201c und der beabsichtigten Einrichtung eines Kinder-Horts f\u00fcr die Nachmittagsbetreuung der Grundsch\u00fcler nehme Poppenhausen einen Spitzenplatz im Landkreis Fulda bei der Kinderbetreuung ein.<\/p>\n<p><strong>Europawahl Kandidatin<\/strong><\/p>\n<p>Die Kandidatin f\u00fcr die bevorstehende Wahl zum Europ\u00e4ischen Parlament, Frau Oda Scheibelhuber stellte sich kurz vor. In ihren Ausf\u00fchrungen stellte als ehemalige B\u00fcrgermeisterin der Stadt Fulda und ehemalige Staatssekret\u00e4rin im hessischen Innenministerium ihre Kenntnis der regionalen Zusammenh\u00e4nge heraus und war f\u00fcr eine Teilnahme an der EU-Wahl, die am 07. Juni 2009 stattfindet.<\/p>\n<p>Die Gastredner stellten in ihren Gru\u00dfworten die starke Verbundenheit zu Poppenhausen heraus und lobten die positive Entwicklung, die Poppenhausen in all den Jahren genommen h\u00e4tte. Vieles w\u00e4re ohne das gro\u00dfe Engagement der politisch Verantwortlichen und die guten Verbindungen nicht m\u00f6glich gewesen. Gemeinsam zeigte man sich dankbar f\u00fcr das vertrauensvolle Miteinander, das auch k\u00fcnftig im Vordergrund stehen m\u00f6ge.<\/p>\n<p><strong>Aufgelockerter Nachmittag<\/strong><\/p>\n<p>Der Nachmittag wurde aufgelockert durch einige Vorf\u00fchrungen der TSV-Kindertanzgruppen unter Leitung von Christine St\u00fc\u00df und den Kl\u00e4ngen der Poppenhausener Volksmusikgruppe. In den R\u00e4umen des Vorkindergartens \u201eZwergengruppe\u201c betreute das Erzieherinnenteam die Kleinen, Kreative Geschicklichkeitsspiele und Kinderschminken waren angesagt.<\/p>\n<p>Am Sp\u00e4tnachmittag \u00f6ffnete der Weinstand, wo auch \u201egerupfter Camembert\u201c und Brezel angeboten wurde. Das Ende des herrlichen Fr\u00fchlingstages wurde mit\u00c2\u00a0 Zithermusik von Albert Scharrer begleitet. Eine insgesamt gelungene Veranstaltung in harmonischer Atmosph\u00e4re, bei der die Gelegenheit zur Begegnung gesucht und viele gute Gespr\u00e4che in geselliger Runde gef\u00fchrt wurden. B\u00fcrgermeister Manfred Helfrich dankte allen, die zum Gelingen dieses Festes beigetragen haben.<\/p>\n","protected":false},"excerpt":{"rendered":"<div class=\"tmnf_excerpt\"><p>Poppenhausen. Bei sommerlichen Temperaturen konnten die Poppenhausener Christdemokraten am Himmelfahrtstag ein sch\u00f6nes Jubil\u00e4um feiern.\u00c2\u00a0 Nach Abschluss der Wallfahrt spielte die Kapelle des Musikvereins \u201eC\u00e4cila\u201c Poppenhausen unter der Stabf\u00fchrung von Manfred M\u00fcnch zum Fr\u00fchschoppen auf, und zum Mittagessen reichte das Team vom Fuldaer Haus-Maulkuppe, leckere \u201eRh\u00f6ner- Charme-Gerichte\u201c unterst\u00fctzt von den Mitgliedern der Jungen Union, die diverse &hellip;<\/p>\n<\/div>","protected":false},"author":1,"featured_media":0,"comment_status":"closed","ping_status":"closed","sticky":false,"template":"","format":"standard","meta":{"footnotes":""},"categories":[1,72,29],"tags":[],"class_list":["post-29883","post","type-post","status-publish","format-standard","hentry","category-startseite","category-jugend","category-politik"],"_links":{"self":[{"href":"https:\/\/www.fuldaernachrichten.de\/index.php?rest_route=\/wp\/v2\/posts\/29883","targetHints":{"allow":["GET"]}}],"collection":[{"href":"https:\/\/www.fuldaernachrichten.de\/index.php?rest_route=\/wp\/v2\/posts"}],"about":[{"href":"https:\/\/www.fuldaernachrichten.de\/index.php?rest_route=\/wp\/v2\/types\/post"}],"author":[{"embeddable":true,"href":"https:\/\/www.fuldaernachrichten.de\/index.php?rest_route=\/wp\/v2\/users\/1"}],"replies":[{"embeddable":true,"href":"https:\/\/www.fuldaernachrichten.de\/index.php?rest_route=%2Fwp%2Fv2%2Fcomments&post=29883"}],"version-history":[{"count":3,"href":"https:\/\/www.fuldaernachrichten.de\/index.php?rest_route=\/wp\/v2\/posts\/29883\/revisions"}],"predecessor-version":[{"id":29895,"href":"https:\/\/www.fuldaernachrichten.de\/index.php?rest_route=\/wp\/v2\/posts\/29883\/revisions\/29895"}],"wp:attachment":[{"href":"https:\/\/www.fuldaernachrichten.de\/index.php?rest_route=%2Fwp%2Fv2%2Fmedia&parent=29883"}],"wp:term":[{"taxonomy":"category","embeddable":true,"href":"https:\/\/www.fuldaernachrichten.de\/index.php?rest_route=%2Fwp%2Fv2%2Fcategories&post=29883"},{"taxonomy":"post_tag","embeddable":true,"href":"https:\/\/www.fuldaernachrichten.de\/index.php?rest_route=%2Fwp%2Fv2%2Ftags&post=29883"}],"curies":[{"name":"wp","href":"https:\/\/api.w.org\/{rel}","templated":true}]}}