{"id":2988,"date":"2007-05-09T05:00:34","date_gmt":"2007-05-09T03:00:34","guid":{"rendered":"http:\/\/www.schoene-nachrichten.de\/?p=2988"},"modified":"2007-05-09T05:01:16","modified_gmt":"2007-05-09T03:01:16","slug":"morgen-vortrag-ueber-solarenergie-im-umweltzentrum","status":"publish","type":"post","link":"https:\/\/www.fuldaernachrichten.de\/?p=2988","title":{"rendered":"Morgen Vortrag \u00fcber Solarenergie im Umweltzentrum"},"content":{"rendered":"<p><strong>Termin.<\/strong> Einen Vortrag \u00fcber Solarenergie\u00c2\u00a0h\u00e4lt Martin Vollm\u00fcller am morgigen Donnerstag, 10. Mai, um 19 Uhr im Umweltzentrum Fulda. <!--more--><\/p>\n<p>Vollm\u00fcller erkl\u00e4rt\u00c2\u00a0die sinnvolle Nutzung, unterst\u00fctzt durch anschauliche Experimente. Der Vortrag richtet sich an zuk\u00fcnftige Solaranlagenbetreiber und an P\u00e4dagogen, die dieses Thema anschaulich weitervermitteln wollen. Die Teilnahme ist kostenlos.<\/p>\n","protected":false},"excerpt":{"rendered":"<div class=\"tmnf_excerpt\"><p>Termin. Einen Vortrag \u00fcber Solarenergie\u00c2\u00a0h\u00e4lt Martin Vollm\u00fcller am morgigen Donnerstag, 10. Mai, um 19 Uhr im Umweltzentrum Fulda.<\/p>\n<\/div>","protected":false},"author":1,"featured_media":0,"comment_status":"closed","ping_status":"closed","sticky":false,"template":"","format":"standard","meta":{"footnotes":""},"categories":[1,52],"tags":[],"class_list":["post-2988","post","type-post","status-publish","format-standard","hentry","category-startseite","category-umwelt"],"_links":{"self":[{"href":"https:\/\/www.fuldaernachrichten.de\/index.php?rest_route=\/wp\/v2\/posts\/2988","targetHints":{"allow":["GET"]}}],"collection":[{"href":"https:\/\/www.fuldaernachrichten.de\/index.php?rest_route=\/wp\/v2\/posts"}],"about":[{"href":"https:\/\/www.fuldaernachrichten.de\/index.php?rest_route=\/wp\/v2\/types\/post"}],"author":[{"embeddable":true,"href":"https:\/\/www.fuldaernachrichten.de\/index.php?rest_route=\/wp\/v2\/users\/1"}],"replies":[{"embeddable":true,"href":"https:\/\/www.fuldaernachrichten.de\/index.php?rest_route=%2Fwp%2Fv2%2Fcomments&post=2988"}],"version-history":[{"count":0,"href":"https:\/\/www.fuldaernachrichten.de\/index.php?rest_route=\/wp\/v2\/posts\/2988\/revisions"}],"wp:attachment":[{"href":"https:\/\/www.fuldaernachrichten.de\/index.php?rest_route=%2Fwp%2Fv2%2Fmedia&parent=2988"}],"wp:term":[{"taxonomy":"category","embeddable":true,"href":"https:\/\/www.fuldaernachrichten.de\/index.php?rest_route=%2Fwp%2Fv2%2Fcategories&post=2988"},{"taxonomy":"post_tag","embeddable":true,"href":"https:\/\/www.fuldaernachrichten.de\/index.php?rest_route=%2Fwp%2Fv2%2Ftags&post=2988"}],"curies":[{"name":"wp","href":"https:\/\/api.w.org\/{rel}","templated":true}]}}