{"id":29872,"date":"2009-05-26T06:05:15","date_gmt":"2009-05-26T04:05:15","guid":{"rendered":"http:\/\/www.schoene-nachrichten.de\/?p=29872"},"modified":"2009-05-26T07:10:12","modified_gmt":"2009-05-26T05:10:12","slug":"renovabis-pfingstaktion-bischof-algermissen-ruft-zur-osteuropahilfe-auf","status":"publish","type":"post","link":"https:\/\/www.fuldaernachrichten.de\/?p=29872","title":{"rendered":"Renovabis-Pfingstaktion &#8211; Bischof Algermissen ruft zur Osteuropahilfe auf"},"content":{"rendered":"<p><strong>Fulda (bpf).<\/strong> Zu einer gro\u00dfherzigen Gabe am Pfingstsonntag, 31. Mai, f\u00fcr die Anliegen von \u201eRenovabis\u201c, der Solidarit\u00e4tsaktion der deutschen Katholiken mit den Menschen in Mittel- Ost- und S\u00fcdosteuropa, hat Bischof Heinz Josef Algermissen aufgerufen. Die diesj\u00e4hrige Pfingstaktion steht unter dem Leitwort \u201eZur Freiheit befreit\u201c und erinnert an den Fall des Eisernen Vorhangs vor zwanzig Jahren. Die 17. Pfingstaktion von Renovabis ist am 3. Mai im Dom zu Freiburg er\u00f6ffnet worden und findet zu Pfingsten ihren Abschlu\u00df in Magdeburg.<!--more--><\/p>\n<p><strong>Wirken des Heiligen Geistes<\/strong><\/p>\n<p>In einem Bischofswort, das am 24. Mai in den Gottesdiensten verlesen wurde, betont der Oberhirte, dass die Kirchen ma\u00dfgeblichen Anteil am Ende des Kommunismus in Mittel- und Osteuropa gehabt h\u00e4tten, wodurch auch ihre Unterdr\u00fcckung ein Ende fand. \u201eChristen haben dies als Wirken des Heiligen Geistes erlebt.\u201c Die diesj\u00e4hrige Pfingstaktion von Renovabis erinnere daran, dass Freiheit ein Geschenk und eine fortw\u00e4hrende Aufgabe sei. Indes haben viele Menschen im Osten Europas auch heute noch ein schweres Leben, denn die Wunden der kommunistischen Zeit sind nicht verheilt und es herrscht vielerorts Orientierungslosigkeit.<\/p>\n<p>\u201eBesonders alte Menschen, Kinder aus zerr\u00fctteten Familien, Kranke und gesellschaftliche Randgruppen leiden oft gro\u00dfe Not\u201c, unterstreicht Bischof Algermissen. Wirtschaftliche Turbulenzen, soziale Probleme und die politische Instabilit\u00e4t der noch jungen Demokratien seien hierf\u00fcr Gr\u00fcnde. Die Solidarit\u00e4tsaktion Renovabis nimmt sich gemeinsam mit den Ortskirchen der Menschen in Not an. \u201eW\u00fcrdige Lebensverh\u00e4ltnisse f\u00fcr alle sind das Ziel. Freiheit darf nicht als Last, sondern muss vor allem als Chance erlebt werden\u201c, so der Bischofsaufruf.<\/p>\n<p><strong>149.231,25 Euro gespendet<\/strong><\/p>\n<p>Bei der Renovabis-Pfingstkollekte 2008 haben die Katholiken im Bistum Fulda 149.231,25 Euro gespendet. Insgesamt sind durch Kollekten und Spenden 2008 aus der Di\u00f6zese 228.755,45 Euro bei Renovabis eingegangen. In 2008 konnte das Osteuropahilfswerk eine um 13 Prozent h\u00f6here Summe an Spenden und Kollekten in Deutschland einwerben als im Vorjahr. Das Gesamtaufkommen an Spenden und Kollekten lag im Vergleich zu 2007 (11,53 Millionen Euro) bei rund 12,47 Millionen Euro. Im Jahr 2008 wurden 936 sozial-caritative, kirchlich-pastorale sowie Bildungs- und Medienprojekte in 29 L\u00e4ndern Mittel-, Ost- und S\u00fcdosteuropas mit einer Summe von insgesamt 32,23 Millionen Euro gef\u00f6rdert.<\/p>\n","protected":false},"excerpt":{"rendered":"<div class=\"tmnf_excerpt\"><p>Fulda (bpf). Zu einer gro\u00dfherzigen Gabe am Pfingstsonntag, 31. Mai, f\u00fcr die Anliegen von \u201eRenovabis\u201c, der Solidarit\u00e4tsaktion der deutschen Katholiken mit den Menschen in Mittel- Ost- und S\u00fcdosteuropa, hat Bischof Heinz Josef Algermissen aufgerufen. Die diesj\u00e4hrige Pfingstaktion steht unter dem Leitwort \u201eZur Freiheit befreit\u201c und erinnert an den Fall des Eisernen Vorhangs vor zwanzig Jahren. &hellip;<\/p>\n<\/div>","protected":false},"author":1,"featured_media":0,"comment_status":"closed","ping_status":"closed","sticky":false,"template":"","format":"standard","meta":{"footnotes":""},"categories":[1,50],"tags":[],"class_list":["post-29872","post","type-post","status-publish","format-standard","hentry","category-startseite","category-kirche"],"_links":{"self":[{"href":"https:\/\/www.fuldaernachrichten.de\/index.php?rest_route=\/wp\/v2\/posts\/29872","targetHints":{"allow":["GET"]}}],"collection":[{"href":"https:\/\/www.fuldaernachrichten.de\/index.php?rest_route=\/wp\/v2\/posts"}],"about":[{"href":"https:\/\/www.fuldaernachrichten.de\/index.php?rest_route=\/wp\/v2\/types\/post"}],"author":[{"embeddable":true,"href":"https:\/\/www.fuldaernachrichten.de\/index.php?rest_route=\/wp\/v2\/users\/1"}],"replies":[{"embeddable":true,"href":"https:\/\/www.fuldaernachrichten.de\/index.php?rest_route=%2Fwp%2Fv2%2Fcomments&post=29872"}],"version-history":[{"count":3,"href":"https:\/\/www.fuldaernachrichten.de\/index.php?rest_route=\/wp\/v2\/posts\/29872\/revisions"}],"predecessor-version":[{"id":29887,"href":"https:\/\/www.fuldaernachrichten.de\/index.php?rest_route=\/wp\/v2\/posts\/29872\/revisions\/29887"}],"wp:attachment":[{"href":"https:\/\/www.fuldaernachrichten.de\/index.php?rest_route=%2Fwp%2Fv2%2Fmedia&parent=29872"}],"wp:term":[{"taxonomy":"category","embeddable":true,"href":"https:\/\/www.fuldaernachrichten.de\/index.php?rest_route=%2Fwp%2Fv2%2Fcategories&post=29872"},{"taxonomy":"post_tag","embeddable":true,"href":"https:\/\/www.fuldaernachrichten.de\/index.php?rest_route=%2Fwp%2Fv2%2Ftags&post=29872"}],"curies":[{"name":"wp","href":"https:\/\/api.w.org\/{rel}","templated":true}]}}