{"id":2987,"date":"2007-05-07T18:12:35","date_gmt":"2007-05-07T16:12:35","guid":{"rendered":"http:\/\/www.schoene-nachrichten.de\/?p=2987"},"modified":"2007-05-07T18:13:15","modified_gmt":"2007-05-07T16:13:15","slug":"tagesklinik-kinder-und-jugendpsychiatrie-startet-zum-1-juli-chefarzt-dr-theisen-begruesst","status":"publish","type":"post","link":"https:\/\/www.fuldaernachrichten.de\/?p=2987","title":{"rendered":"Tagesklinik Kinder- und Jugendpsychiatrie startet zum 1. Juli &#8211; Chefarzt Dr. Frank Theisen begr\u00fc\u00dft"},"content":{"rendered":"<p><a rel=\"lightbox[roadtrip]\" target=\"_blank\" href=\"http:\/\/www.schoene-nachrichten.de\/wp-content\/uploads\/2007\/05\/070507_hjk.jpg\" title=\"070507_hjk.jpg\"><img decoding=\"async\" align=\"left\" src=\"http:\/\/www.schoene-nachrichten.de\/wp-content\/uploads\/2007\/05\/070507_hjk.thumbnail.jpg\" hspace=\"5\" alt=\"070507_hjk.jpg\" \/><\/a><strong>Sch\u00f6nes aus Fulda.<\/strong>\u00c2\u00a0Anfang Juli wird die Tagesklinik der Kinder- und Jugendpsychiatrie des Herz-Jesu-Krankenhauses in der grundsanierten und v\u00f6llig ver\u00e4nderten Poeschelklinik am Aschenberg mit der Arbeit starten. Der Chefarzt der neuen Kinder- und Jugendpsychiatrie, PD Dr. Frank Theisen, hat bereits zum 1.Mai seinen Dienst aufgenommen. In der Tagesklinik werden k\u00fcnftig Kinder und Jugendliche aus dem Landkreis Fulda, dem Main-Kinzig-Kreis sowie dem Kreis Hersfeld-Rotenburg behandelt.<!--more--><\/p>\n<p>Laut Theisen werden unter anderem St\u00f6rungen des Sozialverhaltens, hyperkinetische\u00c2\u00a0 St\u00f6rungen, Bindungsst\u00f6rungen, Zwangsst\u00f6rungen, Depressionen, Magersucht und Bulimie behandelt sowie umfangreiche Beratungen angeboten.<br \/>\n\u00c2\u00a0<br \/>\nIn der P\u00f6schlklinik sind zwei tagesklinische Stationen f\u00fcr je acht Patienten und eine Ambulanz geplant. Eine Jugendstation sei\u00c2\u00a0 f\u00fcr die Altersgruppen 12-18 Jahre und eine Kinderstation f\u00fcr acht Patienten f\u00fcr die Altersgruppen bis zu 12 Jahren vorgesehen. Gekl\u00e4rt werde derzeit noch, wie der Fahrdienst f\u00fcr die betroffenen Kinder- und Jugendlichen aussehen soll, die von ca. 8 Uhr bis 16.30 Uhr in der Tagesklinik versorgt werden sollen.<\/p>\n<p><strong>Gro\u00dfe Versorgungsl\u00fccke wird geschlossen<\/strong><\/p>\n<p>\u201eDer Bedarf ist sehr gro\u00df und wir wollen den Kindern- und Jugendlichen sowie den Eltern ein heimatnahes Versorgungsangebot machen\u201c, so der engagierte Kinder- und Jugendpsychiater. \u201eWir schlie\u00dfen f\u00fcr die Betroffenen eine gro\u00dfe Versorgungsl\u00fccke. Der osthessische Bereich war diesbez\u00fcglich noch ein wei\u00dfer Fleck auf der hessischen Landkarte\u201c,\u00c2\u00a0sagt der Chefarzt. Zu Theisens Behandlungskonzept geh\u00f6rt auch die enge Zusammenarbeit mit den Eltern\u00c2\u00a0sowie allen zust\u00e4ndigen amtlichen Stellen.<\/p>\n<p><strong>Herz-Jesu-Krankenhaus und Klinikum kooperieren<\/strong><\/p>\n<p>Die Kinder- und Jugendpsychiatrie ist Bestandteil einer engen Kooperation zwischen dem Herz-Jesu-Krankenhaus und dem Klinikum Fulda. Beide Kliniken haben einen Kooperationsvertrag zur Bildung eines Psychiatrischen Versorgungszentrums\u00c2\u00a0 geschlossen. Gesch\u00e4ftsf\u00fchrer dieses Psychiatrischen Zentrums ist neben Dipl.-Kfm. Alexander Schmidtke, Gesch\u00e4ftsf\u00fchrer des Herz-Jesu-Krankenhauses, auch der Vorstand des Klinikums Fulda, Dipl.-Volksw. Claus-Dieter Schad. Das Vertragswerk zwischen den Krankenh\u00e4usern schlie\u00dft den Betrieb der Kinder- und Jugendpsychiatrie und der Erwachsenenpsychiatrie ein. Beide Versorgungsangebote sollen nach Fertigstellung umfangreicher Bauma\u00dfnahmen zuk\u00fcnftig am Standort Gerloser Weg gemeinsam betrieben werden.<\/p>\n<p><strong>Vollstation\u00e4re Versorgung\u00c2\u00a0in zwei\u00c2\u00a0Jahren\u00c2\u00a0in der Elisabethenklinik<\/strong><\/p>\n<p>Anfang Juli dieses Jahres wird die Tagesklinik den Betrieb aufnehmen.\u00c2\u00a0In zwei Jahren soll die heutige Elisabethenklinik an der Hundeshagenstra\u00dfe umfangreich umgebaut werden und somit eine vollstation\u00e4re Versorgung f\u00fcr Kinder und Jugendliche mit 30 station\u00e4ren Planbetten angeboten werden.<\/p>\n<p>Ziel sei es, zun\u00e4chst mit etwa 10 bis 15 qualifizierten Mitarbeiterinnen und Mitarbeitern tagesklinisch zu arbeiten. Sp\u00e4ter werden voraussichtlich etwa an die 100 Besch\u00e4ftigte ihre Arbeit in der neuen Abteilung finden, erg\u00e4nzt Theisen. Neben Fach\u00e4rzten f\u00fcr Kinder- und Jugendpsychiatrie, Assistenz\u00e4rzten und Psychologen spiele der Pflege- und Erziehungsdienst eine bedeutende Rolle bei der Behandlung. Abgerundet wir das multiprofessionelle Team durch Ergotherapeuten, Bewegungstherapeuten und Sozialarbeiter, aber auch Logop\u00e4den und \u00d6kotrophologen k\u00f6nnten hinzukommen.<\/p>\n<p><strong>In Zukunft komplexes Psychiatrisches Zentrum<\/strong><\/p>\n<p>Die Planungen f\u00fcr den Neubau eines komplexen psychiatrischen Zentrums sind laut Schmidtke im vollen Gange. Dieser k\u00f6nnte 2011 bzw. 2012 am Herz-Jesu-Krankenhaus realisiert werden. Nach Fertigstellung w\u00fcrde die Kinder- und Jugendpsychiatrie sowie die Erwachsenenpsychiatrie des Klinikums Fulda an den Standort Gerloser Weg zusammengef\u00fchrt und dort gemeinsam betrieben. Bis zur Beendigung dieser Bauma\u00dfnahmen organisieren die Kliniken ihre jeweiligen Angebote selbst und stehen diesbez\u00fcglich im engen Informationsaustausch untereinander.\u00c2\u00a0\u00c2\u00a0\u00c2\u00a0\u00c2\u00a0<\/p>\n<p><strong>Zur Person des neuen Chefarztes:<br \/>\n<\/strong>Der geb\u00fcrtige Rheinl\u00e4nder und Facharzt f\u00fcr Kinder- und Jugendpsychiatrie u. -psychotherapie Dr. med. Frank Michael Theisen ( 38 ) war vor seinem Dienstantritt in Fulda als leitender Oberarzt und stellvertretender Direktor der Klinik f\u00fcr Kinder- und Jugendpsychiatrie und -psychotherapie der Universit\u00e4t Marburg t\u00e4tig. Theisen ist verheiratet mit der Apothekerin Claudia Theisen und Vater von drei Kindern -\u00c2\u00a0 Niklas (9), Julia (7), Eva (4) und der vierte Nachwuchs k\u00fcndigt sich in diesem Mai an.<br \/>\n\u00c2\u00a0<\/p>\n","protected":false},"excerpt":{"rendered":"<div class=\"tmnf_excerpt\"><p>Sch\u00f6nes aus Fulda.\u00c2\u00a0Anfang Juli wird die Tagesklinik der Kinder- und Jugendpsychiatrie des Herz-Jesu-Krankenhauses in der grundsanierten und v\u00f6llig ver\u00e4nderten Poeschelklinik am Aschenberg mit der Arbeit starten. Der Chefarzt der neuen Kinder- und Jugendpsychiatrie, PD Dr. Frank Theisen, hat bereits zum 1.Mai seinen Dienst aufgenommen. In der Tagesklinik werden k\u00fcnftig Kinder und Jugendliche aus dem Landkreis &hellip;<\/p>\n<\/div>","protected":false},"author":1,"featured_media":0,"comment_status":"closed","ping_status":"closed","sticky":false,"template":"","format":"standard","meta":{"footnotes":""},"categories":[1,51],"tags":[],"class_list":["post-2987","post","type-post","status-publish","format-standard","hentry","category-startseite","category-medizin"],"_links":{"self":[{"href":"https:\/\/www.fuldaernachrichten.de\/index.php?rest_route=\/wp\/v2\/posts\/2987","targetHints":{"allow":["GET"]}}],"collection":[{"href":"https:\/\/www.fuldaernachrichten.de\/index.php?rest_route=\/wp\/v2\/posts"}],"about":[{"href":"https:\/\/www.fuldaernachrichten.de\/index.php?rest_route=\/wp\/v2\/types\/post"}],"author":[{"embeddable":true,"href":"https:\/\/www.fuldaernachrichten.de\/index.php?rest_route=\/wp\/v2\/users\/1"}],"replies":[{"embeddable":true,"href":"https:\/\/www.fuldaernachrichten.de\/index.php?rest_route=%2Fwp%2Fv2%2Fcomments&post=2987"}],"version-history":[{"count":0,"href":"https:\/\/www.fuldaernachrichten.de\/index.php?rest_route=\/wp\/v2\/posts\/2987\/revisions"}],"wp:attachment":[{"href":"https:\/\/www.fuldaernachrichten.de\/index.php?rest_route=%2Fwp%2Fv2%2Fmedia&parent=2987"}],"wp:term":[{"taxonomy":"category","embeddable":true,"href":"https:\/\/www.fuldaernachrichten.de\/index.php?rest_route=%2Fwp%2Fv2%2Fcategories&post=2987"},{"taxonomy":"post_tag","embeddable":true,"href":"https:\/\/www.fuldaernachrichten.de\/index.php?rest_route=%2Fwp%2Fv2%2Ftags&post=2987"}],"curies":[{"name":"wp","href":"https:\/\/api.w.org\/{rel}","templated":true}]}}