{"id":29869,"date":"2009-05-26T05:52:06","date_gmt":"2009-05-26T03:52:06","guid":{"rendered":"http:\/\/www.schoene-nachrichten.de\/?p=29869"},"modified":"2009-05-26T07:21:13","modified_gmt":"2009-05-26T05:21:13","slug":"staedtischer-bestattungswald-fdp-fuer-naturnahe-bestattung","status":"publish","type":"post","link":"https:\/\/www.fuldaernachrichten.de\/?p=29869","title":{"rendered":"St\u00e4dtischer Bestattungswald? FDP f\u00fcr naturnahe Bestattung"},"content":{"rendered":"<p><a href=\"http:\/\/www.schoene-nachrichten.de\/wp-content\/uploads\/2009\/05\/pwsh2.jpg\"><img fetchpriority=\"high\" decoding=\"async\" class=\"alignnone size-thumbnail wp-image-29868\" title=\"Peter Wolff\" src=\"http:\/\/www.schoene-nachrichten.de\/wp-content\/uploads\/2009\/05\/pwsh2-265x198.jpg\" alt=\"Peter Wolff\" hspace=\"5\" width=\"265\" height=\"198\" align=\"left\" srcset=\"https:\/\/www.fuldaernachrichten.de\/wp-content\/uploads\/2009\/05\/pwsh2-265x198.jpg 265w, https:\/\/www.fuldaernachrichten.de\/wp-content\/uploads\/2009\/05\/pwsh2.jpg 800w\" sizes=\"(max-width: 265px) 100vw, 265px\" \/><\/a><strong>Fulda.<\/strong> Seit geraumer Zeit beraten die st\u00e4dtischen Gremien \u00fcber einen Antrag der FDP Fulda, als zus\u00e4tzliches Bestattungsangebot die M\u00f6glichkeit einer so genannten Waldbestattung in Fulda einzur\u00e4umen. Als m\u00f6glicher Ort sahen die Liberalen den Parkwald am Kalvarienberg. Aber auch den \u201eAlten Friedhof\u201c wolle man nicht ausschlie\u00dfen. Auf v\u00f6lliges Unverst\u00e4ndnis bei der FDP stie\u00df daher die Antwort der Verwaltung, eine entsprechende L\u00f6sung auf dem Friedhof West mit Neuanpflanzungen einzurichten.<!--more--><\/p>\n<p><strong>Kein fairer Umgang<\/strong><\/p>\n<p>In einem Waldfriedhof k\u00f6nnen Betroffene sich noch zu Lebzeiten \u201eihren Baum\u201c aussuchen und er soll gerade den Charakter eines Waldes haben. \u201eEin gerade eingepflanzter Stengel ist f\u00fcr viele Menschen nicht das, was sie sich unter einem (Fried-) Wald vorstellen\u201c dr\u00fcckt der liberale Ortsvorsitzende Peter Wolff den Unmut vieler B\u00fcrger aus. Offensichtlich gehe es der Stadt nur darum, den wenig genutzten Friedhof West zu f\u00fcllen, was zwar f\u00fcr ein \u00f6konomisches Verhalten\u00c2\u00a0 seitens der Stadt spricht, nicht aber f\u00fcr einen fairen Umgang mit Menschen, die sich eine naturnahe Bestattung w\u00fcnschen und sich daher von der Stadt allein gelassen f\u00fchlen, so Wolff. Auch Sibylle Herbert, liberale Magistratsvertreterin, wei\u00df von ihren Kontakten zum HessenForst, dass die Stadt \u00fcber geeignete Waldbest\u00e4nde verf\u00fcgt, die sich idealer Weise f\u00fcr einen Waldfriedhof nutzen lie\u00dfen.<\/p>\n<p>Beide Liberale hoffen, dass die Stadt bis nach der Sommerpause doch noch eine angemessene \u00d6rtlichkeit f\u00fcr einen st\u00e4dtischen Bestattungswald gefunden hat, denn dann will der Magistrat den Stadtverordneten ein L\u00f6sungskonzept pr\u00e4sentieren. Doch der von der Stadt bereits angedachte\u00c2\u00a0 Friedhof West w\u00e4re f\u00fcr die FDP als Antragstellerin nicht die angemessene L\u00f6sung eines solchen Konzeptes. \u201eOffensichtlich haben sich die st\u00e4dtischen Vertreter nicht \u00fcber die Bedeutung eines Waldfriedhofs informiert, anders kann ich mir die Pr\u00e4ferenz f\u00fcr den Friedhof West mit Neuanpflanzungen nicht vorstellen\u201c, sagt die \u00fcber so viel Unkenntnis entt\u00e4uschte Sibylle Herbert.<\/p>\n<p><strong>Foto: <\/strong>FDP-Vorsitzender Peter Wolff und Sibylle Herbert an einem exemplarischen Baum mit Waldcharakter auf dem Kalvarienberg.<\/p>\n","protected":false},"excerpt":{"rendered":"<div class=\"tmnf_excerpt\"><p>Fulda. Seit geraumer Zeit beraten die st\u00e4dtischen Gremien \u00fcber einen Antrag der FDP Fulda, als zus\u00e4tzliches Bestattungsangebot die M\u00f6glichkeit einer so genannten Waldbestattung in Fulda einzur\u00e4umen. Als m\u00f6glicher Ort sahen die Liberalen den Parkwald am Kalvarienberg. Aber auch den \u201eAlten Friedhof\u201c wolle man nicht ausschlie\u00dfen. Auf v\u00f6lliges Unverst\u00e4ndnis bei der FDP stie\u00df daher die Antwort &hellip;<\/p>\n<\/div>","protected":false},"author":1,"featured_media":0,"comment_status":"closed","ping_status":"closed","sticky":false,"template":"","format":"standard","meta":{"footnotes":""},"categories":[1,29,52],"tags":[],"class_list":["post-29869","post","type-post","status-publish","format-standard","hentry","category-startseite","category-politik","category-umwelt"],"_links":{"self":[{"href":"https:\/\/www.fuldaernachrichten.de\/index.php?rest_route=\/wp\/v2\/posts\/29869","targetHints":{"allow":["GET"]}}],"collection":[{"href":"https:\/\/www.fuldaernachrichten.de\/index.php?rest_route=\/wp\/v2\/posts"}],"about":[{"href":"https:\/\/www.fuldaernachrichten.de\/index.php?rest_route=\/wp\/v2\/types\/post"}],"author":[{"embeddable":true,"href":"https:\/\/www.fuldaernachrichten.de\/index.php?rest_route=\/wp\/v2\/users\/1"}],"replies":[{"embeddable":true,"href":"https:\/\/www.fuldaernachrichten.de\/index.php?rest_route=%2Fwp%2Fv2%2Fcomments&post=29869"}],"version-history":[{"count":3,"href":"https:\/\/www.fuldaernachrichten.de\/index.php?rest_route=\/wp\/v2\/posts\/29869\/revisions"}],"predecessor-version":[{"id":29896,"href":"https:\/\/www.fuldaernachrichten.de\/index.php?rest_route=\/wp\/v2\/posts\/29869\/revisions\/29896"}],"wp:attachment":[{"href":"https:\/\/www.fuldaernachrichten.de\/index.php?rest_route=%2Fwp%2Fv2%2Fmedia&parent=29869"}],"wp:term":[{"taxonomy":"category","embeddable":true,"href":"https:\/\/www.fuldaernachrichten.de\/index.php?rest_route=%2Fwp%2Fv2%2Fcategories&post=29869"},{"taxonomy":"post_tag","embeddable":true,"href":"https:\/\/www.fuldaernachrichten.de\/index.php?rest_route=%2Fwp%2Fv2%2Ftags&post=29869"}],"curies":[{"name":"wp","href":"https:\/\/api.w.org\/{rel}","templated":true}]}}