{"id":29852,"date":"2009-05-26T06:15:31","date_gmt":"2009-05-26T04:15:31","guid":{"rendered":"http:\/\/www.schoene-nachrichten.de\/?p=29852"},"modified":"2009-05-26T07:11:23","modified_gmt":"2009-05-26T05:11:23","slug":"gastvortrag-von-prof-dr-mark-roche","status":"publish","type":"post","link":"https:\/\/www.fuldaernachrichten.de\/?p=29852","title":{"rendered":"Gastvortrag von Prof. Dr. Mark Roche"},"content":{"rendered":"<p><strong>Fulda.<\/strong> Die Theologische Fakult\u00e4t Fulda l\u00e4d zu einem \u00f6ffentlichen Gastvortrag von Prof. Dr. Mark Roche (University of Notre Dame, Indiana, USA) ein. Er spricht am 02. Juni 2009, 20:00 Uhr zu dem Thema: \u201eGlauben und Denken: Wie kann ein gebildeter Mensch sich zur Religion stellen?\u201c<!--more--><\/p>\n<p><strong>Zahlreiche Fragen<\/strong><\/p>\n<p>Der Vortrag wird folgenden Fragen nachgehen: Welche Gr\u00fcnde spielen eine Rolle, wenn vern\u00fcnftige Menschen ihren religi\u00f6sen Glauben verlieren? Auf welche Weise k\u00f6nnen sie versuchen, zur Religion zur\u00fcckzukehren, wenn die unmittelbare Bezie hung zu ihr verloren ge gangen ist? Und wie sind diese verschiedenen Ver suche zu bewerten?<\/p>\n<p><strong>Ort: <\/strong>Auditorium maximum (Eduard-Schick-Platz 2, 36037 Fulda), anschlie\u00dfend Diskussion. Die Teilnahme ist frei, Voranmeldung nicht erforderlich.<\/p>\n<p><strong>Vita<\/strong><\/p>\n<p>Mark Roche (* 1956) ist Edmund P. Joyce Professor of German Language and Literature und Concurrent Professor of Philosophy an der University of Notre Dame. Er ist ehemaliger Humboldt-Stipendiat. Zur Zeit ist er Inhaber der Christian-Wolff-Gastprofessur an der Martin-Luther-Universit\u00e4t Halle-Wittenberg. Von 1997 bis 2008 war er Dean des College of Arts and Letters der Universit\u00e4t von Notre Dame. Zu seinen B\u00fcchern z\u00e4hlen: The Intellectual Appeal of Catholicism and the Idea of a Catholic University (2003); Die Moral der Kunst: \u00dcber Literatur und Ethik (2002); Tragedy and Comedy: A Systematic Study and a Critique of Hegel (1998).<\/p>\n","protected":false},"excerpt":{"rendered":"<div class=\"tmnf_excerpt\"><p>Fulda. Die Theologische Fakult\u00e4t Fulda l\u00e4d zu einem \u00f6ffentlichen Gastvortrag von Prof. Dr. Mark Roche (University of Notre Dame, Indiana, USA) ein. Er spricht am 02. Juni 2009, 20:00 Uhr zu dem Thema: \u201eGlauben und Denken: Wie kann ein gebildeter Mensch sich zur Religion stellen?\u201c<\/p>\n<\/div>","protected":false},"author":1,"featured_media":0,"comment_status":"closed","ping_status":"closed","sticky":false,"template":"","format":"standard","meta":{"footnotes":""},"categories":[1,50,48],"tags":[],"class_list":["post-29852","post","type-post","status-publish","format-standard","hentry","category-startseite","category-kirche","category-forschung"],"_links":{"self":[{"href":"https:\/\/www.fuldaernachrichten.de\/index.php?rest_route=\/wp\/v2\/posts\/29852","targetHints":{"allow":["GET"]}}],"collection":[{"href":"https:\/\/www.fuldaernachrichten.de\/index.php?rest_route=\/wp\/v2\/posts"}],"about":[{"href":"https:\/\/www.fuldaernachrichten.de\/index.php?rest_route=\/wp\/v2\/types\/post"}],"author":[{"embeddable":true,"href":"https:\/\/www.fuldaernachrichten.de\/index.php?rest_route=\/wp\/v2\/users\/1"}],"replies":[{"embeddable":true,"href":"https:\/\/www.fuldaernachrichten.de\/index.php?rest_route=%2Fwp%2Fv2%2Fcomments&post=29852"}],"version-history":[{"count":3,"href":"https:\/\/www.fuldaernachrichten.de\/index.php?rest_route=\/wp\/v2\/posts\/29852\/revisions"}],"predecessor-version":[{"id":29890,"href":"https:\/\/www.fuldaernachrichten.de\/index.php?rest_route=\/wp\/v2\/posts\/29852\/revisions\/29890"}],"wp:attachment":[{"href":"https:\/\/www.fuldaernachrichten.de\/index.php?rest_route=%2Fwp%2Fv2%2Fmedia&parent=29852"}],"wp:term":[{"taxonomy":"category","embeddable":true,"href":"https:\/\/www.fuldaernachrichten.de\/index.php?rest_route=%2Fwp%2Fv2%2Fcategories&post=29852"},{"taxonomy":"post_tag","embeddable":true,"href":"https:\/\/www.fuldaernachrichten.de\/index.php?rest_route=%2Fwp%2Fv2%2Ftags&post=29852"}],"curies":[{"name":"wp","href":"https:\/\/api.w.org\/{rel}","templated":true}]}}