{"id":29710,"date":"2009-05-25T06:50:19","date_gmt":"2009-05-25T04:50:19","guid":{"rendered":"http:\/\/www.schoene-nachrichten.de\/?p=29710"},"modified":"2009-05-25T07:41:59","modified_gmt":"2009-05-25T05:41:59","slug":"behle-beutelspacher-und-hambuechen-botschafter-der-region-mittelhessen","status":"publish","type":"post","link":"https:\/\/www.fuldaernachrichten.de\/?p=29710","title":{"rendered":"Behle, Beutelspacher und Hamb\u00fcchen Botschafter der Region Mittelhessen"},"content":{"rendered":"<p><a href=\"http:\/\/www.schoene-nachrichten.de\/wp-content\/uploads\/2009\/05\/mh_parlabend2009.jpg\"><img decoding=\"async\" class=\"alignnone size-thumbnail wp-image-29711\" title=\"M. Heinrich\" src=\"http:\/\/www.schoene-nachrichten.de\/wp-content\/uploads\/2009\/05\/mh_parlabend2009-265x176.jpg\" alt=\"M. Heinrich\" hspace=\"5\" width=\"265\" height=\"176\" align=\"left\" srcset=\"https:\/\/www.fuldaernachrichten.de\/wp-content\/uploads\/2009\/05\/mh_parlabend2009-265x176.jpg 265w, https:\/\/www.fuldaernachrichten.de\/wp-content\/uploads\/2009\/05\/mh_parlabend2009.jpg 600w\" sizes=\"(max-width: 265px) 100vw, 265px\" \/><\/a><strong>Mittelhessen. <\/strong>Auf dem Mittelhessischen Parlamentarischen Abend in Gie\u00dfen wurden k\u00fcrzlich Petra Behle, Albrecht Beutelspacher und Fabian Hamb\u00fcchen zu \u201eBotschaftern der Region Mittelhessen\u201c ernannt. Das Ehrenamt wird vom Regionalmanagement-Verein MitteHessen jedes Jahr im Rahmen des Marketing-Konzeptes an Prominente verliehen, die sich f\u00fcr die Region verdient gemacht haben.<!--more--><\/p>\n<p><strong>Vernetzung unserer Vereinsmitglieder<\/strong><\/p>\n<p>Die Moderatorin Constanze Schleenbecker vom Studio Mittelhessen des Hessischen Rundfunks begr\u00fc\u00dfte \u00fcber 100 Personen aus Wirtschaft, Wissenschaft und Politik in der Gie\u00dfener Kongresshalle Wilfried Schmied, Vorsitzender von MitteHessen e. V. erkl\u00e4rte: \u201eUnser Ziel ist die Vernetzung unserer Vereinsmitglieder untereinander und mit den mittelhessischen Parlamentariern\u201c Neben den mittelhessischen Landtagsabgeordneten waren auch zahlreiche Parlamentarier der MitteHessen-Mitgliedskommunen der Einladung gefolgt. Daneben stand die K\u00fcrung der drei neuen Botschafter im Mittelpunkt, \u201ealle drei keine geb\u00fcrtigen Mittelhessen\u201c, wie Schmied hervorhob. \u201eAus den unterschiedlichsten Gr\u00fcnden in unsere Region gekommen, haben alle drei hier Ideen verwirklicht und dazu beigetragen, Mittelhessen mit ihren Leistungen zu bereichern und bekannter zu machen.\u201c<\/p>\n<p>Dass das von MitteHessen betriebene Regionalmarketing greift, habe eine bei der der GfK in Auftrag gegebene repr\u00e4sentative Studie gezeigt, so Schmied: \u201eDie Bekanntheit von Mittelhessen in Deutschland ist von 23 Prozent im Jahr 2008 auf \u00fcber 34 Prozent gestiegen. Das hei\u00dft, jeder dritte Deutsche kennt inzwischen Mittelhessen!\u201c Auch innerhalb der Region konnten Erfolge verzeichnet werden, weil die Bekanntheit im Vogelsbergkreis und im Landkreis Limburg-Weilburg stark gestiegen sei. Wilfried Schmied sagte zu, auch k\u00fcnftig hart am Ball zu bleiben, wenn es um die Vermarktung der St\u00e4rken von Mittelhessen ginge. So arbeite man derzeit an der Verzahnung der Branchen Weiterbildung und Logistik sowie Kraft-W\u00e4rme-Kopplung. Dass diese Aktivit\u00e4ten auch innerhalb der Region wahrgenommen werden, zeige die Mitgliederentwicklung: \u201eInnerhalb des letzten Jahres haben 15 weitere Institutionen ihren Beitritt zum Verein erkl\u00e4rt\u201c, so Schmied; MitteHessen e. V. habe damit inzwischen 87 Mitglieder.<\/p>\n<p><strong>Bouffier bef\u00fcrwortete die Aktivit\u00e4ten<\/strong><\/p>\n<p>Der Hessische Innenminister Volker Bouffier bef\u00fcrwortete die Aktivit\u00e4ten des Vereins in seinem Gru\u00dfwort, das er f\u00fcr die Hessische Landesregierung \u00fcberbrachte und forderte die Akteure auf, nach au\u00dfen noch mehr zusammen und als geschlossene Einheit aufzutreten.<\/p>\n<p>Alois K\u00f6sters, Chefredakteur der Zeitungsgruppe Lahn-Dill \u00fcbernahm die Laudatio f\u00fcr den inzwischen weltbekannten Kunstturner Fabian Hamb\u00fcchen aus Wetzlar. Auch international sei die Lahnstadt und mit ihr die Region durch die Berichterstattung \u00fcber den Reckweltmeister von 2007 sichtbarer geworden, so K\u00f6sters, der die Urkunde an den Ersten Kreisbeigeordneten des Lahn-Dill-Kreises Wolfgang Hofmann stellvertretend \u00fcberreichte; Trainingsbedingt war der geb\u00fcrtige Gladbacher Hamb\u00fcchen verhindert.<\/p>\n<p>Professor Albrecht Beutelspacher, Initiator des Gie\u00dfener Mathematikums und personifizierter Wissens-Vermittler wurde von Astrid Kn\u00f6\u00df, Chefredakteurin des Gie\u00dfener Anzeigers vorgestellt: So sei die Idee des \u201eMitmachmuseums\u201c an der Universit\u00e4t geboren worden und fasziniere inzwischen viele tausend Menschen. \u201eAus 50 Nationen\u201c, wie der geb\u00fcrtige T\u00fcbinger Beutelspacher berichten konnte, der mit Wissenstransfer, einer der St\u00e4rken der Region, bald den einmillionsten Besucher begeistern kann.<\/p>\n<p><strong>\u201eViele tolle Menschen und die Liebe\u201c<\/strong><\/p>\n<p>Wilfried Schmied, selber begeisterter Rennradler und Teilnehmer an der j\u00e4hrlich in Mittelhessen startenden \u201eTour der Hoffnung\u201c lie\u00df es sich nicht nehmen, die inzwischen in Biebertal lebende Schirmherrin der Benefiz-Tour zu Gunsten krebskranker Kinder einzuf\u00fchren: Bekannt als Olympiasiegerin und 9-fache Weltmeisterin im Biathlon hat Petra Behle nicht nur ihre Heimat in Mittelhessen gefunden: \u201eViele tolle Menschen und die Liebe\u201c, so Petra Behle, machten die Verbundenheit einer der erfolgreichsten deutschen Biathletinnen mit der Region aus.<\/p>\n<p>Zum Ausklang des Abends gab es f\u00fcr die \u201eFreunde der Region\u201c, wie Wilfried Schmied die G\u00e4ste bezeichnet hatte, Gelegenheit zum Austausch und die Gewissheit, weitere Mitstreiter beim \u201eZusammen Wachsen\u201c von Mittelhessen gefunden zu haben.<\/p>\n<p><strong>Die bisherigen Botschafter der Region Mittelhessen:<\/strong><\/p>\n<p>Nia K\u00fcnzer<br \/>\nBC Pharmaserv Marburg &#8211; Blue Dolphins<br \/>\nHSG Wetzlar<br \/>\nLTi Gie\u00dfen 46ers<br \/>\nRSV Lahn-Dill<br \/>\nTTV G\u00f6nnern<br \/>\nFriedhelm Loh<br \/>\nDr. Dagobert Kotzur<br \/>\nProf. Dr. Werner Seeger<\/p>\n","protected":false},"excerpt":{"rendered":"<div class=\"tmnf_excerpt\"><p>Mittelhessen. Auf dem Mittelhessischen Parlamentarischen Abend in Gie\u00dfen wurden k\u00fcrzlich Petra Behle, Albrecht Beutelspacher und Fabian Hamb\u00fcchen zu \u201eBotschaftern der Region Mittelhessen\u201c ernannt. Das Ehrenamt wird vom Regionalmanagement-Verein MitteHessen jedes Jahr im Rahmen des Marketing-Konzeptes an Prominente verliehen, die sich f\u00fcr die Region verdient gemacht haben.<\/p>\n<\/div>","protected":false},"author":1,"featured_media":0,"comment_status":"closed","ping_status":"closed","sticky":false,"template":"","format":"standard","meta":{"footnotes":""},"categories":[1,53,44,29],"tags":[],"class_list":["post-29710","post","type-post","status-publish","format-standard","hentry","category-startseite","category-bildung","category-kultur","category-politik"],"_links":{"self":[{"href":"https:\/\/www.fuldaernachrichten.de\/index.php?rest_route=\/wp\/v2\/posts\/29710","targetHints":{"allow":["GET"]}}],"collection":[{"href":"https:\/\/www.fuldaernachrichten.de\/index.php?rest_route=\/wp\/v2\/posts"}],"about":[{"href":"https:\/\/www.fuldaernachrichten.de\/index.php?rest_route=\/wp\/v2\/types\/post"}],"author":[{"embeddable":true,"href":"https:\/\/www.fuldaernachrichten.de\/index.php?rest_route=\/wp\/v2\/users\/1"}],"replies":[{"embeddable":true,"href":"https:\/\/www.fuldaernachrichten.de\/index.php?rest_route=%2Fwp%2Fv2%2Fcomments&post=29710"}],"version-history":[{"count":3,"href":"https:\/\/www.fuldaernachrichten.de\/index.php?rest_route=\/wp\/v2\/posts\/29710\/revisions"}],"predecessor-version":[{"id":29756,"href":"https:\/\/www.fuldaernachrichten.de\/index.php?rest_route=\/wp\/v2\/posts\/29710\/revisions\/29756"}],"wp:attachment":[{"href":"https:\/\/www.fuldaernachrichten.de\/index.php?rest_route=%2Fwp%2Fv2%2Fmedia&parent=29710"}],"wp:term":[{"taxonomy":"category","embeddable":true,"href":"https:\/\/www.fuldaernachrichten.de\/index.php?rest_route=%2Fwp%2Fv2%2Fcategories&post=29710"},{"taxonomy":"post_tag","embeddable":true,"href":"https:\/\/www.fuldaernachrichten.de\/index.php?rest_route=%2Fwp%2Fv2%2Ftags&post=29710"}],"curies":[{"name":"wp","href":"https:\/\/api.w.org\/{rel}","templated":true}]}}