{"id":29704,"date":"2009-05-25T05:48:24","date_gmt":"2009-05-25T03:48:24","guid":{"rendered":"http:\/\/www.schoene-nachrichten.de\/?p=29704"},"modified":"2009-05-25T07:41:29","modified_gmt":"2009-05-25T05:41:29","slug":"demonstrationen-am-dienstag-vollsperrungen-in-der-innenstadt","status":"publish","type":"post","link":"https:\/\/www.fuldaernachrichten.de\/?p=29704","title":{"rendered":"Demonstrationen am Dienstag &#8211; Vollsperrungen in der Innenstadt"},"content":{"rendered":"<p><strong>Fulda.<\/strong> Aufgrund von Demonstrationsz\u00fcgen am Dienstag, 26. Mai 2009 kommt es in der Fuldaer Innenstadt zeitweise zu kurzfristigen Vollsperrungen. Die Verkehrsteilnehmer werden daher gebeten, die Innenstadt zwischen 11.00 Uhr und 14.00 Uhr m\u00f6glichst weitr\u00e4umig zu umfahren. Hiervon betroffen sind auch zahlreiche Linien des Stadtbusbetriebs &#8211; \u00d6PNV. Es muss mit Versp\u00e4tungen gerechnet werden.<!--more--><\/p>\n<p><strong>Die Demonstrationen verlaufen auf folgenden Strecken:<\/strong><\/p>\n<p><strong>Demonstrationsstrecke &#8211; Hinweg<br \/>\n<\/strong><br \/>\nParkplatz \u201eStadion der Stadt Fulda\u201c \u2013 Johannisstra\u00dfe &#8211; Am Rosengarten \u2013 Robert-Kircher-Stra\u00dfe \u2013 Mittelstra\u00dfe &#8211; Friedrichstra\u00dfe \u2013 Schlossstrasse \u2013 Heinrich-von-Bibra-Platz \u2013 Magdeburger Stra\u00dfe \u2013 Festplatz \u201eOchsenwiese\u201c<\/p>\n<p><strong>Demonstrationsstrecke &#8211; R\u00fcckweg<\/strong><\/p>\n<p>Festplatz \u201eOchsenwiese\u201c \u2013 Magdeburger Stra\u00dfe \u2013 Kurf\u00fcrstenstra\u00dfe \u2013 Bahnhofsplatz \u2013 Bahnhofsstra\u00dfe \u2013 Rabanusstra\u00dfe \u2013 Peterstor \u2013 Buttermarkt \u2013 Karlstra\u00dfe \u2013 K\u00f6nigstra\u00dfe \u2013 Robert-Kircher-Stra\u00dfe \u2013 Am Rosengarten \u2013 Johannisstra\u00dfe \u2013 Parkplatz \u201eStadion der Stadt Fulda\u201c<\/p>\n<p>Ab Montag, 25. Mai 2009 werden die Parkpl\u00e4tze am Stadion der Stadt Fulda und an der Reitanlage in der Olympiastra\u00dfe komplett und der Parkplatz \u201eOchsenwiese\u201c zur H\u00e4lfte gesperrt! Die Johannisstra\u00dfe wird am Dienstag, 26. Mai 2009 bereits ab 09.30 Uhr voll gesperrt.<\/p>\n<p>Oberb\u00fcrgermeister Gerhard M\u00f6ller bittet die Verkehrsteilnehmer sowie die \u201eParker\u201c der betroffenen Parkfl\u00e4chen schon jetzt um Verst\u00e4ndnis und Geduld.<\/p>\n","protected":false},"excerpt":{"rendered":"<div class=\"tmnf_excerpt\"><p>Fulda. Aufgrund von Demonstrationsz\u00fcgen am Dienstag, 26. Mai 2009 kommt es in der Fuldaer Innenstadt zeitweise zu kurzfristigen Vollsperrungen. Die Verkehrsteilnehmer werden daher gebeten, die Innenstadt zwischen 11.00 Uhr und 14.00 Uhr m\u00f6glichst weitr\u00e4umig zu umfahren. Hiervon betroffen sind auch zahlreiche Linien des Stadtbusbetriebs &#8211; \u00d6PNV. Es muss mit Versp\u00e4tungen gerechnet werden.<\/p>\n<\/div>","protected":false},"author":1,"featured_media":0,"comment_status":"closed","ping_status":"closed","sticky":false,"template":"","format":"standard","meta":{"footnotes":""},"categories":[1,35,29],"tags":[],"class_list":["post-29704","post","type-post","status-publish","format-standard","hentry","category-startseite","category-auto","category-politik"],"_links":{"self":[{"href":"https:\/\/www.fuldaernachrichten.de\/index.php?rest_route=\/wp\/v2\/posts\/29704","targetHints":{"allow":["GET"]}}],"collection":[{"href":"https:\/\/www.fuldaernachrichten.de\/index.php?rest_route=\/wp\/v2\/posts"}],"about":[{"href":"https:\/\/www.fuldaernachrichten.de\/index.php?rest_route=\/wp\/v2\/types\/post"}],"author":[{"embeddable":true,"href":"https:\/\/www.fuldaernachrichten.de\/index.php?rest_route=\/wp\/v2\/users\/1"}],"replies":[{"embeddable":true,"href":"https:\/\/www.fuldaernachrichten.de\/index.php?rest_route=%2Fwp%2Fv2%2Fcomments&post=29704"}],"version-history":[{"count":3,"href":"https:\/\/www.fuldaernachrichten.de\/index.php?rest_route=\/wp\/v2\/posts\/29704\/revisions"}],"predecessor-version":[{"id":29755,"href":"https:\/\/www.fuldaernachrichten.de\/index.php?rest_route=\/wp\/v2\/posts\/29704\/revisions\/29755"}],"wp:attachment":[{"href":"https:\/\/www.fuldaernachrichten.de\/index.php?rest_route=%2Fwp%2Fv2%2Fmedia&parent=29704"}],"wp:term":[{"taxonomy":"category","embeddable":true,"href":"https:\/\/www.fuldaernachrichten.de\/index.php?rest_route=%2Fwp%2Fv2%2Fcategories&post=29704"},{"taxonomy":"post_tag","embeddable":true,"href":"https:\/\/www.fuldaernachrichten.de\/index.php?rest_route=%2Fwp%2Fv2%2Ftags&post=29704"}],"curies":[{"name":"wp","href":"https:\/\/api.w.org\/{rel}","templated":true}]}}