{"id":29698,"date":"2009-05-25T05:42:54","date_gmt":"2009-05-25T03:42:54","guid":{"rendered":"http:\/\/www.schoene-nachrichten.de\/?p=29698"},"modified":"2009-05-25T07:42:47","modified_gmt":"2009-05-25T05:42:47","slug":"auftragsvergabe-fuer-dachsanierungs-und-fensterbauarbeiten-an-der-ferdinand-braun-schule","status":"publish","type":"post","link":"https:\/\/www.fuldaernachrichten.de\/?p=29698","title":{"rendered":"Auftragsvergabe f\u00fcr Dachsanierungs- und Fensterbauarbeiten an der Ferdinand-Braun-Schule"},"content":{"rendered":"<p><strong>Fulda (cp).<\/strong> Im Rahmen des \u201eInvestitionsprogramms des Landes \u2013 Sonderinvestitionsprogramm Schulen\u201c stimmte der Magistrat der Stadt Fulda der Auftragsvergabe f\u00fcr die Dachsanierungsarbeiten der Sporthalle und der energetischen Sanierung der Fenster des Geb\u00e4udeblocks A (1. Bauabschnitt) der Ferdinand-Braun-Schule zu. \u201eDas Sonderinvestitionsprogramm ist f\u00fcr uns eine gute Gelegenheit, notwendige Erneuerungen an Fuldaer Schulen in Angriff nehmen zu k\u00f6nnen. Jetzt haben wir die ersten gr\u00f6\u00dferen Projekte bereits beauftragt\u201c, erkl\u00e4rte Oberb\u00fcrgermeister Gerhard M\u00f6ller.<!--more--><strong>Rasche Umsetzung<\/strong><\/p>\n<p>Die Dachsanierung der Technischen Schule wie auch die Fensterbauarbeiten\u00c2\u00a0 (1. Bauabschnitt) im Geb\u00e4udeblock A werden von Firmen aus der Region durchgef\u00fchrt, mehr als 550.000,- Euro stehen hierf\u00fcr bereit. Durch den Ausbau der alten und den Einbau der neuen Fenster wird es teilweise erforderlich sein, dass die Fensterleibungen neu verputzt und gestrichen werden m\u00fcssen. Durch den Magistratsbeschluss sei der n\u00e4chste Schritt nun getan, um eine rasche Umsetzung des Investitionsprogramms zu gew\u00e4hrleisten, betonte der Fuldaer Verwaltungschef zufrieden.<\/p>\n","protected":false},"excerpt":{"rendered":"<div class=\"tmnf_excerpt\"><p>Fulda (cp). Im Rahmen des \u201eInvestitionsprogramms des Landes \u2013 Sonderinvestitionsprogramm Schulen\u201c stimmte der Magistrat der Stadt Fulda der Auftragsvergabe f\u00fcr die Dachsanierungsarbeiten der Sporthalle und der energetischen Sanierung der Fenster des Geb\u00e4udeblocks A (1. Bauabschnitt) der Ferdinand-Braun-Schule zu. \u201eDas Sonderinvestitionsprogramm ist f\u00fcr uns eine gute Gelegenheit, notwendige Erneuerungen an Fuldaer Schulen in Angriff nehmen zu &hellip;<\/p>\n<\/div>","protected":false},"author":1,"featured_media":0,"comment_status":"closed","ping_status":"closed","sticky":false,"template":"","format":"standard","meta":{"footnotes":""},"categories":[1,29],"tags":[],"class_list":["post-29698","post","type-post","status-publish","format-standard","hentry","category-startseite","category-politik"],"_links":{"self":[{"href":"https:\/\/www.fuldaernachrichten.de\/index.php?rest_route=\/wp\/v2\/posts\/29698","targetHints":{"allow":["GET"]}}],"collection":[{"href":"https:\/\/www.fuldaernachrichten.de\/index.php?rest_route=\/wp\/v2\/posts"}],"about":[{"href":"https:\/\/www.fuldaernachrichten.de\/index.php?rest_route=\/wp\/v2\/types\/post"}],"author":[{"embeddable":true,"href":"https:\/\/www.fuldaernachrichten.de\/index.php?rest_route=\/wp\/v2\/users\/1"}],"replies":[{"embeddable":true,"href":"https:\/\/www.fuldaernachrichten.de\/index.php?rest_route=%2Fwp%2Fv2%2Fcomments&post=29698"}],"version-history":[{"count":3,"href":"https:\/\/www.fuldaernachrichten.de\/index.php?rest_route=\/wp\/v2\/posts\/29698\/revisions"}],"predecessor-version":[{"id":29758,"href":"https:\/\/www.fuldaernachrichten.de\/index.php?rest_route=\/wp\/v2\/posts\/29698\/revisions\/29758"}],"wp:attachment":[{"href":"https:\/\/www.fuldaernachrichten.de\/index.php?rest_route=%2Fwp%2Fv2%2Fmedia&parent=29698"}],"wp:term":[{"taxonomy":"category","embeddable":true,"href":"https:\/\/www.fuldaernachrichten.de\/index.php?rest_route=%2Fwp%2Fv2%2Fcategories&post=29698"},{"taxonomy":"post_tag","embeddable":true,"href":"https:\/\/www.fuldaernachrichten.de\/index.php?rest_route=%2Fwp%2Fv2%2Ftags&post=29698"}],"curies":[{"name":"wp","href":"https:\/\/api.w.org\/{rel}","templated":true}]}}