{"id":2969,"date":"2007-05-04T15:46:36","date_gmt":"2007-05-04T13:46:36","guid":{"rendered":"http:\/\/www.schoene-nachrichten.de\/?p=2969"},"modified":"2007-05-04T15:57:01","modified_gmt":"2007-05-04T13:57:01","slug":"modehaus-erna-schneider-sucht-fuldas-next-topmodel","status":"publish","type":"post","link":"https:\/\/www.fuldaernachrichten.de\/?p=2969","title":{"rendered":"Modehaus Schneider sucht &#8220;Fulda`s Next Topmodel&#8221;"},"content":{"rendered":"<p><strong>Termin.<\/strong> Zum ersten Mal findet im Landkreis Fulda eine Castingshow unter dem Motto \u201eTitel Fulda`s Next Topmodel\u201c statt. Die Endausscheidung und Pr\u00e4mierung ist am 28. Mai 2007 ab 18.00 Uhr im Rahmen des Pfingst- und Sportfestes des SV Buchonia Flieden am Sportpark \u201eAm Weiher\u201c. <!--more--><\/p>\n<p>Alle M\u00e4dchen und Frauen\u00c2\u00a0ab 16 Jahren k\u00f6nnen sich mit einem Steckbrief unter Angabe der K\u00f6rper- und Konfektionsgr\u00f6\u00dfe sowie mit einem Foto\u00c2\u00a0direkt im Modehaus Erna Schneider, Universit\u00e4tsplatz 3 36037 Fulda (0661\/ 97840) bei Melanie Koch bewerben.<\/p>\n<p>Der Gewinnerin winkt ein professionelles Foto &#8211; Shooting und die Teilnahme an der gro\u00dfen Trendshow am Freitag, dem 1. Juni 2007, um 20.30 Uhr im Cafe Ideal in Fulda. Die Gewinnerin wird durch das Publikum und einer Jury ermittelt. Weiterhin\u00c2\u00a0 werden im Rahmen der Abendveranstaltung in Flieden Gutscheine vom Modehaus Schneider und dem Reiseb\u00fcro Happ verlost.<\/p>\n","protected":false},"excerpt":{"rendered":"<div class=\"tmnf_excerpt\"><p>Termin. Zum ersten Mal findet im Landkreis Fulda eine Castingshow unter dem Motto \u201eTitel Fulda`s Next Topmodel\u201c statt. Die Endausscheidung und Pr\u00e4mierung ist am 28. Mai 2007 ab 18.00 Uhr im Rahmen des Pfingst- und Sportfestes des SV Buchonia Flieden am Sportpark \u201eAm Weiher\u201c.<\/p>\n<\/div>","protected":false},"author":1,"featured_media":0,"comment_status":"closed","ping_status":"closed","sticky":false,"template":"","format":"standard","meta":{"footnotes":""},"categories":[1],"tags":[],"class_list":["post-2969","post","type-post","status-publish","format-standard","hentry","category-startseite"],"_links":{"self":[{"href":"https:\/\/www.fuldaernachrichten.de\/index.php?rest_route=\/wp\/v2\/posts\/2969","targetHints":{"allow":["GET"]}}],"collection":[{"href":"https:\/\/www.fuldaernachrichten.de\/index.php?rest_route=\/wp\/v2\/posts"}],"about":[{"href":"https:\/\/www.fuldaernachrichten.de\/index.php?rest_route=\/wp\/v2\/types\/post"}],"author":[{"embeddable":true,"href":"https:\/\/www.fuldaernachrichten.de\/index.php?rest_route=\/wp\/v2\/users\/1"}],"replies":[{"embeddable":true,"href":"https:\/\/www.fuldaernachrichten.de\/index.php?rest_route=%2Fwp%2Fv2%2Fcomments&post=2969"}],"version-history":[{"count":0,"href":"https:\/\/www.fuldaernachrichten.de\/index.php?rest_route=\/wp\/v2\/posts\/2969\/revisions"}],"wp:attachment":[{"href":"https:\/\/www.fuldaernachrichten.de\/index.php?rest_route=%2Fwp%2Fv2%2Fmedia&parent=2969"}],"wp:term":[{"taxonomy":"category","embeddable":true,"href":"https:\/\/www.fuldaernachrichten.de\/index.php?rest_route=%2Fwp%2Fv2%2Fcategories&post=2969"},{"taxonomy":"post_tag","embeddable":true,"href":"https:\/\/www.fuldaernachrichten.de\/index.php?rest_route=%2Fwp%2Fv2%2Ftags&post=2969"}],"curies":[{"name":"wp","href":"https:\/\/api.w.org\/{rel}","templated":true}]}}