{"id":29686,"date":"2009-05-23T03:19:48","date_gmt":"2009-05-23T01:19:48","guid":{"rendered":"http:\/\/www.schoene-nachrichten.de\/?p=29686"},"modified":"2009-05-23T09:26:19","modified_gmt":"2009-05-23T07:26:19","slug":"begegnung-austausch-und-dank-landkreis-veranstaltet-jahresfest-fuer-pflegefamilien","status":"publish","type":"post","link":"https:\/\/www.fuldaernachrichten.de\/?p=29686","title":{"rendered":"Begegnung, Austausch und Dank: Landkreis veranstaltet Jahresfest f\u00fcr Pflegefamilien"},"content":{"rendered":"<p class=\"bodytext\"><a title=\"Foto: Max Colin Heydenreich\" rel=\"lightbox[roadtrip]\" href=\"http:\/\/www.schoene-nachrichten.de\/wp-content\/uploads\/2009\/05\/090523_Kreis_013.jpg\" target=\"_blank\"><img decoding=\"async\" src=\"http:\/\/www.schoene-nachrichten.de\/wp-content\/uploads\/2009\/05\/090523_Kreis_013.jpg\" alt=\"090523_Kreis_013.jpg\" width=\"560\" \/><\/a><\/p>\n<p class=\"bodytext\"><strong>Dipperz-Wisselsrod.<\/strong> Zum traditionellen Jahresfest der Pflegefamilien hatte der Pflegekinderdienst des Landkreises Fulda am vergangenen Freitag alle Pflegeeltern und Pflegekinder sowie die Mitarbeiterinnen und Mitarbeiter der Kreisverwaltung, die im Bereich der Kinder- und Jugendhilfe t\u00e4tig sind, in die Kulturscheune nach Wisselsrod eingeladen. Und Petrus meinte es gut mit den G\u00e4sten, denn das Wetter h\u00e4tte besser kaum sein k\u00f6nnen, um drinnen und drau\u00dfen zu feiern. Vier Stunden lang standen Spiel und Spa\u00df, Kaffee, Kuchen und Gegrilltes sowie musikalische Unterhaltung auf dem Pogramm.<\/p>\n<p class=\"bodytext\"><strong>Fotos (31):<\/strong> Max Colin Heydenreich<\/p>\n<p><a title=\"Foto: Max Colin Heydenreich\" rel=\"lightbox[roadtrip]\" href=\"http:\/\/www.schoene-nachrichten.de\/wp-content\/uploads\/2009\/05\/090523_Kreis_005.jpg\" target=\"_blank\"><img decoding=\"async\" src=\"http:\/\/www.schoene-nachrichten.de\/wp-content\/uploads\/2009\/05\/090523_Kreis_005.thumbnail.jpg\" alt=\"090523_Kreis_005.jpg\" width=\"265\" \/><\/a> <a title=\"Foto: Max Colin Heydenreich\" rel=\"lightbox[roadtrip]\" href=\"http:\/\/www.schoene-nachrichten.de\/wp-content\/uploads\/2009\/05\/090523_Kreis_006.jpg\" target=\"_blank\"><img decoding=\"async\" src=\"http:\/\/www.schoene-nachrichten.de\/wp-content\/uploads\/2009\/05\/090523_Kreis_006.thumbnail.jpg\" alt=\"090523_Kreis_006.jpg\" width=\"265\" \/><\/a><\/p>\n<p><a title=\"Foto: Max Colin Heydenreich\" rel=\"lightbox[roadtrip]\" href=\"http:\/\/www.schoene-nachrichten.de\/wp-content\/uploads\/2009\/05\/090523_Kreis_001.jpg\" target=\"_blank\"><img decoding=\"async\" src=\"http:\/\/www.schoene-nachrichten.de\/wp-content\/uploads\/2009\/05\/090523_Kreis_001.thumbnail.jpg\" alt=\"090523_Kreis_001.jpg\" width=\"265\" \/><\/a> <a title=\"Foto: Max Colin Heydenreich\" rel=\"lightbox[roadtrip]\" href=\"http:\/\/www.schoene-nachrichten.de\/wp-content\/uploads\/2009\/05\/090523_Kreis_002.jpg\" target=\"_blank\"><img decoding=\"async\" src=\"http:\/\/www.schoene-nachrichten.de\/wp-content\/uploads\/2009\/05\/090523_Kreis_002.thumbnail.jpg\" alt=\"090523_Kreis_002.jpg\" width=\"265\" \/><\/a><\/p>\n<p><!--more--><\/p>\n<p class=\"bodytext\">\u201eIch freue mich, dass so viele Pflegegefamilien unserer Einladung gefolgt sind\u201c, sagte Erster Kreisbeigeordneter Dr. Heiko Wingenfeld bei der Begr\u00fc\u00dfung der G\u00e4ste. \u201eDenn mit diesem Fest m\u00f6chten wir uns bei den Pflegeeltern f\u00fcr ihre engagierte Arbeit bedanken und den Familien die M\u00f6glichkeit geben, sich kennen zu lernen und untereinander auszutauschen.\u201c<\/p>\n<p><a title=\"Foto: Max Colin Heydenreich\" rel=\"lightbox[roadtrip]\" href=\"http:\/\/www.schoene-nachrichten.de\/wp-content\/uploads\/2009\/05\/090523_Kreis_007.jpg\" target=\"_blank\"><img decoding=\"async\" src=\"http:\/\/www.schoene-nachrichten.de\/wp-content\/uploads\/2009\/05\/090523_Kreis_007.thumbnail.jpg\" alt=\"090523_Kreis_007.jpg\" width=\"265\" \/><\/a> <a title=\"Foto: Max Colin Heydenreich\" rel=\"lightbox[roadtrip]\" href=\"http:\/\/www.schoene-nachrichten.de\/wp-content\/uploads\/2009\/05\/090523_Kreis_008.jpg\" target=\"_blank\"><img decoding=\"async\" src=\"http:\/\/www.schoene-nachrichten.de\/wp-content\/uploads\/2009\/05\/090523_Kreis_008.thumbnail.jpg\" alt=\"090523_Kreis_008.jpg\" width=\"265\" \/><\/a><\/p>\n<p><a title=\"Foto: Max Colin Heydenreich\" rel=\"lightbox[roadtrip]\" href=\"http:\/\/www.schoene-nachrichten.de\/wp-content\/uploads\/2009\/05\/090523_Kreis_009.jpg\" target=\"_blank\"><img decoding=\"async\" src=\"http:\/\/www.schoene-nachrichten.de\/wp-content\/uploads\/2009\/05\/090523_Kreis_009.thumbnail.jpg\" alt=\"090523_Kreis_009.jpg\" width=\"265\" \/><\/a> <a title=\"Foto: Max Colin Heydenreich\" rel=\"lightbox[roadtrip]\" href=\"http:\/\/www.schoene-nachrichten.de\/wp-content\/uploads\/2009\/05\/090523_Kreis_010.jpg\" target=\"_blank\"><img decoding=\"async\" src=\"http:\/\/www.schoene-nachrichten.de\/wp-content\/uploads\/2009\/05\/090523_Kreis_010.thumbnail.jpg\" alt=\"090523_Kreis_010.jpg\" width=\"265\" \/><\/a><\/p>\n<p class=\"bodytext\">Der zwanglose Austausch und das gem\u00fctliche Beisammensein standen auch im Mittelpunkt des fr\u00f6hlichen Festes. Die Pflegeeltern hatten Kuchen und Salate zur Verf\u00fcgung gestellt und der Verein Spielwiese einen abwechslungsreichen Spiele- und Bastelparcours aufgebaut. F\u00fcr musikalische Unterhaltung sorgten das Duo \u201eHerr Heinrich und Herr Klink\u201c aus Usingen sowie die \u201eThe Royal Scots Pipes and Drums\u201c aus Flieden. Die Musiker traten kostenlos f\u00fcr die G\u00e4ste des Jahresfestes auf.<\/p>\n<p><a title=\"Foto: Max Colin Heydenreich\" rel=\"lightbox[roadtrip]\" href=\"http:\/\/www.schoene-nachrichten.de\/wp-content\/uploads\/2009\/05\/090523_Kreis_022.jpg\" target=\"_blank\"><img decoding=\"async\" src=\"http:\/\/www.schoene-nachrichten.de\/wp-content\/uploads\/2009\/05\/090523_Kreis_022.thumbnail.jpg\" alt=\"090523_Kreis_022.jpg\" width=\"265\" \/><\/a> <a title=\"Foto: Max Colin Heydenreich\" rel=\"lightbox[roadtrip]\" href=\"http:\/\/www.schoene-nachrichten.de\/wp-content\/uploads\/2009\/05\/090523_Kreis_014.jpg\" target=\"_blank\"><img decoding=\"async\" src=\"http:\/\/www.schoene-nachrichten.de\/wp-content\/uploads\/2009\/05\/090523_Kreis_014.thumbnail.jpg\" alt=\"090523_Kreis_014.jpg\" width=\"265\" \/><\/a><\/p>\n<p><a title=\"Foto: Max Colin Heydenreich\" rel=\"lightbox[roadtrip]\" href=\"http:\/\/www.schoene-nachrichten.de\/wp-content\/uploads\/2009\/05\/090523_Kreis_015.jpg\" target=\"_blank\"><img decoding=\"async\" src=\"http:\/\/www.schoene-nachrichten.de\/wp-content\/uploads\/2009\/05\/090523_Kreis_015.thumbnail.jpg\" alt=\"090523_Kreis_015.jpg\" width=\"265\" \/><\/a> <a title=\"Foto: Max Colin Heydenreich\" rel=\"lightbox[roadtrip]\" href=\"http:\/\/www.schoene-nachrichten.de\/wp-content\/uploads\/2009\/05\/090523_Kreis_016.jpg\" target=\"_blank\"><img decoding=\"async\" src=\"http:\/\/www.schoene-nachrichten.de\/wp-content\/uploads\/2009\/05\/090523_Kreis_016.thumbnail.jpg\" alt=\"090523_Kreis_016.jpg\" width=\"265\" \/><\/a><\/p>\n<p class=\"bodytext\"><strong>Hintergrund:<\/strong> Der Pflegekinderdienst des Landkreises Fulda betreut zurzeit 47 Pflegefamilien mit 62 Pflegekindern, die aus den unterschiedlichsten Gr\u00fcnden nicht bei ihren Eltern leben k\u00f6nnen. Der Pflegekinderdienst l\u00e4dt regelm\u00e4\u00dfig Eltern, die es sich vorstellen k\u00f6nnen Pflegefamilie zu werden, zu Informationsveranstaltungen ein und f\u00fchrt Bewerberschulungen durch. Wer Interesse hat, kann sich an die Mitarbeiter des Pflegekinderdienstes, Frau Gudrun N\u00fcchter (Tel. 0661\/6006-445) und Herrn Matthias von Keitz (Tel. 0661\/6006-372), wenden.<\/p>\n<p><a title=\"Foto: Max Colin Heydenreich\" rel=\"lightbox[roadtrip]\" href=\"http:\/\/www.schoene-nachrichten.de\/wp-content\/uploads\/2009\/05\/090523_Kreis_003.jpg\" target=\"_blank\"><img decoding=\"async\" src=\"http:\/\/www.schoene-nachrichten.de\/wp-content\/uploads\/2009\/05\/090523_Kreis_003.thumbnail.jpg\" alt=\"090523_Kreis_003.jpg\" width=\"265\" \/><\/a> <a title=\"Foto: Max Colin Heydenreich\" rel=\"lightbox[roadtrip]\" href=\"http:\/\/www.schoene-nachrichten.de\/wp-content\/uploads\/2009\/05\/090523_Kreis_004.jpg\" target=\"_blank\"><img decoding=\"async\" src=\"http:\/\/www.schoene-nachrichten.de\/wp-content\/uploads\/2009\/05\/090523_Kreis_004.thumbnail.jpg\" alt=\"090523_Kreis_004.jpg\" width=\"265\" \/><\/a><\/p>\n<p><a title=\"Foto: Max Colin Heydenreich\" rel=\"lightbox[roadtrip]\" href=\"http:\/\/www.schoene-nachrichten.de\/wp-content\/uploads\/2009\/05\/090523_Kreis_011.jpg\" target=\"_blank\"><img decoding=\"async\" src=\"http:\/\/www.schoene-nachrichten.de\/wp-content\/uploads\/2009\/05\/090523_Kreis_011.thumbnail.jpg\" alt=\"090523_Kreis_011.jpg\" width=\"265\" \/><\/a> <a title=\"Foto: Max Colin Heydenreich\" rel=\"lightbox[roadtrip]\" href=\"http:\/\/www.schoene-nachrichten.de\/wp-content\/uploads\/2009\/05\/090523_Kreis_012.jpg\" target=\"_blank\"><img decoding=\"async\" src=\"http:\/\/www.schoene-nachrichten.de\/wp-content\/uploads\/2009\/05\/090523_Kreis_012.thumbnail.jpg\" alt=\"090523_Kreis_012.jpg\" width=\"265\" \/><\/a><\/p>\n<p><a title=\"Foto: Max Colin Heydenreich\" rel=\"lightbox[roadtrip]\" href=\"http:\/\/www.schoene-nachrichten.de\/wp-content\/uploads\/2009\/05\/090523_Kreis_017.jpg\" target=\"_blank\"><img decoding=\"async\" src=\"http:\/\/www.schoene-nachrichten.de\/wp-content\/uploads\/2009\/05\/090523_Kreis_017.thumbnail.jpg\" alt=\"090523_Kreis_017.jpg\" width=\"265\" \/><\/a> <a title=\"Foto: Max Colin Heydenreich\" rel=\"lightbox[roadtrip]\" href=\"http:\/\/www.schoene-nachrichten.de\/wp-content\/uploads\/2009\/05\/090523_Kreis_018.jpg\" target=\"_blank\"><img decoding=\"async\" src=\"http:\/\/www.schoene-nachrichten.de\/wp-content\/uploads\/2009\/05\/090523_Kreis_018.thumbnail.jpg\" alt=\"090523_Kreis_018.jpg\" width=\"265\" \/><\/a><\/p>\n<p><a title=\"Foto: Max Colin Heydenreich\" rel=\"lightbox[roadtrip]\" href=\"http:\/\/www.schoene-nachrichten.de\/wp-content\/uploads\/2009\/05\/090523_Kreis_019.jpg\" target=\"_blank\"><img decoding=\"async\" src=\"http:\/\/www.schoene-nachrichten.de\/wp-content\/uploads\/2009\/05\/090523_Kreis_019.thumbnail.jpg\" alt=\"090523_Kreis_019.jpg\" width=\"265\" \/><\/a> <a title=\"Foto: Max Colin Heydenreich\" rel=\"lightbox[roadtrip]\" href=\"http:\/\/www.schoene-nachrichten.de\/wp-content\/uploads\/2009\/05\/090523_Kreis_020.jpg\" target=\"_blank\"><img decoding=\"async\" src=\"http:\/\/www.schoene-nachrichten.de\/wp-content\/uploads\/2009\/05\/090523_Kreis_020.thumbnail.jpg\" alt=\"090523_Kreis_020.jpg\" width=\"265\" \/><\/a><\/p>\n<p><a title=\"Foto: Max Colin Heydenreich\" rel=\"lightbox[roadtrip]\" href=\"http:\/\/www.schoene-nachrichten.de\/wp-content\/uploads\/2009\/05\/090523_Kreis_023.jpg\" target=\"_blank\"><img decoding=\"async\" src=\"http:\/\/www.schoene-nachrichten.de\/wp-content\/uploads\/2009\/05\/090523_Kreis_023.thumbnail.jpg\" alt=\"090523_Kreis_023.jpg\" width=\"265\" \/><\/a> <a title=\"Foto: Max Colin Heydenreich\" rel=\"lightbox[roadtrip]\" href=\"http:\/\/www.schoene-nachrichten.de\/wp-content\/uploads\/2009\/05\/090523_Kreis_024.jpg\" target=\"_blank\"><img decoding=\"async\" src=\"http:\/\/www.schoene-nachrichten.de\/wp-content\/uploads\/2009\/05\/090523_Kreis_024.thumbnail.jpg\" alt=\"090523_Kreis_024.jpg\" width=\"265\" \/><\/a><\/p>\n<p><a title=\"Foto: Max Colin Heydenreich\" rel=\"lightbox[roadtrip]\" href=\"http:\/\/www.schoene-nachrichten.de\/wp-content\/uploads\/2009\/05\/090523_Kreis_031.jpg\" target=\"_blank\"><img decoding=\"async\" src=\"http:\/\/www.schoene-nachrichten.de\/wp-content\/uploads\/2009\/05\/090523_Kreis_031.thumbnail.jpg\" alt=\"090523_Kreis_031.jpg\" width=\"265\" \/><\/a><\/p>\n<p><a title=\"Foto: Max Colin Heydenreich\" rel=\"lightbox[roadtrip]\" href=\"http:\/\/www.schoene-nachrichten.de\/wp-content\/uploads\/2009\/05\/090523_Kreis_025.jpg\" target=\"_blank\"><img decoding=\"async\" src=\"http:\/\/www.schoene-nachrichten.de\/wp-content\/uploads\/2009\/05\/090523_Kreis_025.thumbnail.jpg\" alt=\"090523_Kreis_025.jpg\" width=\"265\" \/><\/a> <a title=\"Foto: Max Colin Heydenreich\" rel=\"lightbox[roadtrip]\" href=\"http:\/\/www.schoene-nachrichten.de\/wp-content\/uploads\/2009\/05\/090523_Kreis_026.jpg\" target=\"_blank\"><img decoding=\"async\" src=\"http:\/\/www.schoene-nachrichten.de\/wp-content\/uploads\/2009\/05\/090523_Kreis_026.thumbnail.jpg\" alt=\"090523_Kreis_026.jpg\" width=\"265\" \/><\/a><\/p>\n<p><a title=\"Foto: Max Colin Heydenreich\" rel=\"lightbox[roadtrip]\" href=\"http:\/\/www.schoene-nachrichten.de\/wp-content\/uploads\/2009\/05\/090523_Kreis_027.jpg\" target=\"_blank\"><img decoding=\"async\" src=\"http:\/\/www.schoene-nachrichten.de\/wp-content\/uploads\/2009\/05\/090523_Kreis_027.thumbnail.jpg\" alt=\"090523_Kreis_027.jpg\" width=\"265\" \/><\/a> <a title=\"Foto: Max Colin Heydenreich\" rel=\"lightbox[roadtrip]\" href=\"http:\/\/www.schoene-nachrichten.de\/wp-content\/uploads\/2009\/05\/090523_Kreis_028.jpg\" target=\"_blank\"><img decoding=\"async\" src=\"http:\/\/www.schoene-nachrichten.de\/wp-content\/uploads\/2009\/05\/090523_Kreis_028.thumbnail.jpg\" alt=\"090523_Kreis_028.jpg\" width=\"265\" \/><\/a><\/p>\n<p><a title=\"Foto: Max Colin Heydenreich\" rel=\"lightbox[roadtrip]\" href=\"http:\/\/www.schoene-nachrichten.de\/wp-content\/uploads\/2009\/05\/090523_Kreis_029.jpg\" target=\"_blank\"><img decoding=\"async\" src=\"http:\/\/www.schoene-nachrichten.de\/wp-content\/uploads\/2009\/05\/090523_Kreis_029.thumbnail.jpg\" alt=\"090523_Kreis_029.jpg\" width=\"265\" \/><\/a> <a title=\"Foto: Max Colin Heydenreich\" rel=\"lightbox[roadtrip]\" href=\"http:\/\/www.schoene-nachrichten.de\/wp-content\/uploads\/2009\/05\/090523_Kreis_030.jpg\" target=\"_blank\"><img decoding=\"async\" src=\"http:\/\/www.schoene-nachrichten.de\/wp-content\/uploads\/2009\/05\/090523_Kreis_030.thumbnail.jpg\" alt=\"090523_Kreis_030.jpg\" width=\"265\" \/><\/a><\/p>\n<p><a title=\"Foto: Max Colin Heydenreich\" rel=\"lightbox[roadtrip]\" href=\"http:\/\/www.schoene-nachrichten.de\/wp-content\/uploads\/2009\/05\/090523_Kreis_021.jpg\" target=\"_blank\"><img decoding=\"async\" src=\"http:\/\/www.schoene-nachrichten.de\/wp-content\/uploads\/2009\/05\/090523_Kreis_021.thumbnail.jpg\" alt=\"090523_Kreis_021.jpg\" width=\"265\" \/><\/a><\/p>\n","protected":false},"excerpt":{"rendered":"<div class=\"tmnf_excerpt\"><p>Dipperz-Wisselsrod. Zum traditionellen Jahresfest der Pflegefamilien hatte der Pflegekinderdienst des Landkreises Fulda am vergangenen Freitag alle Pflegeeltern und Pflegekinder sowie die Mitarbeiterinnen und Mitarbeiter der Kreisverwaltung, die im Bereich der Kinder- und Jugendhilfe t\u00e4tig sind, in die Kulturscheune nach Wisselsrod eingeladen. Und Petrus meinte es gut mit den G\u00e4sten, denn das Wetter h\u00e4tte besser kaum &hellip;<\/p>\n<\/div>","protected":false},"author":1,"featured_media":0,"comment_status":"closed","ping_status":"closed","sticky":false,"template":"","format":"standard","meta":{"footnotes":""},"categories":[1,54,72,50,29,78,52],"tags":[],"class_list":["post-29686","post","type-post","status-publish","format-standard","hentry","category-startseite","category-bildergalerien","category-jugend","category-kirche","category-politik","category-topthema","category-umwelt"],"_links":{"self":[{"href":"https:\/\/www.fuldaernachrichten.de\/index.php?rest_route=\/wp\/v2\/posts\/29686","targetHints":{"allow":["GET"]}}],"collection":[{"href":"https:\/\/www.fuldaernachrichten.de\/index.php?rest_route=\/wp\/v2\/posts"}],"about":[{"href":"https:\/\/www.fuldaernachrichten.de\/index.php?rest_route=\/wp\/v2\/types\/post"}],"author":[{"embeddable":true,"href":"https:\/\/www.fuldaernachrichten.de\/index.php?rest_route=\/wp\/v2\/users\/1"}],"replies":[{"embeddable":true,"href":"https:\/\/www.fuldaernachrichten.de\/index.php?rest_route=%2Fwp%2Fv2%2Fcomments&post=29686"}],"version-history":[{"count":6,"href":"https:\/\/www.fuldaernachrichten.de\/index.php?rest_route=\/wp\/v2\/posts\/29686\/revisions"}],"predecessor-version":[{"id":29692,"href":"https:\/\/www.fuldaernachrichten.de\/index.php?rest_route=\/wp\/v2\/posts\/29686\/revisions\/29692"}],"wp:attachment":[{"href":"https:\/\/www.fuldaernachrichten.de\/index.php?rest_route=%2Fwp%2Fv2%2Fmedia&parent=29686"}],"wp:term":[{"taxonomy":"category","embeddable":true,"href":"https:\/\/www.fuldaernachrichten.de\/index.php?rest_route=%2Fwp%2Fv2%2Fcategories&post=29686"},{"taxonomy":"post_tag","embeddable":true,"href":"https:\/\/www.fuldaernachrichten.de\/index.php?rest_route=%2Fwp%2Fv2%2Ftags&post=29686"}],"curies":[{"name":"wp","href":"https:\/\/api.w.org\/{rel}","templated":true}]}}