{"id":29666,"date":"2009-05-23T05:33:04","date_gmt":"2009-05-23T03:33:04","guid":{"rendered":"http:\/\/www.schoene-nachrichten.de\/?p=29666"},"modified":"2009-05-23T09:00:35","modified_gmt":"2009-05-23T07:00:35","slug":"festgottesdienst-am-gehilfersberg","status":"publish","type":"post","link":"https:\/\/www.fuldaernachrichten.de\/?p=29666","title":{"rendered":"Festgottesdienst am Gehilfersberg"},"content":{"rendered":"<p><strong>H\u00fcnfeld.<\/strong> Zum Wallfahrtsgottesdienst am Pfingstmontag, 01. Juni um 10 Uhr in der Kirche auf dem Gehilfersberg bei Rasdorf l\u00e4dt die Pfarrei Rasdorf herzlich ein. Die Festpredigt wird Pallottinerpater Siegfried Modenbach SAC, Dortmund halten, der auch der Eucharistie vorsteht. Pater Siegfried Modenbach, geb\u00fcrtig aus Steinbach bei Burghaun, ist Leiter des Katholischen Forums in Dortmund. Um auch \u00e4lteren und behinderten Menschen den\u00c2\u00a0 Gottesdienstbesucher zu erm\u00f6glichen, bietet der Pfarrgemeinderat einen Fahrdienst zur Wallfahrtskirche ab 9.30 Uhr vom Parkplatz Gehilfersberg an.<\/p>\n","protected":false},"excerpt":{"rendered":"<div class=\"tmnf_excerpt\"><p>H\u00fcnfeld. Zum Wallfahrtsgottesdienst am Pfingstmontag, 01. Juni um 10 Uhr in der Kirche auf dem Gehilfersberg bei Rasdorf l\u00e4dt die Pfarrei Rasdorf herzlich ein. Die Festpredigt wird Pallottinerpater Siegfried Modenbach SAC, Dortmund halten, der auch der Eucharistie vorsteht. Pater Siegfried Modenbach, geb\u00fcrtig aus Steinbach bei Burghaun, ist Leiter des Katholischen Forums in Dortmund. Um auch &hellip;<\/p>\n<\/div>","protected":false},"author":1,"featured_media":0,"comment_status":"closed","ping_status":"closed","sticky":false,"template":"","format":"standard","meta":{"footnotes":""},"categories":[1,50],"tags":[],"class_list":["post-29666","post","type-post","status-publish","format-standard","hentry","category-startseite","category-kirche"],"_links":{"self":[{"href":"https:\/\/www.fuldaernachrichten.de\/index.php?rest_route=\/wp\/v2\/posts\/29666","targetHints":{"allow":["GET"]}}],"collection":[{"href":"https:\/\/www.fuldaernachrichten.de\/index.php?rest_route=\/wp\/v2\/posts"}],"about":[{"href":"https:\/\/www.fuldaernachrichten.de\/index.php?rest_route=\/wp\/v2\/types\/post"}],"author":[{"embeddable":true,"href":"https:\/\/www.fuldaernachrichten.de\/index.php?rest_route=\/wp\/v2\/users\/1"}],"replies":[{"embeddable":true,"href":"https:\/\/www.fuldaernachrichten.de\/index.php?rest_route=%2Fwp%2Fv2%2Fcomments&post=29666"}],"version-history":[{"count":4,"href":"https:\/\/www.fuldaernachrichten.de\/index.php?rest_route=\/wp\/v2\/posts\/29666\/revisions"}],"predecessor-version":[{"id":29677,"href":"https:\/\/www.fuldaernachrichten.de\/index.php?rest_route=\/wp\/v2\/posts\/29666\/revisions\/29677"}],"wp:attachment":[{"href":"https:\/\/www.fuldaernachrichten.de\/index.php?rest_route=%2Fwp%2Fv2%2Fmedia&parent=29666"}],"wp:term":[{"taxonomy":"category","embeddable":true,"href":"https:\/\/www.fuldaernachrichten.de\/index.php?rest_route=%2Fwp%2Fv2%2Fcategories&post=29666"},{"taxonomy":"post_tag","embeddable":true,"href":"https:\/\/www.fuldaernachrichten.de\/index.php?rest_route=%2Fwp%2Fv2%2Ftags&post=29666"}],"curies":[{"name":"wp","href":"https:\/\/api.w.org\/{rel}","templated":true}]}}