{"id":29629,"date":"2009-05-22T05:59:27","date_gmt":"2009-05-22T03:59:27","guid":{"rendered":"http:\/\/www.schoene-nachrichten.de\/?p=29629"},"modified":"2009-05-21T22:02:44","modified_gmt":"2009-05-21T20:02:44","slug":"gesundheitsforum-knoten-in-der-schilddruese-was-tun","status":"publish","type":"post","link":"https:\/\/www.fuldaernachrichten.de\/?p=29629","title":{"rendered":"Gesundheitsforum: \u201eKnoten in der Schilddr\u00fcse \u2013 was tun?\u201c"},"content":{"rendered":"<p><strong>Fulda. <\/strong>Im Rahmen der Gesundheitsforen des Klinikums Fulda findet am Mittwoch,\u00c2\u00a0 27.05.2009, von 17.00 bis 19.00 Uhr, eine H\u00f6rsaalveranstaltung zu dem Thema \u201eKnoten in der Schilddr\u00fcse \u2013 was tun?\u201c statt.<!--more--><\/p>\n<p><strong>H\u00e4ufige Erkrankung<\/strong><\/p>\n<p>Die Direktoren Priv.-Doz. Dr. Achim Hellinger (Direktor der Klinik f\u00fcr Allgemein- und Viszeralchirurgie),\u00c2\u00a0\u00c2\u00a0 Priv.-Doz. Dr. Andreas Hertel (Direktor der Nuklearmedizin) sowie Ober\u00e4rztin\u00c2\u00a0 Dr. Buhl-Heinrichs stellen im Rahmen der Informationsveranstaltung die Behandlung des Schilddr\u00fcsenknotens dar.<\/p>\n<p>Schilddr\u00fcsenerkrankungen sind in unserem Jodmangelgebiet h\u00e4ufig. Nach Sch\u00e4tzungen und Reihenuntersuchungen muss jeder dritte Erwachsene mit einem Knoten in der Schilddr\u00fcse rechnen. Viele dieser Knoten sind harmlos &#8211; einige jedoch nicht. Manche Knoten sind mit Beschwerden verkn\u00fcpft &#8211; viele nicht.<\/p>\n<p><strong>Wahlm\u00f6glichkeiten<\/strong><\/p>\n<p>Einige Schilddr\u00fcsenknoten m\u00fcssen behandelt werden, wenn sie zur \u00dcberfunktion f\u00fchren. Die Beschwerden sind vielf\u00e4ltig und schleichend &#8211; eine umfassende Untersuchung ist in jedem Falle sinnvoll. Manche Schilddr\u00fcsenknoten bergen ein kleines, aber messbares Risiko eines Schilddr\u00fcsentumors, auch diese m\u00fcssen behandelt werden. F\u00fcr Schilddr\u00fcsenknoten, die behandelt werden m\u00fcssen, stehen zwei Therapien zur Wahl:<\/p>\n<p><strong>1.<\/strong> Die Operation, die heutzutage schonend und mit geringem Risiko durchgef\u00fchrt wird.<br \/>\n<strong>2<\/strong>. Die Radiojodtherapie als schonendes Verfahren, wenn zwischen den Verfahren gew\u00e4hlt werden kann oder eine Operation nicht zugemutet werden kann.<\/p>\n<p>Die Veranstaltung findet im H\u00f6rsaal des Klinikums statt. Eine Anmeldung zu der Vortragsveranstaltung ist nicht erforderlich. Die Anzahl der Sitzpl\u00e4tze im H\u00f6rsaal ist begrenzt. Einlass ab 16.30 Uhr.<\/p>\n","protected":false},"excerpt":{"rendered":"<div class=\"tmnf_excerpt\"><p>Fulda. Im Rahmen der Gesundheitsforen des Klinikums Fulda findet am Mittwoch,\u00c2\u00a0 27.05.2009, von 17.00 bis 19.00 Uhr, eine H\u00f6rsaalveranstaltung zu dem Thema \u201eKnoten in der Schilddr\u00fcse \u2013 was tun?\u201c statt.<\/p>\n<\/div>","protected":false},"author":1,"featured_media":0,"comment_status":"closed","ping_status":"closed","sticky":false,"template":"","format":"standard","meta":{"footnotes":""},"categories":[1,53,51,48],"tags":[],"class_list":["post-29629","post","type-post","status-publish","format-standard","hentry","category-startseite","category-bildung","category-medizin","category-forschung"],"_links":{"self":[{"href":"https:\/\/www.fuldaernachrichten.de\/index.php?rest_route=\/wp\/v2\/posts\/29629","targetHints":{"allow":["GET"]}}],"collection":[{"href":"https:\/\/www.fuldaernachrichten.de\/index.php?rest_route=\/wp\/v2\/posts"}],"about":[{"href":"https:\/\/www.fuldaernachrichten.de\/index.php?rest_route=\/wp\/v2\/types\/post"}],"author":[{"embeddable":true,"href":"https:\/\/www.fuldaernachrichten.de\/index.php?rest_route=\/wp\/v2\/users\/1"}],"replies":[{"embeddable":true,"href":"https:\/\/www.fuldaernachrichten.de\/index.php?rest_route=%2Fwp%2Fv2%2Fcomments&post=29629"}],"version-history":[{"count":4,"href":"https:\/\/www.fuldaernachrichten.de\/index.php?rest_route=\/wp\/v2\/posts\/29629\/revisions"}],"predecessor-version":[{"id":29645,"href":"https:\/\/www.fuldaernachrichten.de\/index.php?rest_route=\/wp\/v2\/posts\/29629\/revisions\/29645"}],"wp:attachment":[{"href":"https:\/\/www.fuldaernachrichten.de\/index.php?rest_route=%2Fwp%2Fv2%2Fmedia&parent=29629"}],"wp:term":[{"taxonomy":"category","embeddable":true,"href":"https:\/\/www.fuldaernachrichten.de\/index.php?rest_route=%2Fwp%2Fv2%2Fcategories&post=29629"},{"taxonomy":"post_tag","embeddable":true,"href":"https:\/\/www.fuldaernachrichten.de\/index.php?rest_route=%2Fwp%2Fv2%2Ftags&post=29629"}],"curies":[{"name":"wp","href":"https:\/\/api.w.org\/{rel}","templated":true}]}}