{"id":29626,"date":"2009-05-22T05:56:56","date_gmt":"2009-05-22T03:56:56","guid":{"rendered":"http:\/\/www.schoene-nachrichten.de\/?p=29626"},"modified":"2009-05-21T22:03:14","modified_gmt":"2009-05-21T20:03:14","slug":"sommerfest-am-5-juni-auf-dem-gelaende-der-carisma-in-fulda-maberzell","status":"publish","type":"post","link":"https:\/\/www.fuldaernachrichten.de\/?p=29626","title":{"rendered":"Sommerfest am 5. Juni auf dem Gel\u00e4nde der Carisma in Fulda-Maberzell"},"content":{"rendered":"<p><strong>Fulda (cif). <\/strong>Unter dem Motto \u201eCarisma zum Anfassen\u201c l\u00e4dt die Einrichtung der Caritas mit Standort Zum Schulzenberg in Maberzell alle Menschen zum gro\u00dfen Sommerfest am Freitag, 5. Juni, von 12.00 bis 16.00 Uhr herzlich ein. Carisma bietet Arbeits- und Qualifizierungsangebote f\u00fcr Menschen, die wegen einer psychischen Erkrankung nicht am allgemeinen Arbeitsmarkt bestehen k\u00f6nnen. <!--more--><\/p>\n<p><strong>\u201eCarisma zum Anfassen\u201c<\/strong><\/p>\n<p>Die Besucher des Sommerfestes k\u00f6nnen sich in den Geb\u00e4uden umschauen und auf diese Weise zahlreiche Arbeitsfelder der Carisma kennenlernen: zum Beispiel die Montage oder die Kunstabteilung \u201eBuntWerk\u201c, oder auch den Imkereibedarfsverkauf, den zahlreiche Imker aus Rh\u00f6n und Vogelsberg regelm\u00e4\u00dfig nutzen. Dar\u00fcber hinaus gibt es beim Sommerfest eine Ausstellung von alten Ansichtspostkarten aus der Region Fulda, und nat\u00fcrlich ist reichlich f\u00fcr Essen, Trinken und z\u00fcnftige Begleitmusik durch die Trommelgruppe Carisma sowie die Liveband \u201eChris and me\u201c gesorgt. Auch Kinder sind herzlich willkommen. W\u00e4hrend ihre Eltern das Carisma-Gel\u00e4nde erkunden oder nach der Besichtigung bei Kaffee und Kuchen entspannen, k\u00f6nnen die Kleinen u. a. Kopfsteinpflaster bemalen oder beim Schminken mitmachen, den Sinnensgarten erlaufen, Fotobuttons selbst produzieren oder Luftballontiere machen lassen, die sie nat\u00fcrlich als Andenken mitnehmen d\u00fcrfen.<\/p>\n<p>Freitag, 5. Juni, ab 12.00 Uhr, Sommerfest Carisma, Zum Schulzenberg 12, 36041 Fulda-Maberzell\u00c2\u00a0 \u2013 das ganze Team der Carisma freut sich auf Ihren Besuch!<\/p>\n","protected":false},"excerpt":{"rendered":"<div class=\"tmnf_excerpt\"><p>Fulda (cif). Unter dem Motto \u201eCarisma zum Anfassen\u201c l\u00e4dt die Einrichtung der Caritas mit Standort Zum Schulzenberg in Maberzell alle Menschen zum gro\u00dfen Sommerfest am Freitag, 5. Juni, von 12.00 bis 16.00 Uhr herzlich ein. Carisma bietet Arbeits- und Qualifizierungsangebote f\u00fcr Menschen, die wegen einer psychischen Erkrankung nicht am allgemeinen Arbeitsmarkt bestehen k\u00f6nnen.<\/p>\n<\/div>","protected":false},"author":1,"featured_media":0,"comment_status":"closed","ping_status":"closed","sticky":false,"template":"","format":"standard","meta":{"footnotes":""},"categories":[1,44,29],"tags":[],"class_list":["post-29626","post","type-post","status-publish","format-standard","hentry","category-startseite","category-kultur","category-politik"],"_links":{"self":[{"href":"https:\/\/www.fuldaernachrichten.de\/index.php?rest_route=\/wp\/v2\/posts\/29626","targetHints":{"allow":["GET"]}}],"collection":[{"href":"https:\/\/www.fuldaernachrichten.de\/index.php?rest_route=\/wp\/v2\/posts"}],"about":[{"href":"https:\/\/www.fuldaernachrichten.de\/index.php?rest_route=\/wp\/v2\/types\/post"}],"author":[{"embeddable":true,"href":"https:\/\/www.fuldaernachrichten.de\/index.php?rest_route=\/wp\/v2\/users\/1"}],"replies":[{"embeddable":true,"href":"https:\/\/www.fuldaernachrichten.de\/index.php?rest_route=%2Fwp%2Fv2%2Fcomments&post=29626"}],"version-history":[{"count":3,"href":"https:\/\/www.fuldaernachrichten.de\/index.php?rest_route=\/wp\/v2\/posts\/29626\/revisions"}],"predecessor-version":[{"id":29646,"href":"https:\/\/www.fuldaernachrichten.de\/index.php?rest_route=\/wp\/v2\/posts\/29626\/revisions\/29646"}],"wp:attachment":[{"href":"https:\/\/www.fuldaernachrichten.de\/index.php?rest_route=%2Fwp%2Fv2%2Fmedia&parent=29626"}],"wp:term":[{"taxonomy":"category","embeddable":true,"href":"https:\/\/www.fuldaernachrichten.de\/index.php?rest_route=%2Fwp%2Fv2%2Fcategories&post=29626"},{"taxonomy":"post_tag","embeddable":true,"href":"https:\/\/www.fuldaernachrichten.de\/index.php?rest_route=%2Fwp%2Fv2%2Ftags&post=29626"}],"curies":[{"name":"wp","href":"https:\/\/api.w.org\/{rel}","templated":true}]}}