{"id":29606,"date":"2009-05-21T06:25:30","date_gmt":"2009-05-21T04:25:30","guid":{"rendered":"http:\/\/www.schoene-nachrichten.de\/?p=29606"},"modified":"2009-05-21T08:46:06","modified_gmt":"2009-05-21T06:46:06","slug":"dombaumeister-im-josefsgarten-lesung-fuldaer-koepfe-mit-michael-mott","status":"publish","type":"post","link":"https:\/\/www.fuldaernachrichten.de\/?p=29606","title":{"rendered":"Dombaumeister im Josefsgarten &#8211; Lesung \u201eFuldaer K\u00f6pfe\u201c mit Michael Mott"},"content":{"rendered":"<p><a href=\"http:\/\/www.schoene-nachrichten.de\/wp-content\/uploads\/2009\/05\/fuldaer-kpfe-web.jpg\"><img fetchpriority=\"high\" decoding=\"async\" class=\"alignnone size-thumbnail wp-image-29607\" title=\"Unternehmensgruppe Mediana     \" src=\"http:\/\/www.schoene-nachrichten.de\/wp-content\/uploads\/2009\/05\/fuldaer-kpfe-web-265x366.jpg\" alt=\"Unternehmensgruppe Mediana     \" hspace=\"5\" width=\"265\" height=\"366\" align=\"left\" srcset=\"https:\/\/www.fuldaernachrichten.de\/wp-content\/uploads\/2009\/05\/fuldaer-kpfe-web-265x366.jpg 265w, https:\/\/www.fuldaernachrichten.de\/wp-content\/uploads\/2009\/05\/fuldaer-kpfe-web.jpg 434w\" sizes=\"(max-width: 265px) 100vw, 265px\" \/><\/a><\/p>\n<p><strong>Fulda. <\/strong>Am Dienstag, 26.Mai um 17 Uhr liest Michael Mott aus seinem aktuellen Buch \u201eFuldaer K\u00f6pfe\u201c im Mehrgenerationenhaus Fulda- Josefsgarten. Die Ergebnisse der umfangreichen historischen Studien und Forschungen stellt der Fuldaer Heimatautor vor. Er l\u00e4sst in Ausz\u00fcgen die Lebensgeschichten der Pers\u00f6nlichkeiten aufleben und untermalt dies mit alten Fotografien und Skizzen. Gen\u00fcgend Zeit f\u00fcr Diskussionen und Buchsignaturen ist eingeplant. Der Eintritt ist frei.<\/p>\n","protected":false},"excerpt":{"rendered":"<div class=\"tmnf_excerpt\"><p>Fulda. Am Dienstag, 26.Mai um 17 Uhr liest Michael Mott aus seinem aktuellen Buch \u201eFuldaer K\u00f6pfe\u201c im Mehrgenerationenhaus Fulda- Josefsgarten. Die Ergebnisse der umfangreichen historischen Studien und Forschungen stellt der Fuldaer Heimatautor vor. Er l\u00e4sst in Ausz\u00fcgen die Lebensgeschichten der Pers\u00f6nlichkeiten aufleben und untermalt dies mit alten Fotografien und Skizzen. Gen\u00fcgend Zeit f\u00fcr Diskussionen und &hellip;<\/p>\n<\/div>","protected":false},"author":1,"featured_media":0,"comment_status":"closed","ping_status":"closed","sticky":false,"template":"","format":"standard","meta":{"footnotes":""},"categories":[1,53,44],"tags":[],"class_list":["post-29606","post","type-post","status-publish","format-standard","hentry","category-startseite","category-bildung","category-kultur"],"_links":{"self":[{"href":"https:\/\/www.fuldaernachrichten.de\/index.php?rest_route=\/wp\/v2\/posts\/29606","targetHints":{"allow":["GET"]}}],"collection":[{"href":"https:\/\/www.fuldaernachrichten.de\/index.php?rest_route=\/wp\/v2\/posts"}],"about":[{"href":"https:\/\/www.fuldaernachrichten.de\/index.php?rest_route=\/wp\/v2\/types\/post"}],"author":[{"embeddable":true,"href":"https:\/\/www.fuldaernachrichten.de\/index.php?rest_route=\/wp\/v2\/users\/1"}],"replies":[{"embeddable":true,"href":"https:\/\/www.fuldaernachrichten.de\/index.php?rest_route=%2Fwp%2Fv2%2Fcomments&post=29606"}],"version-history":[{"count":3,"href":"https:\/\/www.fuldaernachrichten.de\/index.php?rest_route=\/wp\/v2\/posts\/29606\/revisions"}],"predecessor-version":[{"id":29637,"href":"https:\/\/www.fuldaernachrichten.de\/index.php?rest_route=\/wp\/v2\/posts\/29606\/revisions\/29637"}],"wp:attachment":[{"href":"https:\/\/www.fuldaernachrichten.de\/index.php?rest_route=%2Fwp%2Fv2%2Fmedia&parent=29606"}],"wp:term":[{"taxonomy":"category","embeddable":true,"href":"https:\/\/www.fuldaernachrichten.de\/index.php?rest_route=%2Fwp%2Fv2%2Fcategories&post=29606"},{"taxonomy":"post_tag","embeddable":true,"href":"https:\/\/www.fuldaernachrichten.de\/index.php?rest_route=%2Fwp%2Fv2%2Ftags&post=29606"}],"curies":[{"name":"wp","href":"https:\/\/api.w.org\/{rel}","templated":true}]}}